{"id":57758,"date":"2026-09-04T01:31:00","date_gmt":"2026-09-04T04:31:00","guid":{"rendered":"https:\/\/diariodocomercio.com.br\/mix\/?p=57758"},"modified":"2026-09-03T17:35:29","modified_gmt":"2026-09-03T20:35:29","slug":"governo-toma-decisao-e-confirma-que-vai-cortar-impostos-no-brasil","status":"publish","type":"post","link":"https:\/\/diariodocomercio.com.br\/mix\/governo-toma-decisao-e-confirma-que-vai-cortar-impostos-no-brasil\/","title":{"rendered":"Governo toma decis\u00e3o e confirma que vai cortar impostos no Brasil"},"content":{"rendered":"\n<p class=\"wp-block-paragraph\">O funcionamento de aplicativos banc\u00e1rios, sistemas de intelig\u00eancia artificial e mecanismos de busca depende de uma infraestrutura que est\u00e1 longe dos olhos do usu\u00e1rio comum. As opera\u00e7\u00f5es s\u00e3o executadas em <strong>data centers,<\/strong> grandes estruturas repletas de servidores e computadores de alto desempenho. No Brasil, cerca de 60% dos dados e servi\u00e7os de IA s\u00e3o processados fora do pa\u00eds, segundo o Minist\u00e9rio da Fazenda.<\/p>\n\n\n\n<p class=\"wp-block-paragraph\">Para reverter essa depend\u00eancia externa, o Senado aprovou no dia 1\u00ba de setembro o Projeto de Lei 278\/2026, que institui o <strong>Regime Especial de Tributa\u00e7\u00e3o para Servi\u00e7os de Datacenter.<\/strong><\/p>\n\n\n\n<p class=\"wp-block-paragraph\">Como o texto j\u00e1 havia sido aprovado na C\u00e2mara dos Deputados em fevereiro e n\u00e3o sofreu altera\u00e7\u00f5es, a proposta segue diretamente para an\u00e1lise do presidente Luiz In\u00e1cio Lula da Silva, que tem 15 dias \u00fateis para sancionar ou vetar a medida.<\/p>\n\n\n\n<h2 class=\"wp-block-heading\">Custo elevado de instala\u00e7\u00e3o<\/h2>\n\n\n\n<p class=\"wp-block-paragraph\">O custo elevado para instalar data centers no Brasil est\u00e1 relacionado \u00e0 carga de impostos sobre equipamentos tecnol\u00f3gicos. A depend\u00eancia de estruturas no exterior afeta a velocidade das comunica\u00e7\u00f5es, reduz a competitividade das empresas nacionais e representa um risco \u00e0 soberania digital.<\/p>\n\n\n\n<p class=\"wp-block-paragraph\">O relator do projeto, senador <strong>Cid Gomes,<\/strong> afirmou \u00e0 <strong>Ag\u00eancia Senado<\/strong> que o pa\u00eds corre o risco de se tornar uma col\u00f4nia digital de plataformas estrangeiras sem investimentos locais.<\/p>\n\n\n\n<h2 class=\"wp-block-heading\">Benef\u00edcios fiscais<\/h2>\n\n\n\n<p class=\"wp-block-paragraph\">O Redata oferece benef\u00edcios fiscais para atrair empresas do setor. Durante cinco anos, os investidores ficam dispensados do pagamento de Imposto de Importa\u00e7\u00e3o, IPI, PIS\/Cofins e PIS\/Cofins-Importa\u00e7\u00e3o na compra de equipamentos. Se cumprirem as contrapartidas, a cobran\u00e7a suspensa \u00e9 perdoada.<\/p>\n\n\n\n<p class=\"wp-block-paragraph\">Conforme estimativa do Minist\u00e9rio da Fazenda, a ren\u00fancia fiscal \u00e9 de 5,2 bilh\u00f5es de reais em 2026, com redu\u00e7\u00e3o para 1 bilh\u00e3o nos anos seguintes.<\/p>\n\n\n\n<p class=\"wp-block-paragraph\">Para aderir ao programa, as empresas precisam utilizar energia renov\u00e1vel, estar em dia com as obriga\u00e7\u00f5es fiscais e obter aprova\u00e7\u00e3o do Minist\u00e9rio da Fazenda.&nbsp;<\/p>\n","protected":false},"excerpt":{"rendered":"<p>Texto j\u00e1 havia sido aprovado na C\u00e2mara dos Deputados. A proposta segue para an\u00e1lise do presidente Lula.<\/p>\n","protected":false},"author":12,"featured_media":14461,"comment_status":"closed","ping_status":"closed","sticky":false,"template":"","format":"standard","meta":{"jnews-multi-image_gallery":[],"jnews_single_post":{"format":"standard"},"jnews_primary_category":[],"jnews_social_meta":[],"jnews_post_split":[],"footnotes":""},"categories":[1],"tags":[],"class_list":["post-57758","post","type-post","status-publish","format-standard","has-post-thumbnail","hentry","category-geral"],"_referencia":"","_links":{"self":[{"href":"https:\/\/diariodocomercio.com.br\/mix\/wp-json\/wp\/v2\/posts\/57758","targetHints":{"allow":["GET"]}}],"collection":[{"href":"https:\/\/diariodocomercio.com.br\/mix\/wp-json\/wp\/v2\/posts"}],"about":[{"href":"https:\/\/diariodocomercio.com.br\/mix\/wp-json\/wp\/v2\/types\/post"}],"author":[{"embeddable":true,"href":"https:\/\/diariodocomercio.com.br\/mix\/wp-json\/wp\/v2\/users\/12"}],"replies":[{"embeddable":true,"href":"https:\/\/diariodocomercio.com.br\/mix\/wp-json\/wp\/v2\/comments?post=57758"}],"version-history":[{"count":2,"href":"https:\/\/diariodocomercio.com.br\/mix\/wp-json\/wp\/v2\/posts\/57758\/revisions"}],"predecessor-version":[{"id":57761,"href":"https:\/\/diariodocomercio.com.br\/mix\/wp-json\/wp\/v2\/posts\/57758\/revisions\/57761"}],"wp:featuredmedia":[{"embeddable":true,"href":"https:\/\/diariodocomercio.com.br\/mix\/wp-json\/wp\/v2\/media\/14461"}],"wp:attachment":[{"href":"https:\/\/diariodocomercio.com.br\/mix\/wp-json\/wp\/v2\/media?parent=57758"}],"wp:term":[{"taxonomy":"category","embeddable":true,"href":"https:\/\/diariodocomercio.com.br\/mix\/wp-json\/wp\/v2\/categories?post=57758"},{"taxonomy":"post_tag","embeddable":true,"href":"https:\/\/diariodocomercio.com.br\/mix\/wp-json\/wp\/v2\/tags?post=57758"}],"curies":[{"name":"wp","href":"https:\/\/api.w.org\/{rel}","templated":true}]}}