{"id":57762,"date":"2026-09-04T02:00:00","date_gmt":"2026-09-04T05:00:00","guid":{"rendered":"https:\/\/diariodocomercio.com.br\/mix\/?p=57762"},"modified":"2026-09-03T17:44:29","modified_gmt":"2026-09-03T20:44:29","slug":"ibge-revela-quantos-brasileiros-sao-cristaos-ateus-ou-nao-tem-religiao","status":"publish","type":"post","link":"https:\/\/diariodocomercio.com.br\/mix\/ibge-revela-quantos-brasileiros-sao-cristaos-ateus-ou-nao-tem-religiao\/","title":{"rendered":"IBGE revela quantos brasileiros s\u00e3o crist\u00e3os, ateus ou n\u00e3o t\u00eam religi\u00e3o"},"content":{"rendered":"\n<p class=\"wp-block-paragraph\">O Censo 2022, conduzido pelo <strong>IBGE<\/strong>, revelou mudan\u00e7as significativas na <strong>composi\u00e7\u00e3o religiosa do Brasil,<\/strong> destacando uma transforma\u00e7\u00e3o nos segmentos de f\u00e9. Realizado nacionalmente, o levantamento demonstrou que, embora 86,9% dos brasileiros ainda se identifiquem como crist\u00e3os, outras afilia\u00e7\u00f5es est\u00e3o em mudan\u00e7a. Essa tend\u00eancia foi comparada com dados anteriores.<\/p>\n\n\n\n<p class=\"wp-block-paragraph\">Os <strong>cat\u00f3licos<\/strong> representam agora <strong>57% da popula\u00e7\u00e3o<\/strong>, equivalente a 100,6 milh\u00f5es de adeptos. Esse n\u00famero mostra uma redu\u00e7\u00e3o cont\u00ednua desde 2000, quando 74,4% dos brasileiros se declaravam cat\u00f3licos.<\/p>\n\n\n\n<p class=\"wp-block-paragraph\">J\u00e1 os evang\u00e9licos aumentaram sua propor\u00e7\u00e3o para 26,9% da popula\u00e7\u00e3o, refletindo tend\u00eancias de crescimento dessas denomina\u00e7\u00f5es.<\/p>\n\n\n\n<h2 class=\"wp-block-heading\">Altera\u00e7\u00f5es nos grupos evang\u00e9licos<\/h2>\n\n\n\n<p class=\"wp-block-paragraph\">Dentro dos grupos evang\u00e9licos, destaca-se o aumento dos evang\u00e9licos que n\u00e3o especificam uma denomina\u00e7\u00e3o, agora constituindo 15,6% da popula\u00e7\u00e3o. Em 2010, essa categoria representava apenas 4,8%.<\/p>\n\n\n\n<p class=\"wp-block-paragraph\">Os pentecostais, por sua vez, incluindo Assembleias de Deus e a Igreja Universal do Reino de Deus, representam 8,1% dos brasileiros.&nbsp;<\/p>\n\n\n\n<h2 class=\"wp-block-heading\">Desafios na coleta de dados religiosos<\/h2>\n\n\n\n<p class=\"wp-block-paragraph\">Dificuldades na coleta de dados podem ter influenciado os resultados do Censo 2022. Houve aus\u00eancia de diretrizes claras para evitar respostas gen\u00e9ricas, resultando em algumas varia\u00e7\u00f5es nos registros, especialmente entre diferentes grupos evang\u00e9licos.<\/p>\n\n\n\n<p class=\"wp-block-paragraph\">Fora do cristianismo, <strong>1,7 milh\u00e3o de brasileiros declararam-se ateus,<\/strong> enquanto 16,4 milh\u00f5es afirmaram n\u00e3o ter religi\u00e3o. Embora sejam em menor n\u00famero, esses grupos evidenciam a diversidade crescente do cen\u00e1rio religioso brasileiro.<\/p>\n\n\n\n<p class=\"wp-block-paragraph\">At\u00e9 o pr\u00f3ximo levantamento em 2030, o pa\u00eds continuar\u00e1 observando como essas mudan\u00e7as se manifestam, refletindo transforma\u00e7\u00f5es sociais e culturais profundas.<\/p>\n","protected":false},"excerpt":{"rendered":"<p>Censo conduzido pelo IBGE revelou mudan\u00e7as significativas na composi\u00e7\u00e3o religiosa do Brasil.<\/p>\n","protected":false},"author":12,"featured_media":18190,"comment_status":"closed","ping_status":"closed","sticky":false,"template":"","format":"standard","meta":{"jnews-multi-image_gallery":[],"jnews_single_post":{"format":"standard"},"jnews_primary_category":[],"jnews_social_meta":[],"jnews_post_split":[],"footnotes":""},"categories":[1],"tags":[],"class_list":["post-57762","post","type-post","status-publish","format-standard","has-post-thumbnail","hentry","category-geral"],"_referencia":"","_links":{"self":[{"href":"https:\/\/diariodocomercio.com.br\/mix\/wp-json\/wp\/v2\/posts\/57762","targetHints":{"allow":["GET"]}}],"collection":[{"href":"https:\/\/diariodocomercio.com.br\/mix\/wp-json\/wp\/v2\/posts"}],"about":[{"href":"https:\/\/diariodocomercio.com.br\/mix\/wp-json\/wp\/v2\/types\/post"}],"author":[{"embeddable":true,"href":"https:\/\/diariodocomercio.com.br\/mix\/wp-json\/wp\/v2\/users\/12"}],"replies":[{"embeddable":true,"href":"https:\/\/diariodocomercio.com.br\/mix\/wp-json\/wp\/v2\/comments?post=57762"}],"version-history":[{"count":1,"href":"https:\/\/diariodocomercio.com.br\/mix\/wp-json\/wp\/v2\/posts\/57762\/revisions"}],"predecessor-version":[{"id":57763,"href":"https:\/\/diariodocomercio.com.br\/mix\/wp-json\/wp\/v2\/posts\/57762\/revisions\/57763"}],"wp:featuredmedia":[{"embeddable":true,"href":"https:\/\/diariodocomercio.com.br\/mix\/wp-json\/wp\/v2\/media\/18190"}],"wp:attachment":[{"href":"https:\/\/diariodocomercio.com.br\/mix\/wp-json\/wp\/v2\/media?parent=57762"}],"wp:term":[{"taxonomy":"category","embeddable":true,"href":"https:\/\/diariodocomercio.com.br\/mix\/wp-json\/wp\/v2\/categories?post=57762"},{"taxonomy":"post_tag","embeddable":true,"href":"https:\/\/diariodocomercio.com.br\/mix\/wp-json\/wp\/v2\/tags?post=57762"}],"curies":[{"name":"wp","href":"https:\/\/api.w.org\/{rel}","templated":true}]}}