{"id":57764,"date":"2026-09-05T23:46:00","date_gmt":"2026-09-06T02:46:00","guid":{"rendered":"https:\/\/diariodocomercio.com.br\/mix\/?p=57764"},"modified":"2026-09-03T17:51:19","modified_gmt":"2026-09-03T20:51:19","slug":"dinheiro-extra-e-liberado-pelo-governo-para-trabalhadores-que-fazem-aniversario-em-setembro","status":"publish","type":"post","link":"https:\/\/diariodocomercio.com.br\/mix\/dinheiro-extra-e-liberado-pelo-governo-para-trabalhadores-que-fazem-aniversario-em-setembro\/","title":{"rendered":"Dinheiro extra \u00e9 liberado pelo governo para trabalhadores que fazem anivers\u00e1rio em setembro"},"content":{"rendered":"\n<p class=\"wp-block-paragraph\">Os trabalhadores <strong>nascidos em setembro<\/strong> que aderiram ao <strong>saque-anivers\u00e1rio do FGTS<\/strong> j\u00e1 podem retirar parte do saldo de suas contas. A libera\u00e7\u00e3o come\u00e7ou no dia 1\u00ba de setembro e o prazo para movimenta\u00e7\u00e3o dos valores vai at\u00e9 30 de novembro de 2026.<\/p>\n\n\n\n<p class=\"wp-block-paragraph\">A modalidade permite que o empregado realize uma retirada anual de uma parcela do saldo dispon\u00edvel em contas ativas ou inativas, conforme o m\u00eas de anivers\u00e1rio.<\/p>\n\n\n\n<p class=\"wp-block-paragraph\">Quem n\u00e3o aderiu a essa op\u00e7\u00e3o permanece vinculado ao saque-rescis\u00e3o, que libera o valor integral da conta apenas em caso de demiss\u00e3o sem justa causa. Para realizar a retirada, o trabalhador precisa ter saldo dispon\u00edvel e ter feito a ades\u00e3o formal \u00e0 modalidade.<\/p>\n\n\n\n<p class=\"wp-block-paragraph\">Caso o saque n\u00e3o seja efetuado dentro do prazo, o valor retorna \u00e0 conta do FGTS e s\u00f3 poder\u00e1 ser movimentado novamente nas situa\u00e7\u00f5es previstas em lei, como demiss\u00e3o, aposentadoria, compra da casa pr\u00f3pria ou outras exce\u00e7\u00f5es autorizadas.<\/p>\n\n\n\n<p class=\"wp-block-paragraph\">Os aniversariantes de janeiro a junho j\u00e1 tiveram seus per\u00edodos de saque encerrados. Os nascidos em julho e agosto ainda est\u00e3o no prazo para retirar os valores. O calend\u00e1rio completo, com as datas para todos os meses, est\u00e1 dispon\u00edvel nos canais oficiais da Caixa Econ\u00f4mica Federal.<\/p>\n\n\n\n<h2 class=\"wp-block-heading\">Consulta<\/h2>\n\n\n\n<p class=\"wp-block-paragraph\">As consultas ao saldo e \u00e0s condi\u00e7\u00f5es para o saque podem ser feitas pelo <strong>aplicativo FGTS<\/strong> ou pelo <strong>site da Caixa<\/strong>. O trabalhador tamb\u00e9m pode verificar se h\u00e1 valores a receber e qual o prazo limite para cada m\u00eas de nascimento.<\/p>\n\n\n\n<p class=\"wp-block-paragraph\">A diferen\u00e7a entre as duas modalidades \u00e9 um ponto importante. No saque-anivers\u00e1rio, o trabalhador que opta por essa regra e \u00e9 demitido sem justa causa perde o direito de sacar o saldo total da conta, ficando apenas com a multa rescis\u00f3ria. J\u00e1 no saque-rescis\u00e3o, o empregado demitido sem justa causa tem acesso ao valor integral da conta, al\u00e9m da multa.<\/p>\n","protected":false},"excerpt":{"rendered":"<p>As consultas ao saldo e \u00e0s condi\u00e7\u00f5es para o saque podem ser feitas por aplicativo e site.<\/p>\n","protected":false},"author":12,"featured_media":11602,"comment_status":"closed","ping_status":"closed","sticky":false,"template":"","format":"standard","meta":{"jnews-multi-image_gallery":[],"jnews_single_post":{"format":"standard"},"jnews_primary_category":[],"jnews_social_meta":[],"jnews_post_split":[],"footnotes":""},"categories":[1],"tags":[],"class_list":["post-57764","post","type-post","status-publish","format-standard","has-post-thumbnail","hentry","category-geral"],"_referencia":"","_links":{"self":[{"href":"https:\/\/diariodocomercio.com.br\/mix\/wp-json\/wp\/v2\/posts\/57764","targetHints":{"allow":["GET"]}}],"collection":[{"href":"https:\/\/diariodocomercio.com.br\/mix\/wp-json\/wp\/v2\/posts"}],"about":[{"href":"https:\/\/diariodocomercio.com.br\/mix\/wp-json\/wp\/v2\/types\/post"}],"author":[{"embeddable":true,"href":"https:\/\/diariodocomercio.com.br\/mix\/wp-json\/wp\/v2\/users\/12"}],"replies":[{"embeddable":true,"href":"https:\/\/diariodocomercio.com.br\/mix\/wp-json\/wp\/v2\/comments?post=57764"}],"version-history":[{"count":1,"href":"https:\/\/diariodocomercio.com.br\/mix\/wp-json\/wp\/v2\/posts\/57764\/revisions"}],"predecessor-version":[{"id":57765,"href":"https:\/\/diariodocomercio.com.br\/mix\/wp-json\/wp\/v2\/posts\/57764\/revisions\/57765"}],"wp:featuredmedia":[{"embeddable":true,"href":"https:\/\/diariodocomercio.com.br\/mix\/wp-json\/wp\/v2\/media\/11602"}],"wp:attachment":[{"href":"https:\/\/diariodocomercio.com.br\/mix\/wp-json\/wp\/v2\/media?parent=57764"}],"wp:term":[{"taxonomy":"category","embeddable":true,"href":"https:\/\/diariodocomercio.com.br\/mix\/wp-json\/wp\/v2\/categories?post=57764"},{"taxonomy":"post_tag","embeddable":true,"href":"https:\/\/diariodocomercio.com.br\/mix\/wp-json\/wp\/v2\/tags?post=57764"}],"curies":[{"name":"wp","href":"https:\/\/api.w.org\/{rel}","templated":true}]}}