{"id":57766,"date":"2026-09-06T00:28:00","date_gmt":"2026-09-06T03:28:00","guid":{"rendered":"https:\/\/diariodocomercio.com.br\/mix\/?p=57766"},"modified":"2026-09-03T18:01:45","modified_gmt":"2026-09-03T21:01:45","slug":"especialistas-pedem-que-brasileiros-se-preparem-para-fenomeno-de-7c-no-feriado-do-dia-07-09","status":"publish","type":"post","link":"https:\/\/diariodocomercio.com.br\/mix\/especialistas-pedem-que-brasileiros-se-preparem-para-fenomeno-de-7c-no-feriado-do-dia-07-09\/","title":{"rendered":"Especialistas pedem que brasileiros se preparem para fen\u00f4meno de -7\u00b0C no feriado do dia 07\/09"},"content":{"rendered":"\n<p class=\"wp-block-paragraph\">A previs\u00e3o do tempo para os pr\u00f3ximos dias indica uma <strong>mudan\u00e7a brusca no clima do Centro-Sul do pa\u00eds.<\/strong> Ap\u00f3s dias consecutivos de chuvas em diversas regi\u00f5es, a chegada de uma massa de ar polar deve derrubar as temperaturas a partir deste domingo, 6, com m\u00ednimas que podem chegar a <strong>-7\u00b0C<\/strong> na segunda-feira, 7, feriado da Independ\u00eancia, conforme alerta o meteorologista <strong>Ronaldo Coutinho<\/strong> em entrevista ao <strong>ND Mais.<\/strong><\/p>\n\n\n\n<p class=\"wp-block-paragraph\">Neste domingo, 6, a tend\u00eancia \u00e9 de tempo mais est\u00e1vel na Regi\u00e3o Sul, com chuva apenas em pontos isolados, segundo Coutinho. A passagem da frente fria j\u00e1 ocorreu, e o sistema come\u00e7a a se afastar do continente. Com o afastamento do sistema, o tempo volta a ficar firme em boa parte do pa\u00eds na segunda-feira, feriado.<\/p>\n\n\n\n<p class=\"wp-block-paragraph\">De acordo com o meteorologista, o tempo seco predomina em toda a Regi\u00e3o Sul na segunda-feira. Em S\u00e3o Paulo, Rio de Janeiro, Esp\u00edrito Santo, Minas Gerais, sul da Bahia, Goi\u00e1s e no Distrito Federal, ainda podem ocorrer pancadas isoladas de chuva.<\/p>\n\n\n\n<h2 class=\"wp-block-heading\">Frio intenso<\/h2>\n\n\n\n<p class=\"wp-block-paragraph\">O frio intenso come\u00e7a a se fazer sentir j\u00e1 no amanhecer deste domingo, 6, com temperaturas abaixo de 0\u00b0C em diversas \u00e1reas da Regi\u00e3o Sul, de acordo com Ronaldo Coutinho.<\/p>\n\n\n\n<p class=\"wp-block-paragraph\">Na segunda-feira, o frio ganha ainda mais for\u00e7a, com m\u00ednimas que podem atingir -7\u00b0C, enquanto o vento sul intensifica a sensa\u00e7\u00e3o t\u00e9rmica em v\u00e1rias regi\u00f5es.<\/p>\n\n\n\n<p class=\"wp-block-paragraph\">Coutinho alertou ao ND Mais que a combina\u00e7\u00e3o de baixas temperaturas e vento pode trazer desconforto significativo para a popula\u00e7\u00e3o, especialmente nas \u00e1reas mais elevadas da Serra Ga\u00facha e da Serra Catarinense.<\/p>\n","protected":false},"excerpt":{"rendered":"<p>A previs\u00e3o do tempo para os pr\u00f3ximos dias indica uma mudan\u00e7a brusca no clima.<\/p>\n","protected":false},"author":12,"featured_media":13451,"comment_status":"closed","ping_status":"closed","sticky":false,"template":"","format":"standard","meta":{"jnews-multi-image_gallery":[],"jnews_single_post":{"format":"standard"},"jnews_primary_category":[],"jnews_social_meta":[],"jnews_post_split":[],"footnotes":""},"categories":[1],"tags":[],"class_list":["post-57766","post","type-post","status-publish","format-standard","has-post-thumbnail","hentry","category-geral"],"_referencia":"","_links":{"self":[{"href":"https:\/\/diariodocomercio.com.br\/mix\/wp-json\/wp\/v2\/posts\/57766","targetHints":{"allow":["GET"]}}],"collection":[{"href":"https:\/\/diariodocomercio.com.br\/mix\/wp-json\/wp\/v2\/posts"}],"about":[{"href":"https:\/\/diariodocomercio.com.br\/mix\/wp-json\/wp\/v2\/types\/post"}],"author":[{"embeddable":true,"href":"https:\/\/diariodocomercio.com.br\/mix\/wp-json\/wp\/v2\/users\/12"}],"replies":[{"embeddable":true,"href":"https:\/\/diariodocomercio.com.br\/mix\/wp-json\/wp\/v2\/comments?post=57766"}],"version-history":[{"count":1,"href":"https:\/\/diariodocomercio.com.br\/mix\/wp-json\/wp\/v2\/posts\/57766\/revisions"}],"predecessor-version":[{"id":57769,"href":"https:\/\/diariodocomercio.com.br\/mix\/wp-json\/wp\/v2\/posts\/57766\/revisions\/57769"}],"wp:featuredmedia":[{"embeddable":true,"href":"https:\/\/diariodocomercio.com.br\/mix\/wp-json\/wp\/v2\/media\/13451"}],"wp:attachment":[{"href":"https:\/\/diariodocomercio.com.br\/mix\/wp-json\/wp\/v2\/media?parent=57766"}],"wp:term":[{"taxonomy":"category","embeddable":true,"href":"https:\/\/diariodocomercio.com.br\/mix\/wp-json\/wp\/v2\/categories?post=57766"},{"taxonomy":"post_tag","embeddable":true,"href":"https:\/\/diariodocomercio.com.br\/mix\/wp-json\/wp\/v2\/tags?post=57766"}],"curies":[{"name":"wp","href":"https:\/\/api.w.org\/{rel}","templated":true}]}}