{"id":57770,"date":"2026-09-06T01:07:00","date_gmt":"2026-09-06T04:07:00","guid":{"rendered":"https:\/\/diariodocomercio.com.br\/mix\/?p=57770"},"modified":"2026-09-03T18:07:44","modified_gmt":"2026-09-03T21:07:44","slug":"trabalhador-e-obrigado-a-mudar-cabelo-e-barba-para-manter-emprego-e-justica-manda-empresa-pagar-r-20-mil","status":"publish","type":"post","link":"https:\/\/diariodocomercio.com.br\/mix\/trabalhador-e-obrigado-a-mudar-cabelo-e-barba-para-manter-emprego-e-justica-manda-empresa-pagar-r-20-mil\/","title":{"rendered":"Trabalhador \u00e9 obrigado a mudar cabelo e barba para manter emprego e Justi\u00e7a manda empresa pagar R$ 20 mil"},"content":{"rendered":"\n<p class=\"wp-block-paragraph\">Em S\u00e3o Paulo, um <strong>fiscal de loja<\/strong> que n\u00e3o teve seu nome divulgado conquistou uma vit\u00f3ria judicial, trazendo \u00e0 tona o debate sobre discrimina\u00e7\u00e3o est\u00e9tica no ambiente de trabalho. Em 2026, o trabalhador foi <strong>obrigado a cortar cabelo e barba<\/strong> para se adequar \u00e0s exig\u00eancias da empresa, mas a Justi\u00e7a do Trabalho reconheceu o caso de rescis\u00e3o indireta de contrato. Segundo a decis\u00e3o, a imposi\u00e7\u00e3o ultrapassava o poder do empregador e caracterizava discrimina\u00e7\u00e3o est\u00e9tica.<\/p>\n\n\n\n<p class=\"wp-block-paragraph\">A situa\u00e7\u00e3o teve in\u00edcio quando o fiscal foi retirado de seu posto e levado a uma barbearia, apesar de j\u00e1 estar com cabelo e barba aparados. O tribunal concluiu que n\u00e3o havia justificativa de higiene ou seguran\u00e7a para tal exig\u00eancia, revelando discrimina\u00e7\u00e3o racial e est\u00e9tica.<\/p>\n\n\n\n<h2 class=\"wp-block-heading\">Decis\u00e3o judicial&nbsp;<\/h2>\n\n\n\n<p class=\"wp-block-paragraph\">A decis\u00e3o da ju\u00edza da 34\u00aa Vara do Trabalho de S\u00e3o Paulo reconheceu a viola\u00e7\u00e3o \u00e0 dignidade do trabalhador. Assim, foi determinada a rescis\u00e3o indireta do contrato. A empresa foi condenada a <strong>pagar R$ 20 mil por danos morais<\/strong> e todas as verbas rescis\u00f3rias devidas.<\/p>\n\n\n\n<p class=\"wp-block-paragraph\">Este caso lan\u00e7a uma reflex\u00e3o sobre a discrimina\u00e7\u00e3o no ambiente de trabalho, sublinhando a import\u00e2ncia de pr\u00e1ticas equitativas. Espera-se que a senten\u00e7a sirva de alerta para outras empresas e promova o respeito e a n\u00e3o discrimina\u00e7\u00e3o nas rela\u00e7\u00f5es laborais.<\/p>\n\n\n\n<p class=\"wp-block-paragraph\">Com o caso ganhando destaque em 2026, muitos esperam que ele pavimente o caminho para futuras reivindica\u00e7\u00f5es judiciais, incentivando um mercado de trabalho mais inclusivo.<\/p>\n","protected":false},"excerpt":{"rendered":"<p>Um fiscal de loja que n\u00e3o teve seu nome divulgado conquistou uma vit\u00f3ria judicial.<\/p>\n","protected":false},"author":12,"featured_media":23304,"comment_status":"closed","ping_status":"closed","sticky":false,"template":"","format":"standard","meta":{"jnews-multi-image_gallery":[],"jnews_single_post":{"format":"standard"},"jnews_primary_category":[],"jnews_social_meta":[],"jnews_post_split":[],"footnotes":""},"categories":[1],"tags":[],"class_list":["post-57770","post","type-post","status-publish","format-standard","has-post-thumbnail","hentry","category-geral"],"_referencia":"","_links":{"self":[{"href":"https:\/\/diariodocomercio.com.br\/mix\/wp-json\/wp\/v2\/posts\/57770","targetHints":{"allow":["GET"]}}],"collection":[{"href":"https:\/\/diariodocomercio.com.br\/mix\/wp-json\/wp\/v2\/posts"}],"about":[{"href":"https:\/\/diariodocomercio.com.br\/mix\/wp-json\/wp\/v2\/types\/post"}],"author":[{"embeddable":true,"href":"https:\/\/diariodocomercio.com.br\/mix\/wp-json\/wp\/v2\/users\/12"}],"replies":[{"embeddable":true,"href":"https:\/\/diariodocomercio.com.br\/mix\/wp-json\/wp\/v2\/comments?post=57770"}],"version-history":[{"count":1,"href":"https:\/\/diariodocomercio.com.br\/mix\/wp-json\/wp\/v2\/posts\/57770\/revisions"}],"predecessor-version":[{"id":57771,"href":"https:\/\/diariodocomercio.com.br\/mix\/wp-json\/wp\/v2\/posts\/57770\/revisions\/57771"}],"wp:featuredmedia":[{"embeddable":true,"href":"https:\/\/diariodocomercio.com.br\/mix\/wp-json\/wp\/v2\/media\/23304"}],"wp:attachment":[{"href":"https:\/\/diariodocomercio.com.br\/mix\/wp-json\/wp\/v2\/media?parent=57770"}],"wp:term":[{"taxonomy":"category","embeddable":true,"href":"https:\/\/diariodocomercio.com.br\/mix\/wp-json\/wp\/v2\/categories?post=57770"},{"taxonomy":"post_tag","embeddable":true,"href":"https:\/\/diariodocomercio.com.br\/mix\/wp-json\/wp\/v2\/tags?post=57770"}],"curies":[{"name":"wp","href":"https:\/\/api.w.org\/{rel}","templated":true}]}}