{"id":57777,"date":"2026-09-03T18:22:49","date_gmt":"2026-09-03T21:22:49","guid":{"rendered":"https:\/\/diariodocomercio.com.br\/mix\/?p=57777"},"modified":"2026-09-03T18:22:52","modified_gmt":"2026-09-03T21:22:52","slug":"brasileiros-com-pendencia-no-cpf-podem-ter-documento-bloqueado-por-orgao-do-governo","status":"publish","type":"post","link":"https:\/\/diariodocomercio.com.br\/mix\/brasileiros-com-pendencia-no-cpf-podem-ter-documento-bloqueado-por-orgao-do-governo\/","title":{"rendered":"Brasileiros com pend\u00eancia no CPF podem ter documento bloqueado por \u00f3rg\u00e3o do governo"},"content":{"rendered":"\n<p class=\"wp-block-paragraph\">A partir de 2026, muitos <strong>motoristas brasileiros<\/strong> devem prestar aten\u00e7\u00e3o: a <strong>Carteira Nacional de Habilita\u00e7\u00e3o<\/strong> (CNH) est\u00e1 sujeita a <strong>bloqueios<\/strong> devido a pend\u00eancias no CPF. Essa medida tem como objetivo garantir que o cadastro de motoristas esteja em conformidade com a Receita Federal.<\/p>\n\n\n\n<p class=\"wp-block-paragraph\">O bloqueio pode ser enfrentado ao tentar renovar a habilita\u00e7\u00e3o, emitir uma segunda via ou atualizar dados pessoais. A implementa\u00e7\u00e3o dessa regra est\u00e1 confirmada no estado de Goi\u00e1s, entre outros.<\/p>\n\n\n\n<p class=\"wp-block-paragraph\">No estado de Goi\u00e1s, o Departamento Estadual de Tr\u00e2nsito (Detran) j\u00e1 executa a verifica\u00e7\u00e3o do CPF. Caso o motorista apresente irregularidades no cadastro, o atendimento \u00e9 interrompido at\u00e9 que a quest\u00e3o seja resolvida. A iniciativa evidencia a import\u00e2ncia do CPF como principal identificador no Brasil e a necessidade de mant\u00ea-lo atualizado para evitar complica\u00e7\u00f5es.<\/p>\n\n\n\n<h2 class=\"wp-block-heading\">Efeitos do bloqueio<\/h2>\n\n\n\n<p class=\"wp-block-paragraph\">O bloqueio da CNH <strong>n\u00e3o anula a habilita\u00e7\u00e3o v\u00e1lida,<\/strong> mas impede a execu\u00e7\u00e3o de novos procedimentos relacionados ao documento. Isso pode gerar problemas para aqueles que dependem da CNH para suas atividades cotidianas ou profissionais. No caso de diverg\u00eancias como nome ou data de nascimento, \u00e9 essencial realizar as corre\u00e7\u00f5es nos registros competentes.<\/p>\n\n\n\n<p class=\"wp-block-paragraph\">Desde a integra\u00e7\u00e3o dos sistemas p\u00fablicos permitida pela Lei Federal n\u00ba 14.534 de 2023, tem havido um maior cruzamento de dados entre os \u00f3rg\u00e3os. Tal mudan\u00e7a aumentou a percep\u00e7\u00e3o de inconsist\u00eancias e ressaltou a necessidade de regularizar o CPF para evitar interrup\u00e7\u00f5es nos servi\u00e7os.<\/p>\n\n\n\n<h2 class=\"wp-block-heading\">Prevenindo problemas<\/h2>\n\n\n\n<p class=\"wp-block-paragraph\">Para prevenir complica\u00e7\u00f5es no futuro, \u00e9 recomend\u00e1vel que motoristas verifiquem regularmente a situa\u00e7\u00e3o do CPF junto \u00e0 Receita Federal. Pequenos erros, como n\u00e3o atualizar mudan\u00e7as de sobrenome, podem resultar em bloqueios. A Receita disp\u00f5e de ferramentas para regulariza\u00e7\u00e3o do CPF, o que facilita o cumprimento dos requisitos para o uso de servi\u00e7os governamentais.<\/p>\n","protected":false},"excerpt":{"rendered":"<p>Desde a integra\u00e7\u00e3o dos sistemas p\u00fablicos permitida pela Lei Federal n\u00ba 14.534 de 2023, tem havido um maior cruzamento de dados.<\/p>\n","protected":false},"author":12,"featured_media":28896,"comment_status":"closed","ping_status":"closed","sticky":false,"template":"","format":"standard","meta":{"jnews-multi-image_gallery":[],"jnews_single_post":{"format":"standard"},"jnews_primary_category":[],"jnews_social_meta":[],"jnews_post_split":[],"footnotes":""},"categories":[1],"tags":[],"class_list":["post-57777","post","type-post","status-publish","format-standard","has-post-thumbnail","hentry","category-geral"],"_referencia":"","_links":{"self":[{"href":"https:\/\/diariodocomercio.com.br\/mix\/wp-json\/wp\/v2\/posts\/57777","targetHints":{"allow":["GET"]}}],"collection":[{"href":"https:\/\/diariodocomercio.com.br\/mix\/wp-json\/wp\/v2\/posts"}],"about":[{"href":"https:\/\/diariodocomercio.com.br\/mix\/wp-json\/wp\/v2\/types\/post"}],"author":[{"embeddable":true,"href":"https:\/\/diariodocomercio.com.br\/mix\/wp-json\/wp\/v2\/users\/12"}],"replies":[{"embeddable":true,"href":"https:\/\/diariodocomercio.com.br\/mix\/wp-json\/wp\/v2\/comments?post=57777"}],"version-history":[{"count":1,"href":"https:\/\/diariodocomercio.com.br\/mix\/wp-json\/wp\/v2\/posts\/57777\/revisions"}],"predecessor-version":[{"id":57778,"href":"https:\/\/diariodocomercio.com.br\/mix\/wp-json\/wp\/v2\/posts\/57777\/revisions\/57778"}],"wp:featuredmedia":[{"embeddable":true,"href":"https:\/\/diariodocomercio.com.br\/mix\/wp-json\/wp\/v2\/media\/28896"}],"wp:attachment":[{"href":"https:\/\/diariodocomercio.com.br\/mix\/wp-json\/wp\/v2\/media?parent=57777"}],"wp:term":[{"taxonomy":"category","embeddable":true,"href":"https:\/\/diariodocomercio.com.br\/mix\/wp-json\/wp\/v2\/categories?post=57777"},{"taxonomy":"post_tag","embeddable":true,"href":"https:\/\/diariodocomercio.com.br\/mix\/wp-json\/wp\/v2\/tags?post=57777"}],"curies":[{"name":"wp","href":"https:\/\/api.w.org\/{rel}","templated":true}]}}