{"id":57779,"date":"2026-09-04T03:32:00","date_gmt":"2026-09-04T06:32:00","guid":{"rendered":"https:\/\/diariodocomercio.com.br\/mix\/?p=57779"},"modified":"2026-09-03T18:33:20","modified_gmt":"2026-09-03T21:33:20","slug":"motorista-estaciona-em-frente-a-propria-garagem-e-e-surpreendido-com-multa-por-lei-que-muitos-brasileiros-nao-conhecem","status":"publish","type":"post","link":"https:\/\/diariodocomercio.com.br\/mix\/motorista-estaciona-em-frente-a-propria-garagem-e-e-surpreendido-com-multa-por-lei-que-muitos-brasileiros-nao-conhecem\/","title":{"rendered":"Motorista estaciona em frente \u00e0 pr\u00f3pria garagem e \u00e9 surpreendido com multa por lei que muitos brasileiros n\u00e3o conhecem"},"content":{"rendered":"\n<p class=\"wp-block-paragraph\">Um morador de <strong>Guarulhos<\/strong>, S\u00e3o Paulo, foi <strong>multado por estacionar seu carro em frente \u00e0 pr\u00f3pria garagem.<\/strong> O ve\u00edculo foi autuado por um guarda de tr\u00e2nsito por obstru\u00e7\u00e3o de via p\u00fablica, gerando indigna\u00e7\u00e3o no motorista, que decidiu tornar o caso p\u00fablico. As informa\u00e7\u00f5es s\u00e3o do Portal Tempo Novo.<\/p>\n\n\n\n<p class=\"wp-block-paragraph\">A legisla\u00e7\u00e3o brasileira \u00e9 clara: estacionar diante de guias rebaixadas \u00e9 uma infra\u00e7\u00e3o, mesmo sendo a pr\u00f3pria garagem do motorista. Essa norma, conforme o C\u00f3digo de Tr\u00e2nsito Brasileiro, se aplica a todos.<\/p>\n\n\n\n<p class=\"wp-block-paragraph\">No entanto, o condutor argumenta que o Manual Brasileiro de Fiscaliza\u00e7\u00e3o de Tr\u00e2nsito orienta a an\u00e1lise do contexto antes de aplicar penalidades. Elementos como a aus\u00eancia de reclama\u00e7\u00f5es e bloqueios diretos podem ser considerados.<\/p>\n\n\n\n<h2 class=\"wp-block-heading\">Quest\u00f5es urbanas em debate<\/h2>\n\n\n\n<p class=\"wp-block-paragraph\">Moradores de \u00e1reas urbanas frequentemente enfrentam dilemas com estacionamento, especialmente em locais com poucas vagas. Para muitos, usar a frente da pr\u00f3pria garagem \u00e9 uma solu\u00e7\u00e3o pr\u00e1tica.<\/p>\n\n\n\n<p class=\"wp-block-paragraph\">Por outro lado, as regras n\u00e3o isentam ningu\u00e9m das penalidades previstas. O fato de ningu\u00e9m ter solicitado a remo\u00e7\u00e3o do carro levanta questionamentos sobre a necessidade de se aplicar o regulamento de maneira t\u00e3o r\u00edgida.<\/p>\n\n\n\n<h2 class=\"wp-block-heading\">Pr\u00f3ximos passos<\/h2>\n\n\n\n<p class=\"wp-block-paragraph\">O processo de contesta\u00e7\u00e3o da multa est\u00e1 em andamento. A penalidade para estacionar em frente a guias rebaixadas inclui multa e pontos na Carteira Nacional de Habilita\u00e7\u00e3o. O debate foca na aplica\u00e7\u00e3o criteriosa da legisla\u00e7\u00e3o e na poss\u00edvel reavalia\u00e7\u00e3o das normas urbanas em evolu\u00e7\u00e3o.&nbsp;<\/p>\n","protected":false},"excerpt":{"rendered":"<p>O ve\u00edculo foi autuado por um guarda de tr\u00e2nsito por obstru\u00e7\u00e3o de via p\u00fablica.<\/p>\n","protected":false},"author":12,"featured_media":30913,"comment_status":"closed","ping_status":"closed","sticky":false,"template":"","format":"standard","meta":{"jnews-multi-image_gallery":[],"jnews_single_post":{"format":"standard"},"jnews_primary_category":[],"jnews_social_meta":[],"jnews_post_split":[],"footnotes":""},"categories":[1],"tags":[],"class_list":["post-57779","post","type-post","status-publish","format-standard","has-post-thumbnail","hentry","category-geral"],"_referencia":"","_links":{"self":[{"href":"https:\/\/diariodocomercio.com.br\/mix\/wp-json\/wp\/v2\/posts\/57779","targetHints":{"allow":["GET"]}}],"collection":[{"href":"https:\/\/diariodocomercio.com.br\/mix\/wp-json\/wp\/v2\/posts"}],"about":[{"href":"https:\/\/diariodocomercio.com.br\/mix\/wp-json\/wp\/v2\/types\/post"}],"author":[{"embeddable":true,"href":"https:\/\/diariodocomercio.com.br\/mix\/wp-json\/wp\/v2\/users\/12"}],"replies":[{"embeddable":true,"href":"https:\/\/diariodocomercio.com.br\/mix\/wp-json\/wp\/v2\/comments?post=57779"}],"version-history":[{"count":1,"href":"https:\/\/diariodocomercio.com.br\/mix\/wp-json\/wp\/v2\/posts\/57779\/revisions"}],"predecessor-version":[{"id":57780,"href":"https:\/\/diariodocomercio.com.br\/mix\/wp-json\/wp\/v2\/posts\/57779\/revisions\/57780"}],"wp:featuredmedia":[{"embeddable":true,"href":"https:\/\/diariodocomercio.com.br\/mix\/wp-json\/wp\/v2\/media\/30913"}],"wp:attachment":[{"href":"https:\/\/diariodocomercio.com.br\/mix\/wp-json\/wp\/v2\/media?parent=57779"}],"wp:term":[{"taxonomy":"category","embeddable":true,"href":"https:\/\/diariodocomercio.com.br\/mix\/wp-json\/wp\/v2\/categories?post=57779"},{"taxonomy":"post_tag","embeddable":true,"href":"https:\/\/diariodocomercio.com.br\/mix\/wp-json\/wp\/v2\/tags?post=57779"}],"curies":[{"name":"wp","href":"https:\/\/api.w.org\/{rel}","templated":true}]}}