{"id":57794,"date":"2026-09-04T07:46:00","date_gmt":"2026-09-04T10:46:00","guid":{"rendered":"https:\/\/diariodocomercio.com.br\/mix\/?p=57794"},"modified":"2026-09-03T21:21:03","modified_gmt":"2026-09-04T00:21:03","slug":"taro-aconselha-cada-signo-a-como-lidar-com-dinheiro-este-mes","status":"publish","type":"post","link":"https:\/\/diariodocomercio.com.br\/mix\/taro-aconselha-cada-signo-a-como-lidar-com-dinheiro-este-mes\/","title":{"rendered":"Tar\u00f4 aconselha cada signo a como lidar com dinheiro este m\u00eas"},"content":{"rendered":"\n<p class=\"wp-block-paragraph\">Se voc\u00ea tem dificuldades de lidar com dinheiro, que tal tentar tirar algumas dicas dos astros? O tar\u00f3logo Leo Chioda, do Personare, tirou uma carta do tar\u00f4 para cada um dos 12 signos, em busca de dicas financeiras para este m\u00eas de setembro. Confira o que as cartas revelaram sobre cada um:<\/p>\n\n\n\n<h2 class=\"wp-block-heading\">\u00c1ries <\/h2>\n\n\n\n<p class=\"wp-block-paragraph\">A carta do m\u00eas para os arianos foi o sete de copas, que se trata de expectativa depositada em terceiros. A dica \u00e9 sempre tomar muito cuidado antes de estabelecer sociedades ou compromissos financeiros: defina bem prazos, termos e confira os n\u00fameros com cuidado (na verdade, n\u00f3s dir\u00edamos que essa \u00e9 uma dica que vale para todo mundo em todos os meses).<\/p>\n\n\n\n<h2 class=\"wp-block-heading\">Touro <\/h2>\n\n\n\n<p class=\"wp-block-paragraph\">O dez de ouros \u00e9 a carta do patrim\u00f4nio e da estrutura familiar. Taurinos, a dica do m\u00eas \u00e9 olhar com mais cuidado para a gest\u00e3o do patrim\u00f4nio que voc\u00ea j\u00e1 tem, incluindo revisando documentos.<\/p>\n\n\n\n<h2 class=\"wp-block-heading\">G\u00eameos <\/h2>\n\n\n\n<p class=\"wp-block-paragraph\">O dois de ouros representa um equil\u00edbrio inst\u00e1vel, podendo representar um m\u00eas de mudan\u00e7as que fogem do planejado. Essas mudan\u00e7as nem sempre s\u00e3o negativas, mas \u00e9 melhor ficar atento ao fluxo de caixa esse m\u00eas, al\u00e9m de evitar gastos desnecess\u00e1rios.<\/p>\n\n\n\n<h2 class=\"wp-block-heading\">C\u00e2ncer<\/h2>\n\n\n\n<p class=\"wp-block-paragraph\">A carta dos cancerianos foi a temida carta do enforcado, arcano de suspens\u00e3o e revis\u00e3o. \u00c9 uma boa \u00e9poca para reavaliar decis\u00f5es recentes, mas talvez seja melhor adiar novas decis\u00f5es financeiras.<\/p>\n\n\n\n<h2 class=\"wp-block-heading\">Le\u00e3o<\/h2>\n\n\n\n<p class=\"wp-block-paragraph\">A carta da temperan\u00e7a \u00e9 associada aos temas de coragem e processo lento. Mantenha a const\u00e2ncia na sua vida financeira, mesmo que os resultados ainda n\u00e3o estejam aparecendo a curto prazo. A paci\u00eancia \u00e9 sua amiga, leitor leonino.<\/p>\n\n\n\n<h2 class=\"wp-block-heading\">Virgem <\/h2>\n\n\n\n<p class=\"wp-block-paragraph\">A tr\u00eas de paus indica amplia\u00e7\u00e3o de horizontes. Para os virginianos, pode ser um bom m\u00eas para avaliar novas possibilidades, contratos fora do seu c\u00edrculo habitual e outras frentes de receita.<\/p>\n\n\n\n<h2 class=\"wp-block-heading\">Libra <\/h2>\n\n\n\n<p class=\"wp-block-paragraph\">O caso dos librianos \u00e9 basicamente o oposto dos virgnianos. A carta do m\u00eas para esse signo \u00e9 a dez de paus, associada \u00e0 sobrecarga. Talvez seja o momento de repensar alguns dos seus compromissos e de encerrar aquelas frentes que n\u00e3o est\u00e3o te rendendo tanto assim.<\/p>\n\n\n\n<h2 class=\"wp-block-heading\">Escorpi\u00e3o <\/h2>\n\n\n\n<p class=\"wp-block-paragraph\">A carta da torrre indica ruptura de estruturas. Quando o assunto \u00e9 dinheiro, mantenha sua reserva de emerg\u00eancia e flexibilidade para se reorganizar.<\/p>\n\n\n\n<h2 class=\"wp-block-heading\">Sagit\u00e1rio<\/h2>\n\n\n\n<p class=\"wp-block-paragraph\">A carta do m\u00eas \u00e9 o papa, relacionada \u00e0 palavra e ao acordo. Investir em forma\u00e7\u00f5es e em mentorias. Em negocia\u00e7\u00f5es, reuni\u00f5es e compromissos, lembre-se de sempre colocar tudo o que for dito no papel.<\/p>\n\n\n\n<h2 class=\"wp-block-heading\">Capric\u00f3rnio<\/h2>\n\n\n\n<p class=\"wp-block-paragraph\">A carta do novo de ouros \u00e9 relaciona a usufruto e manuten\u00e7\u00e3o de patrim\u00f4nio. Pode ser um bom momento para voc\u00ea aproveitar o que conquistou, sem acumular novas frentes de trabalho e, claro, sem descuidar da qualidade.<\/p>\n\n\n\n<h2 class=\"wp-block-heading\">Aqu\u00e1rio <\/h2>\n\n\n\n<p class=\"wp-block-paragraph\">O valete de paus \u00e9 associado \u00e0 mensagem e a novos come\u00e7os. Pode ser um momento para os aquarianos ficarem de olho em novas propostas, processos seletivos e contatos inesperados.<\/p>\n\n\n\n<h2 class=\"wp-block-heading\">Peixes <\/h2>\n\n\n\n<p class=\"wp-block-paragraph\">A carta dos enamorados representa escolha e compromisso. Parece de investir em v\u00e1rias fontes ao mesmo tempo. O ideal para os piscianos \u00e9 escolher um caminho e se comprometer com ele.<\/p>\n\n\n<style>@media (min-width: 992px) {\n    .recomendadorV2Area1 {\n        width: 280px;\n    }\n    .recomendadorV2Area2 {\n        padding: 0px 20px;\n        width: calc(100% - 280px);\n    }\n}\n\n@media (max-width: 992px) {\n    .recomendadorV2Button {\n        margin: 0 auto;\n    }\n    .recomendadorV2Area {\n        flex-direction: column;\n        text-align: center;\n    }\n    .recomendadorV2Area2 {\n        padding: 0px 20px;\n    }\n}\n\n.recomendadorV2Area {\n    background: #eeeeee3d;\n    border-radius: 10px;\n    padding: 15px;\n    display: flex;\n    margin: 15px auto;\n    border: 1px solid #00000014;\n    max-width: 800px;\n}\n\n.recomendadorV2Area1 img {\n    width: 280px;\n    height: auto;\n    border-radius: 8px;\n}\n\n.linkrecomendadorv2 {\n    text-decoration: none !important;\n}\n\n.recomendadorV2Area2 .recomendadorV2Type {\n    text-transform: uppercase;\n    font-weight: 500;\n    font-size: 11px;\n    letter-spacing: 2px;\n    color: #666;\n    margin: 12px 0;\n    display: block;\n}\n\n.recomendadorV2Title h2 {\n    padding-top: 0px !important;\n    margin: 0px !important;\n    border-left: none !important;\n    padding-left: 0px !important;\n    line-height: 1.3;\n    color: #000 !important;\n    font-size: 24px;\n    margin-bottom: 12px !important;\n}\n\n.recomendadorV2Desc {\n    color: #333;\n    margin: 12px 0px !important;\n    font-size: 15px;\n    line-height: 1.5;\n}\n\n.recomendadorV2Button {\n    width: auto;\n    max-width: 200px;\n    margin: 0;\n    display: inline-flex;\n    align-items: center;\n    background: #1D3557;\n    border-radius: 8px;\n    color: #fff;\n    height: 36px;\n    justify-content: center;\n    text-align: center;\n    font-size: 14px;\n    padding: 0 20px;\n    transition: background-color 0.2s ease;\n}\n\n.recomendadorV2Button:hover {\n    background: #2a4d7a;\n}\n\n.recomendadorV2Button:after {\n    margin-top: -2px;\n    content: \"\u2192\";\n    padding: 0px 0px 0px 8px;\n}\n\n.recomendadorV2Alert {\n    text-align: left;\n    font-size: 11px;\n    margin-top: 8px;\n    color: #666;\n}\n\n.recomendadorFixedArea {\n    width: 100%;\n    display: flex;\n    justify-content: center;\n    align-items: center;\n}\n\n@media (min-width: 992px) {\n    #recomendadorFixed {\n        width: 32% !important;\n        left: 5%;\n    }\n    .recomendadorCloseFixed{\n        right: inherit !important;\n        left: 378px !important;\n    }\n}\n\n#recomendadorFixed {\n    width: 90%;\n    box-shadow: 0 10px 20px 0px #00000057;\n    display: none;\n    height: 90px;\n    background: #F6F6F6;\n    position: fixed;\n    flex-direction: row;\n    bottom: 10px;\n    z-index: 9999;\n    border-radius: 16px;\n    padding: 7px 10px;\n}\n\n.recomendadorLeftArea {\n    width: 160px;\n}\n\n.recomendadorRightArea h2 {\n    padding-top: 0px;\n    margin: 2px 0px 4px 0px !important;\n    font-weight: 400;\n    text-align: center;\n    padding-left: 0px !important;\n    color: #000 !important;\n    border-left: none !important;\n    line-height: 20px;\n    font-size: 12px !important;\n}\n\n.recomendadorImgFixed {\n    overflow: hidden;\n    padding: 8px 6px;\n    height: 100%;\n}\n\n.recomendadorImgFixed img {\n    height: 100% !important;\n    border-radius: 16px;\n}\n\n.recomendadorRightArea {\n    padding-top: 6px;\n    display: flex;\n    width: calc(100% - 130px);\n    justify-content: space-between;\n    align-items: center;\n    flex-direction: column;\n}\n\n.recomendadorButtonFixed {\n    margin: 0 auto;\n    background: #1D3557;\n    width: 80%;\n    text-align: center;\n    font-size: 10px;\n    color: #FFF;\n    padding: 2px 10px;\n    border-radius: 3px;\n}\n\n.recomendadorButtonFixed:after {\n    margin-top: -3px;\n    content: \"\u2192\";\n    padding: 0px 0px 0px 10px;\n}\n\n.recomendadorAlertFixed {\n    font-weight: 400;\n    text-align: center;\n    color: #484848;\n    font-size: 8px;\n}\n\n.recomendadorCloseFixed {\n    z-index: 99999;\n    display: none;\n    right: 0px;\n    left: inherit;\n    bottom: 99px;\n    position: fixed;\n    justify-content: center;\n    background: #F6F6F6;\n    width: 25px;\n    align-items: center;\n    height: 25px;\n    font-weight: 800;\n    border-radius: 50%;\n    border: 1px solid #EBEBEB;\n}\n\n.recomendadorV2Desc{\n    color: #000000;\n    margin: 20px 0px;\n}\n\n@media (max-width: 576px) {\n    .recomendadorV2Area {\n      padding: 10px;\n      max-width: 100%;\n    }\n  \n    .recomendadorV2Area1 img {\n      width: 100%;\n      border-radius: 6px;\n    }\n  \n    .recomendadorV2Area2 .recomendadorV2Type {\n      font-size: 9px;\n      letter-spacing: 1px;\n      margin: 8px 0;\n    }\n  \n    .recomendadorV2Title h2 {\n      font-size: 18px !important;\n      margin-bottom: 8px !important;\n      line-height: 1.2;\n    }\n  \n    .recomendadorV2Desc {\n      font-size: 14px;\n      margin: 8px 0 !important;\n      line-height: 1.4;\n    }\n  \n    .recomendadorV2Button {\n      font-size: 14px;\n      height: 40px;\n      padding: 0 12px;\n      max-width: 100%;\n      width: 100%;\n    }\n  \n    .recomendadorV2Button:after {\n      padding-left: 6px;\n    }\n  }\n  <\/style>\n        <div class=\"lazyblock-recomendador-v2-2jDGz wp-block-lazyblock-recomendador-v2\">\n        <a class=\"linkrecomendadorv2\" href=\"https:\/\/diariodocomercio.com.br\/mix\/problema-que-pode-levar-ao-infarto-ja-aparece-aos-20-anos-e-atinge-1-em-cada-2-homens-aos-40\/%20\">\n            <div class=\"recomendadorV2Area\">\n            <div class=\"recomendadorV2Area1\">\n                <div class=\"recomendadorV2Img\">\n                <img width=\"768\" height=\"346\" src=\"https:\/\/diariodocomercio.com.br\/mix\/wp-content\/uploads\/2026\/09\/infarto-768x346.jpg\" class=\"lazyloaded\" alt=\"\" sizes=\"auto, (min-width: 577px) 280px, calc(100vw - 20px)\" decoding=\"async\" loading=\"lazy\" srcset=\"https:\/\/diariodocomercio.com.br\/mix\/wp-content\/uploads\/2026\/09\/infarto-768x346.jpg 768w, https:\/\/diariodocomercio.com.br\/mix\/wp-content\/uploads\/2026\/09\/infarto-300x135.jpg 300w, https:\/\/diariodocomercio.com.br\/mix\/wp-content\/uploads\/2026\/09\/infarto-150x68.jpg 150w, https:\/\/diariodocomercio.com.br\/mix\/wp-content\/uploads\/2026\/09\/infarto-750x338.jpg 750w, https:\/\/diariodocomercio.com.br\/mix\/wp-content\/uploads\/2026\/09\/infarto-1140x513.jpg 1140w, https:\/\/diariodocomercio.com.br\/mix\/wp-content\/uploads\/2026\/09\/infarto.jpg 1200w\" \/>\n                <\/div>\n            <\/div>\n            <div class=\"recomendadorV2Area2\">\n                <div class=\"recomendadorV2Type\">\n                    <span>SA\u00daDE t\u00edtulo=Problema que pode levar ao infarto j\u00e1 aparece aos 20 anos e atinge 1 em cada 2 homens aos 40 <\/span>\n                <\/div>\n                <div class=\"recomendadorV2Title\">\n                <h2><span><\/span><\/h2>\n                <\/div>\n                <div class=\"recomendadorV2Desc\">\n                <span>De acordo com a Sociedade Brasileira de Cardiologia, as doen\u00e7as cardiovasculares, afec\u00e7\u00f5es do cora\u00e7\u00e3o e da circula\u00e7\u00e3o, incluindo-se a\u00ed o \u2026 <\/span>\n                <\/div>\n                <div class=\"recomendadorV2Button\">Leia mais <\/div>\n                <div class=\"recomendadorV2Alert\"><\/div>\n            <\/div>\n            <\/div>\n        <\/a>\n        <div>\n            <div style=\"z-index:99999;\" id=\"buttonClose\" onclick=\"closeRecomendadorFixed()\">\n            <div class=\"recomendadorCloseFixed\">X<\/div>\n            <\/div>\n            <a href=\"https:\/\/diariodocomercio.com.br\/mix\/problema-que-pode-levar-ao-infarto-ja-aparece-aos-20-anos-e-atinge-1-em-cada-2-homens-aos-40\/%20\">\n            <div class=\"recomendadorFixedArea\">\n                <div id=\"recomendadorFixed\">\n                <div class=\"recomendadorLeftArea\">\n                    <div class=\"recomendadorImgFixed\">\n                    <img width=\"300\" height=\"135\" src=\"https:\/\/diariodocomercio.com.br\/mix\/wp-content\/uploads\/2026\/09\/infarto-300x135.jpg\" class=\"lazyload\" alt=\"\" sizes=\"auto, 160px\" decoding=\"async\" loading=\"lazy\" srcset=\"https:\/\/diariodocomercio.com.br\/mix\/wp-content\/uploads\/2026\/09\/infarto-300x135.jpg 300w, https:\/\/diariodocomercio.com.br\/mix\/wp-content\/uploads\/2026\/09\/infarto-768x346.jpg 768w, https:\/\/diariodocomercio.com.br\/mix\/wp-content\/uploads\/2026\/09\/infarto-150x68.jpg 150w, https:\/\/diariodocomercio.com.br\/mix\/wp-content\/uploads\/2026\/09\/infarto-750x338.jpg 750w, https:\/\/diariodocomercio.com.br\/mix\/wp-content\/uploads\/2026\/09\/infarto-1140x513.jpg 1140w, https:\/\/diariodocomercio.com.br\/mix\/wp-content\/uploads\/2026\/09\/infarto.jpg 1200w\" \/>\n                    <\/div>\n                <\/div>\n                <div class=\"recomendadorRightArea\">\n                    <div class=\"recomendadorTitleFixed\">\n                    <h2><span><\/span><\/h2>\n                    <\/div>\n                    <div class=\"recomendadorButtonFixed\">Leia mais <\/div>\n                    <div class=\"recomendadorAlertFixed\"><\/div>\n                <\/div>\n                <\/div>\n            <\/div>\n            <\/a>\n        <\/div>\n        <\/div>\n","protected":false},"excerpt":{"rendered":"<p>Se voc\u00ea tem dificuldades de lidar com dinheiro, que tal tentar tirar algumas dicas dos astros? O tar\u00f3logo Leo Chioda, do Personare, tirou uma carta do tar\u00f4 para cada um dos 12 signos, em busca de dicas financeiras para este m\u00eas de setembro. Confira o que as cartas revelaram sobre cada um: \u00c1ries A carta [&hellip;]<\/p>\n","protected":false},"author":6,"featured_media":14758,"comment_status":"closed","ping_status":"closed","sticky":false,"template":"","format":"standard","meta":{"jnews-multi-image_gallery":[],"jnews_single_post":{"format":"standard"},"jnews_primary_category":[],"jnews_social_meta":[],"jnews_post_split":[],"footnotes":""},"categories":[1],"tags":[],"class_list":["post-57794","post","type-post","status-publish","format-standard","has-post-thumbnail","hentry","category-geral"],"_referencia":"","_links":{"self":[{"href":"https:\/\/diariodocomercio.com.br\/mix\/wp-json\/wp\/v2\/posts\/57794","targetHints":{"allow":["GET"]}}],"collection":[{"href":"https:\/\/diariodocomercio.com.br\/mix\/wp-json\/wp\/v2\/posts"}],"about":[{"href":"https:\/\/diariodocomercio.com.br\/mix\/wp-json\/wp\/v2\/types\/post"}],"author":[{"embeddable":true,"href":"https:\/\/diariodocomercio.com.br\/mix\/wp-json\/wp\/v2\/users\/6"}],"replies":[{"embeddable":true,"href":"https:\/\/diariodocomercio.com.br\/mix\/wp-json\/wp\/v2\/comments?post=57794"}],"version-history":[{"count":1,"href":"https:\/\/diariodocomercio.com.br\/mix\/wp-json\/wp\/v2\/posts\/57794\/revisions"}],"predecessor-version":[{"id":57795,"href":"https:\/\/diariodocomercio.com.br\/mix\/wp-json\/wp\/v2\/posts\/57794\/revisions\/57795"}],"wp:featuredmedia":[{"embeddable":true,"href":"https:\/\/diariodocomercio.com.br\/mix\/wp-json\/wp\/v2\/media\/14758"}],"wp:attachment":[{"href":"https:\/\/diariodocomercio.com.br\/mix\/wp-json\/wp\/v2\/media?parent=57794"}],"wp:term":[{"taxonomy":"category","embeddable":true,"href":"https:\/\/diariodocomercio.com.br\/mix\/wp-json\/wp\/v2\/categories?post=57794"},{"taxonomy":"post_tag","embeddable":true,"href":"https:\/\/diariodocomercio.com.br\/mix\/wp-json\/wp\/v2\/tags?post=57794"}],"curies":[{"name":"wp","href":"https:\/\/api.w.org\/{rel}","templated":true}]}}