{"id":57796,"date":"2026-09-04T07:00:00","date_gmt":"2026-09-04T10:00:00","guid":{"rendered":"https:\/\/diariodocomercio.com.br\/mix\/?p=57796"},"modified":"2026-09-03T21:57:58","modified_gmt":"2026-09-04T00:57:58","slug":"itau-anuncia-fim-de-2-cartoes-e-clientes-do-banco-precisam-conferir-se-possuem-na-carteira","status":"publish","type":"post","link":"https:\/\/diariodocomercio.com.br\/mix\/itau-anuncia-fim-de-2-cartoes-e-clientes-do-banco-precisam-conferir-se-possuem-na-carteira\/","title":{"rendered":"Ita\u00fa anuncia fim de 2 cart\u00f5es e clientes do banco precisam conferir se possuem na carteira"},"content":{"rendered":"\n<p class=\"wp-block-paragraph\">O Ita\u00fa Unibanco est\u00e1 preparando uma mudan\u00e7a no seu portf\u00f3lio de cart\u00f5es. Se voc\u00ea tem algum cart\u00e3o Credicard ou Itaucard, \u00e9 melhor ficar atento. De acordo com o site Pontos pra Voar, o banco vai come\u00e7ar a descontinuar esses dois cart\u00f5es de forma gradual. Infelizmente, ainda n\u00e3o sabemos exatamente quais variantes desses cart\u00f5es ser\u00e3o afetadas. Mas calma: segundo o Ita\u00fa, os clientes ser\u00e3o informados individualmente antes de cada fase de transi\u00e7\u00e3o e os canais de atendimento do banco ficar\u00e3o \u00e0 disposi\u00e7\u00e3o para esclarecer d\u00favidas e prestar o suporte necess\u00e1rio.<\/p>\n\n\n\n<h2 class=\"wp-block-heading\">Ita\u00fa explica o que acontece com cart\u00f5es descontinuados<\/h2>\n\n\n\n<p class=\"wp-block-paragraph\">E o que acontece com quem tem um cart\u00e3o que ser\u00e1 descontinuado? O comunicado do banco explica que os cart\u00f5es descontinuados ser\u00e3o substitu\u00eddos gradualmente por op\u00e7\u00f5es da linha Ita\u00fa, pensadas para o perfil de cada pessoa. O banco descreveu a mudan\u00e7a como um movimento necess\u00e1rio para acompanhar as transforma\u00e7\u00f5es nas necessidades e nos h\u00e1bitos de consumo dos clientes.<\/p>\n\n\n\n<p class=\"wp-block-paragraph\">Se voc\u00ea tem pontos acumulados, tamb\u00e9m n\u00e3o precisa se preocupar: o saldo acumulado ser\u00e1 transferido integralmente para o programa do banco, mantendo o valor acumulado. Esse saldo pode ser usado para todos os benef\u00edcios do programa de pontos do Ita\u00fa, como transfer\u00eancias para companhias a\u00e9reas, uso no Ita\u00fa Shop, entre outros.<\/p>\n\n\n\n<h2 class=\"wp-block-heading\">Confira o comunicado do Ita\u00fa na \u00edntegra:<\/h2>\n\n\n\n<p class=\"wp-block-paragraph\"><em>\u201cO Ita\u00fa Unibanco est\u00e1 evoluindo seu portf\u00f3lio de cart\u00f5es para acompanhar as transforma\u00e7\u00f5es nos h\u00e1bitos de consumo e nas necessidades dos clientes. Como parte desse movimento, alguns cart\u00f5es Credicard e Itaucard ser\u00e3o descontinuados e substitu\u00eddos gradualmente por op\u00e7\u00f5es da linha Ita\u00fa, alinhadas ao perfil de cada pessoa.<\/em><\/p>\n\n\n\n<p class=\"wp-block-paragraph\"><em>A transi\u00e7\u00e3o \u00e9 planejada em etapas, com comunica\u00e7\u00e3o pr\u00e9via e orienta\u00e7\u00e3o cont\u00ednua do in\u00edcio ao fim do processo. Para quem possui cart\u00f5es com programa de pontos, o saldo acumulado ser\u00e1 transferido integralmente para o programa do Ita\u00fa, mantendo todo o valor equivalente acumulado, al\u00e9m de acrescentar todos os benef\u00edcios do programa de pontos do Ita\u00fa como transfer\u00eancias para companhias a\u00e9reas, uso no Ita\u00fa Shop, no hub de viagens, entre outras possibilidades.<\/em><\/p>\n\n\n\n<p class=\"wp-block-paragraph\"><em>O processo segue com transpar\u00eancia e mensagens individuais a cada fase. Os canais oficiais de atendimento do banco est\u00e3o \u00e0 disposi\u00e7\u00e3o para esclarecer d\u00favidas e prestar todo o suporte necess\u00e1rio.\u201d<\/em><\/p>\n\n\n<style>@media (min-width: 992px) {\n    .recomendadorV2Area1 {\n        width: 280px;\n    }\n    .recomendadorV2Area2 {\n        padding: 0px 20px;\n        width: calc(100% - 280px);\n    }\n}\n\n@media (max-width: 992px) {\n    .recomendadorV2Button {\n        margin: 0 auto;\n    }\n    .recomendadorV2Area {\n        flex-direction: column;\n        text-align: center;\n    }\n    .recomendadorV2Area2 {\n        padding: 0px 20px;\n    }\n}\n\n.recomendadorV2Area {\n    background: #eeeeee3d;\n    border-radius: 10px;\n    padding: 15px;\n    display: flex;\n    margin: 15px auto;\n    border: 1px solid #00000014;\n    max-width: 800px;\n}\n\n.recomendadorV2Area1 img {\n    width: 280px;\n    height: auto;\n    border-radius: 8px;\n}\n\n.linkrecomendadorv2 {\n    text-decoration: none !important;\n}\n\n.recomendadorV2Area2 .recomendadorV2Type {\n    text-transform: uppercase;\n    font-weight: 500;\n    font-size: 11px;\n    letter-spacing: 2px;\n    color: #666;\n    margin: 12px 0;\n    display: block;\n}\n\n.recomendadorV2Title h2 {\n    padding-top: 0px !important;\n    margin: 0px !important;\n    border-left: none !important;\n    padding-left: 0px !important;\n    line-height: 1.3;\n    color: #000 !important;\n    font-size: 24px;\n    margin-bottom: 12px !important;\n}\n\n.recomendadorV2Desc {\n    color: #333;\n    margin: 12px 0px !important;\n    font-size: 15px;\n    line-height: 1.5;\n}\n\n.recomendadorV2Button {\n    width: auto;\n    max-width: 200px;\n    margin: 0;\n    display: inline-flex;\n    align-items: center;\n    background: #1D3557;\n    border-radius: 8px;\n    color: #fff;\n    height: 36px;\n    justify-content: center;\n    text-align: center;\n    font-size: 14px;\n    padding: 0 20px;\n    transition: background-color 0.2s ease;\n}\n\n.recomendadorV2Button:hover {\n    background: #2a4d7a;\n}\n\n.recomendadorV2Button:after {\n    margin-top: -2px;\n    content: \"\u2192\";\n    padding: 0px 0px 0px 8px;\n}\n\n.recomendadorV2Alert {\n    text-align: left;\n    font-size: 11px;\n    margin-top: 8px;\n    color: #666;\n}\n\n.recomendadorFixedArea {\n    width: 100%;\n    display: flex;\n    justify-content: center;\n    align-items: center;\n}\n\n@media (min-width: 992px) {\n    #recomendadorFixed {\n        width: 32% !important;\n        left: 5%;\n    }\n    .recomendadorCloseFixed{\n        right: inherit !important;\n        left: 378px !important;\n    }\n}\n\n#recomendadorFixed {\n    width: 90%;\n    box-shadow: 0 10px 20px 0px #00000057;\n    display: none;\n    height: 90px;\n    background: #F6F6F6;\n    position: fixed;\n    flex-direction: row;\n    bottom: 10px;\n    z-index: 9999;\n    border-radius: 16px;\n    padding: 7px 10px;\n}\n\n.recomendadorLeftArea {\n    width: 160px;\n}\n\n.recomendadorRightArea h2 {\n    padding-top: 0px;\n    margin: 2px 0px 4px 0px !important;\n    font-weight: 400;\n    text-align: center;\n    padding-left: 0px !important;\n    color: #000 !important;\n    border-left: none !important;\n    line-height: 20px;\n    font-size: 12px !important;\n}\n\n.recomendadorImgFixed {\n    overflow: hidden;\n    padding: 8px 6px;\n    height: 100%;\n}\n\n.recomendadorImgFixed img {\n    height: 100% !important;\n    border-radius: 16px;\n}\n\n.recomendadorRightArea {\n    padding-top: 6px;\n    display: flex;\n    width: calc(100% - 130px);\n    justify-content: space-between;\n    align-items: center;\n    flex-direction: column;\n}\n\n.recomendadorButtonFixed {\n    margin: 0 auto;\n    background: #1D3557;\n    width: 80%;\n    text-align: center;\n    font-size: 10px;\n    color: #FFF;\n    padding: 2px 10px;\n    border-radius: 3px;\n}\n\n.recomendadorButtonFixed:after {\n    margin-top: -3px;\n    content: \"\u2192\";\n    padding: 0px 0px 0px 10px;\n}\n\n.recomendadorAlertFixed {\n    font-weight: 400;\n    text-align: center;\n    color: #484848;\n    font-size: 8px;\n}\n\n.recomendadorCloseFixed {\n    z-index: 99999;\n    display: none;\n    right: 0px;\n    left: inherit;\n    bottom: 99px;\n    position: fixed;\n    justify-content: center;\n    background: #F6F6F6;\n    width: 25px;\n    align-items: center;\n    height: 25px;\n    font-weight: 800;\n    border-radius: 50%;\n    border: 1px solid #EBEBEB;\n}\n\n.recomendadorV2Desc{\n    color: #000000;\n    margin: 20px 0px;\n}\n\n@media (max-width: 576px) {\n    .recomendadorV2Area {\n      padding: 10px;\n      max-width: 100%;\n    }\n  \n    .recomendadorV2Area1 img {\n      width: 100%;\n      border-radius: 6px;\n    }\n  \n    .recomendadorV2Area2 .recomendadorV2Type {\n      font-size: 9px;\n      letter-spacing: 1px;\n      margin: 8px 0;\n    }\n  \n    .recomendadorV2Title h2 {\n      font-size: 18px !important;\n      margin-bottom: 8px !important;\n      line-height: 1.2;\n    }\n  \n    .recomendadorV2Desc {\n      font-size: 14px;\n      margin: 8px 0 !important;\n      line-height: 1.4;\n    }\n  \n    .recomendadorV2Button {\n      font-size: 14px;\n      height: 40px;\n      padding: 0 12px;\n      max-width: 100%;\n      width: 100%;\n    }\n  \n    .recomendadorV2Button:after {\n      padding-left: 6px;\n    }\n  }\n  <\/style>\n        <div class=\"lazyblock-recomendador-v2-2jDGz wp-block-lazyblock-recomendador-v2\">\n        <a class=\"linkrecomendadorv2\" href=\"https:\/\/diariodocomercio.com.br\/mix\/problema-que-pode-levar-ao-infarto-ja-aparece-aos-20-anos-e-atinge-1-em-cada-2-homens-aos-40\/%20\">\n            <div class=\"recomendadorV2Area\">\n            <div class=\"recomendadorV2Area1\">\n                <div class=\"recomendadorV2Img\">\n                <img width=\"768\" height=\"346\" src=\"https:\/\/diariodocomercio.com.br\/mix\/wp-content\/uploads\/2026\/09\/infarto-768x346.jpg\" class=\"lazyloaded\" alt=\"\" sizes=\"auto, (min-width: 577px) 280px, calc(100vw - 20px)\" decoding=\"async\" loading=\"lazy\" srcset=\"https:\/\/diariodocomercio.com.br\/mix\/wp-content\/uploads\/2026\/09\/infarto-768x346.jpg 768w, https:\/\/diariodocomercio.com.br\/mix\/wp-content\/uploads\/2026\/09\/infarto-300x135.jpg 300w, https:\/\/diariodocomercio.com.br\/mix\/wp-content\/uploads\/2026\/09\/infarto-150x68.jpg 150w, https:\/\/diariodocomercio.com.br\/mix\/wp-content\/uploads\/2026\/09\/infarto-750x338.jpg 750w, https:\/\/diariodocomercio.com.br\/mix\/wp-content\/uploads\/2026\/09\/infarto-1140x513.jpg 1140w, https:\/\/diariodocomercio.com.br\/mix\/wp-content\/uploads\/2026\/09\/infarto.jpg 1200w\" \/>\n                <\/div>\n            <\/div>\n            <div class=\"recomendadorV2Area2\">\n                <div class=\"recomendadorV2Type\">\n                    <span>SA\u00daDE t\u00edtulo=Problema que pode levar ao infarto j\u00e1 aparece aos 20 anos e atinge 1 em cada 2 homens aos 40 <\/span>\n                <\/div>\n                <div class=\"recomendadorV2Title\">\n                <h2><span><\/span><\/h2>\n                <\/div>\n                <div class=\"recomendadorV2Desc\">\n                <span>De acordo com a Sociedade Brasileira de Cardiologia, as doen\u00e7as cardiovasculares, afec\u00e7\u00f5es do cora\u00e7\u00e3o e da circula\u00e7\u00e3o, incluindo-se a\u00ed o \u2026 <\/span>\n                <\/div>\n                <div class=\"recomendadorV2Button\">Leia mais <\/div>\n                <div class=\"recomendadorV2Alert\"><\/div>\n            <\/div>\n            <\/div>\n        <\/a>\n        <div>\n            <div style=\"z-index:99999;\" id=\"buttonClose\" onclick=\"closeRecomendadorFixed()\">\n            <div class=\"recomendadorCloseFixed\">X<\/div>\n            <\/div>\n            <a href=\"https:\/\/diariodocomercio.com.br\/mix\/problema-que-pode-levar-ao-infarto-ja-aparece-aos-20-anos-e-atinge-1-em-cada-2-homens-aos-40\/%20\">\n            <div class=\"recomendadorFixedArea\">\n                <div id=\"recomendadorFixed\">\n                <div class=\"recomendadorLeftArea\">\n                    <div class=\"recomendadorImgFixed\">\n                    <img width=\"300\" height=\"135\" src=\"https:\/\/diariodocomercio.com.br\/mix\/wp-content\/uploads\/2026\/09\/infarto-300x135.jpg\" class=\"lazyload\" alt=\"\" sizes=\"auto, 160px\" decoding=\"async\" loading=\"lazy\" srcset=\"https:\/\/diariodocomercio.com.br\/mix\/wp-content\/uploads\/2026\/09\/infarto-300x135.jpg 300w, https:\/\/diariodocomercio.com.br\/mix\/wp-content\/uploads\/2026\/09\/infarto-768x346.jpg 768w, https:\/\/diariodocomercio.com.br\/mix\/wp-content\/uploads\/2026\/09\/infarto-150x68.jpg 150w, https:\/\/diariodocomercio.com.br\/mix\/wp-content\/uploads\/2026\/09\/infarto-750x338.jpg 750w, https:\/\/diariodocomercio.com.br\/mix\/wp-content\/uploads\/2026\/09\/infarto-1140x513.jpg 1140w, https:\/\/diariodocomercio.com.br\/mix\/wp-content\/uploads\/2026\/09\/infarto.jpg 1200w\" \/>\n                    <\/div>\n                <\/div>\n                <div class=\"recomendadorRightArea\">\n                    <div class=\"recomendadorTitleFixed\">\n                    <h2><span><\/span><\/h2>\n                    <\/div>\n                    <div class=\"recomendadorButtonFixed\">Leia mais <\/div>\n                    <div class=\"recomendadorAlertFixed\"><\/div>\n                <\/div>\n                <\/div>\n            <\/div>\n            <\/a>\n        <\/div>\n        <\/div>\n","protected":false},"excerpt":{"rendered":"<p>O Ita\u00fa Unibanco est\u00e1 preparando uma mudan\u00e7a no seu portf\u00f3lio de cart\u00f5es. Se voc\u00ea tem algum cart\u00e3o Credicard ou Itaucard, \u00e9 melhor ficar atento. De acordo com o site Pontos pra Voar, o banco vai come\u00e7ar a descontinuar esses dois cart\u00f5es de forma gradual. Infelizmente, ainda n\u00e3o sabemos exatamente quais variantes desses cart\u00f5es ser\u00e3o afetadas. [&hellip;]<\/p>\n","protected":false},"author":6,"featured_media":46252,"comment_status":"closed","ping_status":"closed","sticky":false,"template":"","format":"standard","meta":{"jnews-multi-image_gallery":[],"jnews_single_post":{"format":"standard"},"jnews_primary_category":[],"jnews_social_meta":[],"jnews_post_split":[],"footnotes":""},"categories":[1],"tags":[],"class_list":["post-57796","post","type-post","status-publish","format-standard","has-post-thumbnail","hentry","category-geral"],"_referencia":"","_links":{"self":[{"href":"https:\/\/diariodocomercio.com.br\/mix\/wp-json\/wp\/v2\/posts\/57796","targetHints":{"allow":["GET"]}}],"collection":[{"href":"https:\/\/diariodocomercio.com.br\/mix\/wp-json\/wp\/v2\/posts"}],"about":[{"href":"https:\/\/diariodocomercio.com.br\/mix\/wp-json\/wp\/v2\/types\/post"}],"author":[{"embeddable":true,"href":"https:\/\/diariodocomercio.com.br\/mix\/wp-json\/wp\/v2\/users\/6"}],"replies":[{"embeddable":true,"href":"https:\/\/diariodocomercio.com.br\/mix\/wp-json\/wp\/v2\/comments?post=57796"}],"version-history":[{"count":2,"href":"https:\/\/diariodocomercio.com.br\/mix\/wp-json\/wp\/v2\/posts\/57796\/revisions"}],"predecessor-version":[{"id":57801,"href":"https:\/\/diariodocomercio.com.br\/mix\/wp-json\/wp\/v2\/posts\/57796\/revisions\/57801"}],"wp:featuredmedia":[{"embeddable":true,"href":"https:\/\/diariodocomercio.com.br\/mix\/wp-json\/wp\/v2\/media\/46252"}],"wp:attachment":[{"href":"https:\/\/diariodocomercio.com.br\/mix\/wp-json\/wp\/v2\/media?parent=57796"}],"wp:term":[{"taxonomy":"category","embeddable":true,"href":"https:\/\/diariodocomercio.com.br\/mix\/wp-json\/wp\/v2\/categories?post=57796"},{"taxonomy":"post_tag","embeddable":true,"href":"https:\/\/diariodocomercio.com.br\/mix\/wp-json\/wp\/v2\/tags?post=57796"}],"curies":[{"name":"wp","href":"https:\/\/api.w.org\/{rel}","templated":true}]}}