{"id":57802,"date":"2026-09-04T06:22:00","date_gmt":"2026-09-04T09:22:00","guid":{"rendered":"https:\/\/diariodocomercio.com.br\/mix\/?p=57802"},"modified":"2026-09-04T05:33:46","modified_gmt":"2026-09-04T08:33:46","slug":"mapa-mundi-que-voce-conhece-pode-mudar-apos-quase-500-anos-por-erro-no-tamanho-dos-paises","status":"publish","type":"post","link":"https:\/\/diariodocomercio.com.br\/mix\/mapa-mundi-que-voce-conhece-pode-mudar-apos-quase-500-anos-por-erro-no-tamanho-dos-paises\/","title":{"rendered":"Mapa-m\u00fandi que voc\u00ea conhece pode mudar ap\u00f3s quase 500 anos por erro no tamanho dos pa\u00edses"},"content":{"rendered":"\n<p class=\"wp-block-paragraph\">O mapa-m\u00fandi utilizado h\u00e1 s\u00e9culos em escolas, livros, aplicativos e diferentes sistemas de navega\u00e7\u00e3o pode estar prestes a ganhar uma nova representa\u00e7\u00e3o. A Assembleia Geral das Na\u00e7\u00f5es Unidas deve votar nesta sexta-feira (9) uma resolu\u00e7\u00e3o que prop\u00f5e a substitui\u00e7\u00e3o gradual da tradicional proje\u00e7\u00e3o de Mercator por uma representa\u00e7\u00e3o considerada mais fiel \u00e0s dimens\u00f5es reais dos continentes, especialmente da \u00c1frica.<\/p>\n\n\n\n<p class=\"wp-block-paragraph\">A iniciativa foi apresentada pelo Togo e conta com o apoio da Uni\u00e3o Africana. Segundo o ministro das Rela\u00e7\u00f5es Exteriores togol\u00eas, Robert Dussey, os demais pa\u00edses integrantes do bloco africano apoiam a proposta, embora ele n\u00e3o tenha informado o n\u00famero total de na\u00e7\u00f5es que votar\u00e3o favoravelmente.<\/p>\n\n\n\n<p class=\"wp-block-paragraph\">A resolu\u00e7\u00e3o da ONU n\u00e3o ter\u00e1 for\u00e7a obrigat\u00f3ria. Ainda assim, uma eventual aprova\u00e7\u00e3o poder\u00e1 estimular mudan\u00e7as em materiais escolares, curr\u00edculos educacionais e at\u00e9 tecnologias utilizadas no cotidiano, considerando que a proje\u00e7\u00e3o de Mercator permanece amplamente presente em sistemas de educa\u00e7\u00e3o, tecnologia e administra\u00e7\u00e3o p\u00fablica.<\/p>\n\n\n\n<h2 class=\"wp-block-heading\"><strong>Por que o mapa distorce o tamanho dos pa\u00edses?<\/strong><\/h2>\n\n\n\n<p class=\"wp-block-paragraph\">A proje\u00e7\u00e3o de Mercator foi criada pelo cart\u00f3grafo flamengo Gerardus Mercator em 1569. O objetivo original n\u00e3o era representar com precis\u00e3o o tamanho dos territ\u00f3rios, mas facilitar a navega\u00e7\u00e3o mar\u00edtima.<\/p>\n\n\n\n<p class=\"wp-block-paragraph\">O problema est\u00e1 justamente na maneira como a superf\u00edcie curva da Terra \u00e9 transformada em uma representa\u00e7\u00e3o plana. Quanto mais distante uma regi\u00e3o est\u00e1 da linha do Equador, maior tende a ser a distor\u00e7\u00e3o de suas dimens\u00f5es.<\/p>\n\n\n<div class=\"wp-block-image\">\n<figure class=\"aligncenter size-large\"><img decoding=\"async\" width=\"1200\" height=\"973\" src=\"https:\/\/diariodocomercio.com.br\/mix\/wp-content\/uploads\/2026\/09\/4530-1200x973.avif\" alt=\"mapa africa\" class=\"wp-image-57803\" srcset=\"https:\/\/diariodocomercio.com.br\/mix\/wp-content\/uploads\/2026\/09\/4530-1200x973.avif 1200w, https:\/\/diariodocomercio.com.br\/mix\/wp-content\/uploads\/2026\/09\/4530-300x243.avif 300w, https:\/\/diariodocomercio.com.br\/mix\/wp-content\/uploads\/2026\/09\/4530-768x622.avif 768w, https:\/\/diariodocomercio.com.br\/mix\/wp-content\/uploads\/2026\/09\/4530-1536x1245.avif 1536w, https:\/\/diariodocomercio.com.br\/mix\/wp-content\/uploads\/2026\/09\/4530-150x122.avif 150w, https:\/\/diariodocomercio.com.br\/mix\/wp-content\/uploads\/2026\/09\/4530-750x608.avif 750w, https:\/\/diariodocomercio.com.br\/mix\/wp-content\/uploads\/2026\/09\/4530-1140x924.avif 1140w, https:\/\/diariodocomercio.com.br\/mix\/wp-content\/uploads\/2026\/09\/4530.avif 1900w\" sizes=\"(max-width: 1200px) 100vw, 1200px\" \/><figcaption class=\"wp-element-caption\">Mapa da \u00c1frica do final do s\u00e9culo XVI &#8211; Foto: (Reprodu\u00e7\u00e3o\/Royal Geographical Society)<\/figcaption><\/figure>\n<\/div>\n\n\n<p class=\"wp-block-paragraph\">Por estar atravessando a regi\u00e3o equatorial, a \u00c1frica aparece relativamente menor no mapa tradicional. Em contrapartida, territ\u00f3rios localizados em latitudes elevadas, como Europa, Am\u00e9rica do Norte, Groenl\u00e2ndia e R\u00fassia, s\u00e3o representados com propor\u00e7\u00f5es muito maiores do que suas \u00e1reas reais.<\/p>\n\n\n\n<p class=\"wp-block-paragraph\">Um dos exemplos mais conhecidos \u00e9 a compara\u00e7\u00e3o entre \u00c1frica e Groenl\u00e2ndia. Na proje\u00e7\u00e3o de Mercator, as duas aparecem com dimens\u00f5es semelhantes. Na realidade, por\u00e9m, o territ\u00f3rio africano \u00e9 cerca de 14 vezes maior que o da Groenl\u00e2ndia.<\/p>\n\n\n\n<h2 class=\"wp-block-heading\"><strong>\u00c1frica quer corrigir percep\u00e7\u00e3o criada pelo mapa<\/strong><\/h2>\n\n\n\n<p class=\"wp-block-paragraph\">A campanha pela mudan\u00e7a ganhou for\u00e7a nos \u00faltimos anos com o movimento #CorrectTheMap. Uma peti\u00e7\u00e3o publicada na plataforma Change.org j\u00e1 reunia cerca de 11 mil assinaturas antes da vota\u00e7\u00e3o na ONU.<\/p>\n\n\n\n<p class=\"wp-block-paragraph\">A Uni\u00e3o Africana endossou a campanha em agosto de 2025 e posteriormente pediu ao Togo que liderasse o esfor\u00e7o para levar a discuss\u00e3o \u00e0 Organiza\u00e7\u00e3o das Na\u00e7\u00f5es Unidas.<\/p>\n\n\n\n<p class=\"wp-block-paragraph\">A mobiliza\u00e7\u00e3o defende que a quest\u00e3o n\u00e3o se limita a uma escolha t\u00e9cnica de cartografia. Para os apoiadores, a maneira como os territ\u00f3rios s\u00e3o representados pode influenciar a percep\u00e7\u00e3o que as pessoas desenvolvem sobre a import\u00e2ncia e a dimens\u00e3o de diferentes regi\u00f5es desde os primeiros anos de educa\u00e7\u00e3o.<\/p>\n\n\n\n<p class=\"wp-block-paragraph\">Dussey afirmou, em reuni\u00e3o com representantes do grupo africano na ONU, que um mapa n\u00e3o \u00e9 uma representa\u00e7\u00e3o neutra e pode interferir na maneira como povos e continentes s\u00e3o compreendidos.<\/p>\n\n\n\n<p class=\"wp-block-paragraph\">O argumento \u00e9 de que a \u00c1frica n\u00e3o busca receber tratamento privilegiado, mas ter sua dimens\u00e3o territorial, sua contribui\u00e7\u00e3o internacional e sua realidade representadas de maneira mais pr\u00f3xima da realidade geogr\u00e1fica.<\/p>\n\n\n\n<h2 class=\"wp-block-heading\"><strong>Am\u00e9rica Latina tamb\u00e9m aparece menor<\/strong><\/h2>\n\n\n\n<p class=\"wp-block-paragraph\">A distor\u00e7\u00e3o n\u00e3o afeta somente o continente africano. A proje\u00e7\u00e3o de Mercator tamb\u00e9m faz com que regi\u00f5es pr\u00f3ximas ao Equador, como partes da Am\u00e9rica Latina e a \u00cdndia, pare\u00e7am menores quando comparadas a pa\u00edses e territ\u00f3rios situados mais ao norte.<\/p>\n\n\n\n<p class=\"wp-block-paragraph\">Por outro lado, \u00e1reas pr\u00f3ximas aos polos s\u00e3o ampliadas visualmente. \u00c9 por isso que a Groenl\u00e2ndia, por exemplo, parece ter propor\u00e7\u00f5es pr\u00f3ximas \u00e0s da \u00c1frica em muitos mapas tradicionais, embora exista uma diferen\u00e7a gigantesca entre as \u00e1reas dos dois territ\u00f3rios.<\/p>\n\n\n\n<p class=\"wp-block-paragraph\">Uma das alternativas discutidas para substituir ou complementar a representa\u00e7\u00e3o tradicional \u00e9 utilizar proje\u00e7\u00f5es que priorizem a preserva\u00e7\u00e3o das \u00e1reas reais dos territ\u00f3rios, mesmo que isso implique outras formas de distor\u00e7\u00e3o na representa\u00e7\u00e3o do planeta.<\/p>\n\n\n\n<h2 class=\"wp-block-heading\"><strong>Mudan\u00e7a pode chegar \u00e0s salas de aula e \u00e0 tecnologia<\/strong><\/h2>\n\n\n\n<p class=\"wp-block-paragraph\">Caso a resolu\u00e7\u00e3o seja aprovada, n\u00e3o significa que todos os mapas do mundo ser\u00e3o imediatamente substitu\u00eddos. A proposta funciona como uma orienta\u00e7\u00e3o pol\u00edtica e n\u00e3o possui car\u00e1ter obrigat\u00f3rio.<\/p>\n\n\n\n<p class=\"wp-block-paragraph\">No entanto, uma decis\u00e3o formal da Assembleia Geral pode aumentar a press\u00e3o para que institui\u00e7\u00f5es de ensino, produtores de mapas, empresas de tecnologia e \u00f3rg\u00e3os p\u00fablicos adotem representa\u00e7\u00f5es alternativas.<\/p>\n\n\n\n<p class=\"wp-block-paragraph\">A vota\u00e7\u00e3o est\u00e1 marcada para esta sexta-feira e pode abrir uma nova etapa em uma discuss\u00e3o que come\u00e7ou h\u00e1 quase cinco s\u00e9culos, quando Mercator criou seu mapa para ajudar navegadores a cruzar os oceanos.<\/p>\n\n\n\n<p class=\"wp-block-paragraph\"><\/p>\n","protected":false},"excerpt":{"rendered":"<p>O mapa-m\u00fandi utilizado h\u00e1 s\u00e9culos em escolas, livros, aplicativos e diferentes sistemas de navega\u00e7\u00e3o pode estar prestes a ganhar uma nova representa\u00e7\u00e3o. A Assembleia Geral das Na\u00e7\u00f5es Unidas deve votar nesta sexta-feira (9) uma resolu\u00e7\u00e3o que prop\u00f5e a substitui\u00e7\u00e3o gradual da tradicional proje\u00e7\u00e3o de Mercator por uma representa\u00e7\u00e3o considerada mais fiel \u00e0s dimens\u00f5es reais dos [&hellip;]<\/p>\n","protected":false},"author":9,"featured_media":19890,"comment_status":"closed","ping_status":"closed","sticky":false,"template":"","format":"standard","meta":{"jnews-multi-image_gallery":[],"jnews_single_post":{"format":"standard"},"jnews_primary_category":[],"jnews_social_meta":[],"jnews_post_split":[],"footnotes":""},"categories":[1],"tags":[],"class_list":["post-57802","post","type-post","status-publish","format-standard","has-post-thumbnail","hentry","category-geral"],"_referencia":"","_links":{"self":[{"href":"https:\/\/diariodocomercio.com.br\/mix\/wp-json\/wp\/v2\/posts\/57802","targetHints":{"allow":["GET"]}}],"collection":[{"href":"https:\/\/diariodocomercio.com.br\/mix\/wp-json\/wp\/v2\/posts"}],"about":[{"href":"https:\/\/diariodocomercio.com.br\/mix\/wp-json\/wp\/v2\/types\/post"}],"author":[{"embeddable":true,"href":"https:\/\/diariodocomercio.com.br\/mix\/wp-json\/wp\/v2\/users\/9"}],"replies":[{"embeddable":true,"href":"https:\/\/diariodocomercio.com.br\/mix\/wp-json\/wp\/v2\/comments?post=57802"}],"version-history":[{"count":1,"href":"https:\/\/diariodocomercio.com.br\/mix\/wp-json\/wp\/v2\/posts\/57802\/revisions"}],"predecessor-version":[{"id":57804,"href":"https:\/\/diariodocomercio.com.br\/mix\/wp-json\/wp\/v2\/posts\/57802\/revisions\/57804"}],"wp:featuredmedia":[{"embeddable":true,"href":"https:\/\/diariodocomercio.com.br\/mix\/wp-json\/wp\/v2\/media\/19890"}],"wp:attachment":[{"href":"https:\/\/diariodocomercio.com.br\/mix\/wp-json\/wp\/v2\/media?parent=57802"}],"wp:term":[{"taxonomy":"category","embeddable":true,"href":"https:\/\/diariodocomercio.com.br\/mix\/wp-json\/wp\/v2\/categories?post=57802"},{"taxonomy":"post_tag","embeddable":true,"href":"https:\/\/diariodocomercio.com.br\/mix\/wp-json\/wp\/v2\/tags?post=57802"}],"curies":[{"name":"wp","href":"https:\/\/api.w.org\/{rel}","templated":true}]}}