{"id":57805,"date":"2026-09-04T07:07:00","date_gmt":"2026-09-04T10:07:00","guid":{"rendered":"https:\/\/diariodocomercio.com.br\/mix\/?p=57805"},"modified":"2026-09-04T05:37:59","modified_gmt":"2026-09-04T08:37:59","slug":"ancelotti-confirma-fim-de-ciclo-na-selecao-brasileira-anuncio-sera-na-quarta-feira-09-09","status":"publish","type":"post","link":"https:\/\/diariodocomercio.com.br\/mix\/ancelotti-confirma-fim-de-ciclo-na-selecao-brasileira-anuncio-sera-na-quarta-feira-09-09\/","title":{"rendered":"Ancelotti confirma fim de ciclo na Sele\u00e7\u00e3o Brasileira; an\u00fancio ser\u00e1 na quarta-feira (09\/09)"},"content":{"rendered":"\n<p class=\"wp-block-paragraph\">A Sele\u00e7\u00e3o Brasileira dar\u00e1 in\u00edcio a uma nova etapa de seu projeto ap\u00f3s a Copa do Mundo deste ano. \u00c0 frente da equipe, Carlo Ancelotti confirmou que pretende promover uma renova\u00e7\u00e3o significativa do elenco e j\u00e1 trabalha na forma\u00e7\u00e3o de uma gera\u00e7\u00e3o capaz de representar o Brasil no Mundial de 2030. A primeira convoca\u00e7\u00e3o desse novo ciclo ser\u00e1 anunciada na pr\u00f3xima quarta-feira (9), com nomes escolhidos para os amistosos contra Austr\u00e1lia e \u00cdndia.<\/p>\n\n\n\n<p class=\"wp-block-paragraph\">Em entrevista \u00e0 Real Madrid TV durante uma visita ao clube espanhol, Ancelotti revelou que a comiss\u00e3o t\u00e9cnica vem acompanhando jogadores brasileiros espalhados por diferentes pa\u00edses. Segundo o treinador, a inten\u00e7\u00e3o \u00e9 ampliar as op\u00e7\u00f5es e preparar atletas jovens para que cheguem ao pr\u00f3ximo Mundial com experi\u00eancia, qualidade e ambi\u00e7\u00e3o.<\/p>\n\n\n\n<p class=\"wp-block-paragraph\">\u201cEstamos avaliando sobretudo os jovens brasileiros que est\u00e3o no mundo todo e vamos come\u00e7ar a programar uma nova gera\u00e7\u00e3o, que possa chegar a 2030 com ambi\u00e7\u00e3o e qualidade. E tentar competir com todos os times do mundo\u201d, afirmou o italiano.<\/p>\n\n\n\n<h2 class=\"wp-block-heading\"><strong>Nova gera\u00e7\u00e3o come\u00e7a a ser testada<\/strong><\/h2>\n\n\n\n<p class=\"wp-block-paragraph\">A renova\u00e7\u00e3o projetada por Ancelotti poder\u00e1 aparecer j\u00e1 na pr\u00f3xima Data Fifa. O treinador trabalha com uma lista larga de 56 jogadores e ter\u00e1 de reduzir a rela\u00e7\u00e3o para 23 convocados para os pr\u00f3ximos compromissos da Sele\u00e7\u00e3o.<\/p>\n\n\n\n<p class=\"wp-block-paragraph\">A tend\u00eancia \u00e9 que o grupo tenha uma presen\u00e7a significativa de atletas jovens. Embora a base da equipe ainda seja formada por jogadores que estiveram no \u00faltimo Mundial, a maioria dos escolhidos dever\u00e1 atuar no futebol brasileiro.<\/p>\n\n\n\n<p class=\"wp-block-paragraph\">Ancelotti est\u00e1 na Europa neste momento, mas tem chegada prevista ao Brasil na sexta-feira. A partir da\u00ed, o t\u00e9cnico dever\u00e1 concentrar as aten\u00e7\u00f5es na defini\u00e7\u00e3o da lista que ser\u00e1 divulgada no dia 9.<\/p>\n\n\n\n<p class=\"wp-block-paragraph\">A expectativa em torno da convoca\u00e7\u00e3o tamb\u00e9m est\u00e1 relacionada ao in\u00edcio de um novo planejamento. Com a Copa de 2030 como horizonte, o treinador italiano ter\u00e1 pela frente a miss\u00e3o de encontrar alternativas para diferentes posi\u00e7\u00f5es e dar espa\u00e7o a jogadores que ainda n\u00e3o tiveram participa\u00e7\u00e3o relevante na equipe principal.<\/p>\n\n\n\n<h2 class=\"wp-block-heading\"><strong>Brasil ter\u00e1 tr\u00eas amistosos no in\u00edcio do novo ciclo<\/strong><\/h2>\n\n\n\n<p class=\"wp-block-paragraph\">Os primeiros testes da Sele\u00e7\u00e3o depois da Copa j\u00e1 est\u00e3o definidos. O Brasil enfrentar\u00e1 a Austr\u00e1lia em duas oportunidades, nos dias 25 e 29 de setembro, nas cidades de Townsville e Brisbane, respectivamente.<\/p>\n\n\n\n<p class=\"wp-block-paragraph\">Depois dos compromissos em territ\u00f3rio australiano, a delega\u00e7\u00e3o seguir\u00e1 para a \u00cdndia. No dia 3 de outubro, o Brasil enfrentar\u00e1 a sele\u00e7\u00e3o indiana no Salt Lake Stadium, em Calcut\u00e1.<\/p>\n\n\n\n<p class=\"wp-block-paragraph\">O calend\u00e1rio abre espa\u00e7o para que Ancelotti observe diferentes nomes e comece a estabelecer a base da equipe que ser\u00e1 trabalhada nos pr\u00f3ximos anos. As novidades, portanto, podem surgir j\u00e1 nessa primeira convoca\u00e7\u00e3o do per\u00edodo p\u00f3s-Mundial.<\/p>\n\n\n\n<h2 class=\"wp-block-heading\"><strong>Data Fifa ter\u00e1 impacto no calend\u00e1rio dos clubes<\/strong><\/h2>\n\n\n\n<p class=\"wp-block-paragraph\">A pr\u00f3xima Data Fifa tamb\u00e9m ser\u00e1 uma das maiores interrup\u00e7\u00f5es do calend\u00e1rio nacional na temporada. Os campeonatos ser\u00e3o paralisados por 16 dias, entre 21 de setembro e 6 de outubro, per\u00edodo em que os clubes poder\u00e3o aproveitar para realizar ajustes t\u00e9cnicos e t\u00e1ticos.<\/p>\n\n\n\n<p class=\"wp-block-paragraph\">O Campeonato Brasileiro ser\u00e1 interrompido depois da 28\u00aa rodada, prevista para os dias 19 e 20 de setembro. A competi\u00e7\u00e3o ser\u00e1 retomada em 7 e 8 de outubro, com a realiza\u00e7\u00e3o da 29\u00aa rodada.<\/p>\n\n\n\n<p class=\"wp-block-paragraph\">Pouco depois, entre 13 e 15 de outubro, est\u00e3o previstos os jogos de ida das semifinais das competi\u00e7\u00f5es da Conmebol. A \u00faltima paralisa\u00e7\u00e3o da S\u00e9rie A ocorrer\u00e1 ap\u00f3s a 34\u00aa rodada, marcada para 4 de novembro. O campeonato voltar\u00e1 no dia 18 para a disputa das quatro rodadas finais.<\/p>\n\n\n\n<h2 class=\"wp-block-heading\">Pausa pode ser decisiva para clubes amea\u00e7ados<\/h2>\n\n\n\n<p class=\"wp-block-paragraph\">Embora as chamadas Datas Fifa sejam frequentemente alvo de cr\u00edticas por interromperem as competi\u00e7\u00f5es nacionais, o per\u00edodo tamb\u00e9m pode funcionar como uma esp\u00e9cie de \u201cfreio de arruma\u00e7\u00e3o\u201d para as equipes.<\/p>\n\n\n\n<p class=\"wp-block-paragraph\">A pausa oferece aos treinadores a oportunidade de trabalhar fundamentos t\u00e9cnicos, corrigir problemas t\u00e1ticos e reorganizar o time antes da reta final do campeonato. O impacto pode ser ainda maior para os clubes que brigam na parte inferior da tabela.<\/p>\n\n\n\n<p class=\"wp-block-paragraph\">O cen\u00e1rio atual refor\u00e7a essa preocupa\u00e7\u00e3o. Entre os 12 \u00faltimos colocados do Campeonato Brasileiro, apenas Santos e Gr\u00eamio conseguiram vencer duas partidas nas \u00faltimas cinco rodadas.<\/p>\n\n\n\n<p class=\"wp-block-paragraph\"><\/p>\n","protected":false},"excerpt":{"rendered":"<p>A Sele\u00e7\u00e3o Brasileira dar\u00e1 in\u00edcio a uma nova etapa de seu projeto ap\u00f3s a Copa do Mundo deste ano. \u00c0 frente da equipe, Carlo Ancelotti confirmou que pretende promover uma renova\u00e7\u00e3o significativa do elenco e j\u00e1 trabalha na forma\u00e7\u00e3o de uma gera\u00e7\u00e3o capaz de representar o Brasil no Mundial de 2030. A primeira convoca\u00e7\u00e3o desse [&hellip;]<\/p>\n","protected":false},"author":9,"featured_media":53504,"comment_status":"closed","ping_status":"closed","sticky":false,"template":"","format":"standard","meta":{"jnews-multi-image_gallery":[],"jnews_single_post":{"format":"standard"},"jnews_primary_category":[],"jnews_social_meta":[],"jnews_post_split":[],"footnotes":""},"categories":[1],"tags":[],"class_list":["post-57805","post","type-post","status-publish","format-standard","has-post-thumbnail","hentry","category-geral"],"_referencia":"","_links":{"self":[{"href":"https:\/\/diariodocomercio.com.br\/mix\/wp-json\/wp\/v2\/posts\/57805","targetHints":{"allow":["GET"]}}],"collection":[{"href":"https:\/\/diariodocomercio.com.br\/mix\/wp-json\/wp\/v2\/posts"}],"about":[{"href":"https:\/\/diariodocomercio.com.br\/mix\/wp-json\/wp\/v2\/types\/post"}],"author":[{"embeddable":true,"href":"https:\/\/diariodocomercio.com.br\/mix\/wp-json\/wp\/v2\/users\/9"}],"replies":[{"embeddable":true,"href":"https:\/\/diariodocomercio.com.br\/mix\/wp-json\/wp\/v2\/comments?post=57805"}],"version-history":[{"count":1,"href":"https:\/\/diariodocomercio.com.br\/mix\/wp-json\/wp\/v2\/posts\/57805\/revisions"}],"predecessor-version":[{"id":57806,"href":"https:\/\/diariodocomercio.com.br\/mix\/wp-json\/wp\/v2\/posts\/57805\/revisions\/57806"}],"wp:featuredmedia":[{"embeddable":true,"href":"https:\/\/diariodocomercio.com.br\/mix\/wp-json\/wp\/v2\/media\/53504"}],"wp:attachment":[{"href":"https:\/\/diariodocomercio.com.br\/mix\/wp-json\/wp\/v2\/media?parent=57805"}],"wp:term":[{"taxonomy":"category","embeddable":true,"href":"https:\/\/diariodocomercio.com.br\/mix\/wp-json\/wp\/v2\/categories?post=57805"},{"taxonomy":"post_tag","embeddable":true,"href":"https:\/\/diariodocomercio.com.br\/mix\/wp-json\/wp\/v2\/tags?post=57805"}],"curies":[{"name":"wp","href":"https:\/\/api.w.org\/{rel}","templated":true}]}}