{"id":57813,"date":"2026-09-04T09:18:00","date_gmt":"2026-09-04T12:18:00","guid":{"rendered":"https:\/\/diariodocomercio.com.br\/mix\/?p=57813"},"modified":"2026-09-04T05:57:35","modified_gmt":"2026-09-04T08:57:35","slug":"cidade-conhecida-como-suica-brasileira-encanta-turistas-e-entra-no-top-3-dos-destinos-mais-vendidos-do-pais-em-2026","status":"publish","type":"post","link":"https:\/\/diariodocomercio.com.br\/mix\/cidade-conhecida-como-suica-brasileira-encanta-turistas-e-entra-no-top-3-dos-destinos-mais-vendidos-do-pais-em-2026\/","title":{"rendered":"Cidade conhecida como &#8220;Su\u00ed\u00e7a Brasileira&#8221; encanta turistas e entra no top 3 dos destinos mais vendidos do pa\u00eds em 2026"},"content":{"rendered":"\n<p class=\"wp-block-paragraph\">Gramado, na Serra Ga\u00facha, voltou a ocupar posi\u00e7\u00e3o de destaque no turismo brasileiro. Conhecida pelo clima europeu, pela arquitetura caracter\u00edstica e pela forte programa\u00e7\u00e3o voltada aos visitantes, a cidade alcan\u00e7ou a <strong>3\u00aa coloca\u00e7\u00e3o entre os destinos nacionais mais comercializados no Brasil no primeiro semestre de 2026<\/strong>, segundo o mais recente Boletim Braztoa, da Associa\u00e7\u00e3o Brasileira das Operadoras de Turismo.<\/p>\n\n\n\n<p class=\"wp-block-paragraph\">O resultado refor\u00e7a a recupera\u00e7\u00e3o de um dos principais polos tur\u00edsticos do Rio Grande do Sul depois de um per\u00edodo marcado por dificuldades de acesso e queda no fluxo de visitantes. Agora, al\u00e9m de retomar espa\u00e7o entre os destinos mais procurados, Gramado passa por um processo de reposicionamento de sua imagem, em uma tentativa de resgatar caracter\u00edsticas pr\u00f3prias da cidade e reduzir a depend\u00eancia de refer\u00eancias estrangeiras.<\/p>\n\n\n\n<p class=\"wp-block-paragraph\">O turismo representa uma parcela central da economia local. De acordo com o secret\u00e1rio municipal respons\u00e1vel pela \u00e1rea, o setor responde por <strong>86% da economia de Gramado<\/strong>, o que ajuda a explicar a import\u00e2ncia de manter o munic\u00edpio competitivo no mercado nacional.<\/p>\n\n\n\n<p class=\"wp-block-paragraph\">Durante d\u00e9cadas, a cidade construiu uma identidade tur\u00edstica baseada em experi\u00eancias capazes de remeter a diferentes partes do mundo. Natais com ilumina\u00e7\u00e3o especial, museus de cera, parques tem\u00e1ticos, atra\u00e7\u00f5es com neve artificial e cen\u00e1rios cuidadosamente planejados ajudaram a consolidar a imagem de Gramado como um destino de inspira\u00e7\u00e3o europeia.<\/p>\n\n\n<div class=\"wp-block-image\">\n<figure class=\"aligncenter size-large\"><img decoding=\"async\" width=\"1200\" height=\"800\" src=\"https:\/\/diariodocomercio.com.br\/mix\/wp-content\/uploads\/2025\/05\/gramado-neve-2-1200x800.jpg\" alt=\"Neve Gramado\" class=\"wp-image-8715\" srcset=\"https:\/\/diariodocomercio.com.br\/mix\/wp-content\/uploads\/2025\/05\/gramado-neve-2-1200x800.jpg 1200w, https:\/\/diariodocomercio.com.br\/mix\/wp-content\/uploads\/2025\/05\/gramado-neve-2-300x200.jpg 300w, https:\/\/diariodocomercio.com.br\/mix\/wp-content\/uploads\/2025\/05\/gramado-neve-2-768x512.jpg 768w, https:\/\/diariodocomercio.com.br\/mix\/wp-content\/uploads\/2025\/05\/gramado-neve-2-150x100.jpg 150w, https:\/\/diariodocomercio.com.br\/mix\/wp-content\/uploads\/2025\/05\/gramado-neve-2-750x500.jpg 750w, https:\/\/diariodocomercio.com.br\/mix\/wp-content\/uploads\/2025\/05\/gramado-neve-2-1140x760.jpg 1140w, https:\/\/diariodocomercio.com.br\/mix\/wp-content\/uploads\/2025\/05\/gramado-neve-2.jpg 1517w\" sizes=\"(max-width: 1200px) 100vw, 1200px\" \/><figcaption class=\"wp-element-caption\">(Reprodu\u00e7\u00e3o\/Prefeitura Municipal de Gramado)<\/figcaption><\/figure>\n<\/div>\n\n\n<p class=\"wp-block-paragraph\">Essa estrat\u00e9gia, por\u00e9m, tamb\u00e9m levou \u00e0 reprodu\u00e7\u00e3o de elementos que n\u00e3o pertencem originalmente \u00e0 cultura local. Apesar da forte influ\u00eancia das imigra\u00e7\u00f5es alem\u00e3 e italiana, por exemplo, o munic\u00edpio possui cabines telef\u00f4nicas inspiradas no modelo londrino, enquanto a conhecida Rua Torta remete \u00e0 Lombard Street, em San Francisco, nos Estados Unidos. H\u00e1 ainda constru\u00e7\u00f5es com refer\u00eancias \u00e0 arquitetura dos pa\u00edses n\u00f3rdicos.<\/p>\n\n\n\n<p class=\"wp-block-paragraph\">Agora, a prefeitura trabalha em um processo de <strong>rebranding<\/strong>, desenvolvido em conjunto com o setor tur\u00edstico e com empresas especializadas em construir novas narrativas para cidades. A proposta \u00e9 encontrar uma identidade que valorize Gramado como uma cidade da Serra Ga\u00facha, sem abandonar os elementos que ajudaram a transformar o munic\u00edpio em um dos destinos mais conhecidos do pa\u00eds.<\/p>\n\n\n\n<h2 class=\"wp-block-heading\"><strong>Recupera\u00e7\u00e3o ap\u00f3s dificuldades no acesso<\/strong><\/h2>\n\n\n\n<p class=\"wp-block-paragraph\">O desempenho de 2026 ganha ainda mais relev\u00e2ncia diante dos problemas enfrentados pelo munic\u00edpio nos \u00faltimos anos. Em 2024, Gramado sofreu impactos no fluxo tur\u00edstico em raz\u00e3o de dificuldades operacionais e, principalmente, do fechamento tempor\u00e1rio do Aeroporto Internacional Salgado Filho, em Porto Alegre.<\/p>\n\n\n\n<p class=\"wp-block-paragraph\">A interrup\u00e7\u00e3o das opera\u00e7\u00f5es no principal aeroporto da regi\u00e3o obrigou turistas a recorrerem a terminais alternativos. A mudan\u00e7a aumentou a complexidade log\u00edstica para quem pretendia chegar ao Rio Grande do Sul e afetou diretamente destinos tur\u00edsticos que dependem da conectividade a\u00e9rea.<\/p>\n\n\n\n<p class=\"wp-block-paragraph\">Mesmo diante das adversidades, Gramado manteve sinais de recupera\u00e7\u00e3o. No Anu\u00e1rio Braztoa 2025, a cidade j\u00e1 havia aparecido entre os <strong>cinco destinos nacionais que mais registraram crescimento no interesse dos viajantes<\/strong>, sendo classificada entre os destinos emergentes do pa\u00eds.<\/p>\n\n\n\n<p class=\"wp-block-paragraph\">Com a retomada da conectividade a\u00e9rea e a normaliza\u00e7\u00e3o das atividades tur\u00edsticas, o munic\u00edpio voltou a apresentar desempenho suficiente para figurar novamente entre os destinos mais vendidos pelas operadoras brasileiras.<\/p>\n\n\n\n<h2 class=\"wp-block-heading\"><strong>Comunidade \u00e9 apontada como pe\u00e7a da recupera\u00e7\u00e3o<\/strong><\/h2>\n\n\n\n<p class=\"wp-block-paragraph\">O avan\u00e7o no ranking tamb\u00e9m foi atribu\u00eddo ao trabalho realizado pela popula\u00e7\u00e3o e pelo setor tur\u00edstico local. Para o prefeito de Gramado, Nestor Tissot (PP), o resultado demonstra a capacidade do munic\u00edpio de reagir mesmo ap\u00f3s um per\u00edodo de dificuldades.<\/p>\n\n\n\n<p class=\"wp-block-paragraph\">Segundo o prefeito, a recupera\u00e7\u00e3o n\u00e3o \u00e9 resultado apenas das a\u00e7\u00f5es do poder p\u00fablico, mas do esfor\u00e7o di\u00e1rio dos moradores que trabalham diretamente com o turismo e com o atendimento aos visitantes.<\/p>\n\n\n\n<p class=\"wp-block-paragraph\">A estrat\u00e9gia de reposicionamento da cidade, portanto, ocorre paralelamente \u00e0 manuten\u00e7\u00e3o de uma estrutura tur\u00edstica que j\u00e1 possui forte reconhecimento entre os brasileiros.<\/p>\n\n\n\n<h2 class=\"wp-block-heading\"><strong>Snowland tamb\u00e9m aparece entre os destaques<\/strong><\/h2>\n\n\n\n<p class=\"wp-block-paragraph\">O desempenho de Gramado n\u00e3o se limita ao ranking dos destinos. Um dos principais atrativos do munic\u00edpio tamb\u00e9m ganhou destaque no levantamento da Braztoa.<\/p>\n\n\n\n<p class=\"wp-block-paragraph\">O <strong>Snowland<\/strong>, parque tem\u00e1tico conhecido por oferecer experi\u00eancias relacionadas \u00e0 neve, alcan\u00e7ou a <strong>4\u00aa posi\u00e7\u00e3o entre as atra\u00e7\u00f5es tur\u00edsticas mais vendidas pelas operadoras associadas \u00e0 entidade<\/strong>.<\/p>\n\n\n\n<p class=\"wp-block-paragraph\">O resultado mostra como a for\u00e7a tur\u00edstica de Gramado est\u00e1 distribu\u00edda entre o destino como um todo e suas atra\u00e7\u00f5es individuais. Ao mesmo tempo em que a cidade tenta repensar sua marca e recuperar uma identidade mais pr\u00f3pria, os equipamentos que ajudaram a consolidar sua fama continuam atraindo visitantes.<\/p>\n\n\n\n<p class=\"wp-block-paragraph\"><\/p>\n","protected":false},"excerpt":{"rendered":"<p>Gramado, na Serra Ga\u00facha, voltou a ocupar posi\u00e7\u00e3o de destaque no turismo brasileiro. Conhecida pelo clima europeu, pela arquitetura caracter\u00edstica e pela forte programa\u00e7\u00e3o voltada aos visitantes, a cidade alcan\u00e7ou a 3\u00aa coloca\u00e7\u00e3o entre os destinos nacionais mais comercializados no Brasil no primeiro semestre de 2026, segundo o mais recente Boletim Braztoa, da Associa\u00e7\u00e3o Brasileira [&hellip;]<\/p>\n","protected":false},"author":9,"featured_media":57814,"comment_status":"closed","ping_status":"closed","sticky":false,"template":"","format":"standard","meta":{"jnews-multi-image_gallery":[],"jnews_single_post":{"format":"standard"},"jnews_primary_category":[],"jnews_social_meta":[],"jnews_post_split":[],"footnotes":""},"categories":[1],"tags":[],"class_list":["post-57813","post","type-post","status-publish","format-standard","has-post-thumbnail","hentry","category-geral"],"_referencia":"","_links":{"self":[{"href":"https:\/\/diariodocomercio.com.br\/mix\/wp-json\/wp\/v2\/posts\/57813","targetHints":{"allow":["GET"]}}],"collection":[{"href":"https:\/\/diariodocomercio.com.br\/mix\/wp-json\/wp\/v2\/posts"}],"about":[{"href":"https:\/\/diariodocomercio.com.br\/mix\/wp-json\/wp\/v2\/types\/post"}],"author":[{"embeddable":true,"href":"https:\/\/diariodocomercio.com.br\/mix\/wp-json\/wp\/v2\/users\/9"}],"replies":[{"embeddable":true,"href":"https:\/\/diariodocomercio.com.br\/mix\/wp-json\/wp\/v2\/comments?post=57813"}],"version-history":[{"count":1,"href":"https:\/\/diariodocomercio.com.br\/mix\/wp-json\/wp\/v2\/posts\/57813\/revisions"}],"predecessor-version":[{"id":57815,"href":"https:\/\/diariodocomercio.com.br\/mix\/wp-json\/wp\/v2\/posts\/57813\/revisions\/57815"}],"wp:featuredmedia":[{"embeddable":true,"href":"https:\/\/diariodocomercio.com.br\/mix\/wp-json\/wp\/v2\/media\/57814"}],"wp:attachment":[{"href":"https:\/\/diariodocomercio.com.br\/mix\/wp-json\/wp\/v2\/media?parent=57813"}],"wp:term":[{"taxonomy":"category","embeddable":true,"href":"https:\/\/diariodocomercio.com.br\/mix\/wp-json\/wp\/v2\/categories?post=57813"},{"taxonomy":"post_tag","embeddable":true,"href":"https:\/\/diariodocomercio.com.br\/mix\/wp-json\/wp\/v2\/tags?post=57813"}],"curies":[{"name":"wp","href":"https:\/\/api.w.org\/{rel}","templated":true}]}}