{"id":57820,"date":"2026-09-05T14:07:00","date_gmt":"2026-09-05T17:07:00","guid":{"rendered":"https:\/\/diariodocomercio.com.br\/mix\/?p=57820"},"modified":"2026-09-04T06:13:04","modified_gmt":"2026-09-04T09:13:04","slug":"rede-globo-anuncia-demissao-em-massa-por-erro-cometido-durante-a-copa-do-mundo","status":"publish","type":"post","link":"https:\/\/diariodocomercio.com.br\/mix\/rede-globo-anuncia-demissao-em-massa-por-erro-cometido-durante-a-copa-do-mundo\/","title":{"rendered":"Rede Globo anuncia demiss\u00e3o em massa por erro cometido durante a Copa do Mundo"},"content":{"rendered":"\n<p class=\"wp-block-paragraph\">A Globo prepara uma ampla mudan\u00e7a em sua estrutura de comando. A empresa deve confirmar nesta sexta-feira (4) a sa\u00edda de tr\u00eas diretores, em uma reformula\u00e7\u00e3o considerada uma das mais significativas da c\u00fapula da companhia na \u00faltima d\u00e9cada. Entre os principais motivos apontados est\u00e1 uma decis\u00e3o tomada na negocia\u00e7\u00e3o dos direitos da Copa do Mundo, que deixou mais de 50 partidas exclusivas para a Caz\u00e9TV.<\/p>\n\n\n\n<p class=\"wp-block-paragraph\">As mudan\u00e7as atingem <strong>Manuel Belmar<\/strong>, diretor de finan\u00e7as e estrutura; <strong>Manuel Falc\u00e3o<\/strong>, respons\u00e1vel por marca e comunica\u00e7\u00e3o institucional; e <strong>Pedro Garcia<\/strong>, diretor de direitos esportivos. A avalia\u00e7\u00e3o sobre a estrat\u00e9gia adotada para o Mundial pesa especialmente sobre Belmar e Garcia.<\/p>\n\n\n\n<p class=\"wp-block-paragraph\">Belmar estava na Globo desde 2003 e assumiu, em 2019, a diretoria de Finan\u00e7as, Jur\u00eddico e Infraestrutura. Durante sua trajet\u00f3ria, chegou a ser considerado um poss\u00edvel sucessor na presid\u00eancia do grupo, por sua proximidade com os herdeiros de Roberto Marinho.<\/p>\n\n\n\n<p class=\"wp-block-paragraph\">A decis\u00e3o relacionada \u00e0 Copa do Mundo, entretanto, teria alterado sua posi\u00e7\u00e3o dentro da empresa. No segundo semestre de 2025, ap\u00f3s a realiza\u00e7\u00e3o do torneio, a Fifa teria procurado a Globo para oferecer a totalidade dos <strong>104 jogos<\/strong> da competi\u00e7\u00e3o, em uma negocia\u00e7\u00e3o relacionada \u00e0 rela\u00e7\u00e3o hist\u00f3rica entre as duas organiza\u00e7\u00f5es.<\/p>\n\n\n\n<p class=\"wp-block-paragraph\">Belmar e Garcia optaram por n\u00e3o adquirir o pacote completo. A justificativa era de que a quantidade de partidas poderia provocar uma esp\u00e9cie de excesso de conte\u00fado esportivo para o p\u00fablico. A estrat\u00e9gia acabou sendo colocada em xeque diante da audi\u00eancia conquistada pela Caz\u00e9TV, que transmitiu mais de 50 partidas com exclusividade.<\/p>\n\n\n\n<h2 class=\"wp-block-heading\"><strong>Cr\u00edticas \u00e0 marca tamb\u00e9m entram no pacote<\/strong><\/h2>\n\n\n\n<p class=\"wp-block-paragraph\">A reformula\u00e7\u00e3o n\u00e3o se restringe ao setor esportivo. Manuel Falc\u00e3o, respons\u00e1vel pela \u00e1rea de Marcas e Comunica\u00e7\u00e3o Institucional, tamb\u00e9m deve deixar o cargo em meio a avalia\u00e7\u00f5es internas consideradas negativas sobre o desempenho da marca Globo.<\/p>\n\n\n\n<p class=\"wp-block-paragraph\">Estudos internos teriam apontado problemas relacionados \u00e0 percep\u00e7\u00e3o da emissora. A mudan\u00e7a no ambiente pol\u00edtico brasileiro tamb\u00e9m teria contribu\u00eddo para ampliar a rejei\u00e7\u00e3o \u00e0 marca entre determinados grupos de p\u00fablico, incluindo uma parcela de conservadores que passou a adotar uma postura mais cr\u00edtica em rela\u00e7\u00e3o \u00e0 empresa.<\/p>\n\n\n\n<p class=\"wp-block-paragraph\">Falc\u00e3o mant\u00e9m rela\u00e7\u00e3o de amizade com Paulo Marinho, atual presidente da Globo. Sua sa\u00edda, portanto, tamb\u00e9m \u00e9 interpretada como um sinal de que o comando de Marinho permanece preservado, mas com menor margem de autonomia diante das decis\u00f5es tomadas pelo conselho.<\/p>\n\n\n\n<h2 class=\"wp-block-heading\"><strong>Carlos Henrique Schroder volta ao centro da disputa<\/strong><\/h2>\n\n\n\n<p class=\"wp-block-paragraph\">Por tr\u00e1s da reformula\u00e7\u00e3o est\u00e1 tamb\u00e9m o retorno de um antigo nome de peso da companhia. <strong>Carlos Henrique Schroder<\/strong>, que comandou a Globo entre 2013 e 2019, voltou ao grupo no ano passado como integrante do Conselho de Administra\u00e7\u00e3o.<\/p>\n\n\n\n<p class=\"wp-block-paragraph\">Segundo informa\u00e7\u00f5es atribu\u00eddas a fontes pr\u00f3ximas \u00e0 empresa, Schroder teria apresentado ao conselho avalia\u00e7\u00f5es bastante cr\u00edticas sobre integrantes da equipe de Paulo Marinho. Nesse cen\u00e1rio, as mudan\u00e7as na c\u00fapula seriam resultado de uma decis\u00e3o do conselho, formado pelos filhos de Roberto Marinho \u2014 Roberto Irineu, Jo\u00e3o Roberto e Jos\u00e9 Roberto.<\/p>\n\n\n\n<p class=\"wp-block-paragraph\">A reformula\u00e7\u00e3o pode n\u00e3o terminar com os tr\u00eas nomes inicialmente anunciados. Pedro Garcia \u00e9 apontado entre os poss\u00edveis executivos atingidos, enquanto <strong>Paulo Tonet Camargo<\/strong>, vice-presidente de Rela\u00e7\u00f5es Institucionais, tamb\u00e9m aparece entre os nomes que podem deixar a estrutura.<\/p>\n\n\n\n<p class=\"wp-block-paragraph\">Nos \u00faltimos anos, a companhia passou por uma s\u00e9rie de mudan\u00e7as entre seus principais executivos. Nomes como <strong>Boninho, Silvio de Abreu, Erick Bretas e Ricardo Waddington<\/strong> deixaram posi\u00e7\u00f5es importantes na estrutura do grupo.<\/p>\n\n\n\n<p class=\"wp-block-paragraph\">Na disputa interna por espa\u00e7o, Amauri Soares e Manuel Belmar chegaram a sair fortalecidos em determinados momentos. A eventual sa\u00edda de Belmar, contudo, mostra que o cen\u00e1rio voltou a mudar e que a perman\u00eancia de antigos protagonistas n\u00e3o significa necessariamente vit\u00f3ria definitiva.<\/p>\n\n\n\n<h2 class=\"wp-block-heading\"><strong>Globo amplia concentra\u00e7\u00e3o de neg\u00f3cios<\/strong><\/h2>\n\n\n\n<p class=\"wp-block-paragraph\">A reorganiza\u00e7\u00e3o acontece em um momento de transforma\u00e7\u00e3o na pr\u00f3pria estrutura empresarial do grupo. Atualmente, a companhia est\u00e1 dividida em quatro grandes opera\u00e7\u00f5es.<\/p>\n\n\n\n<p class=\"wp-block-paragraph\">A <strong>Globo<\/strong> concentra a televis\u00e3o aberta, os canais pagos, o Globoplay, o g1, a GeTV e a opera\u00e7\u00e3o da Eletromidia. O <strong>Sistema Globo de R\u00e1dio<\/strong> re\u00fane marcas como CBN e R\u00e1dio Globo. J\u00e1 a <strong>Editora Globo<\/strong> administra ve\u00edculos como <em>O Globo<\/em> e <em>Valor Econ\u00f4mico<\/em>, al\u00e9m de revistas como <em>\u00c9poca Neg\u00f3cios<\/em> e <em>Vogue<\/em>.<\/p>\n\n\n\n<p class=\"wp-block-paragraph\">A quarta frente \u00e9 a <strong>Globo Ventures<\/strong>, bra\u00e7o de investimentos que mant\u00e9m participa\u00e7\u00f5es em empresas como QuintoAndar, Stone, LivUp e Buser.<\/p>\n\n\n\n<p class=\"wp-block-paragraph\"><\/p>\n","protected":false},"excerpt":{"rendered":"<p>A Globo prepara uma ampla mudan\u00e7a em sua estrutura de comando. A empresa deve confirmar nesta sexta-feira (4) a sa\u00edda de tr\u00eas diretores, em uma reformula\u00e7\u00e3o considerada uma das mais significativas da c\u00fapula da companhia na \u00faltima d\u00e9cada. Entre os principais motivos apontados est\u00e1 uma decis\u00e3o tomada na negocia\u00e7\u00e3o dos direitos da Copa do Mundo, [&hellip;]<\/p>\n","protected":false},"author":9,"featured_media":9578,"comment_status":"closed","ping_status":"closed","sticky":false,"template":"","format":"standard","meta":{"jnews-multi-image_gallery":[],"jnews_single_post":{"format":"standard"},"jnews_primary_category":[],"jnews_social_meta":[],"jnews_post_split":[],"footnotes":""},"categories":[1],"tags":[],"class_list":["post-57820","post","type-post","status-publish","format-standard","has-post-thumbnail","hentry","category-geral"],"_referencia":"","_links":{"self":[{"href":"https:\/\/diariodocomercio.com.br\/mix\/wp-json\/wp\/v2\/posts\/57820","targetHints":{"allow":["GET"]}}],"collection":[{"href":"https:\/\/diariodocomercio.com.br\/mix\/wp-json\/wp\/v2\/posts"}],"about":[{"href":"https:\/\/diariodocomercio.com.br\/mix\/wp-json\/wp\/v2\/types\/post"}],"author":[{"embeddable":true,"href":"https:\/\/diariodocomercio.com.br\/mix\/wp-json\/wp\/v2\/users\/9"}],"replies":[{"embeddable":true,"href":"https:\/\/diariodocomercio.com.br\/mix\/wp-json\/wp\/v2\/comments?post=57820"}],"version-history":[{"count":1,"href":"https:\/\/diariodocomercio.com.br\/mix\/wp-json\/wp\/v2\/posts\/57820\/revisions"}],"predecessor-version":[{"id":57821,"href":"https:\/\/diariodocomercio.com.br\/mix\/wp-json\/wp\/v2\/posts\/57820\/revisions\/57821"}],"wp:featuredmedia":[{"embeddable":true,"href":"https:\/\/diariodocomercio.com.br\/mix\/wp-json\/wp\/v2\/media\/9578"}],"wp:attachment":[{"href":"https:\/\/diariodocomercio.com.br\/mix\/wp-json\/wp\/v2\/media?parent=57820"}],"wp:term":[{"taxonomy":"category","embeddable":true,"href":"https:\/\/diariodocomercio.com.br\/mix\/wp-json\/wp\/v2\/categories?post=57820"},{"taxonomy":"post_tag","embeddable":true,"href":"https:\/\/diariodocomercio.com.br\/mix\/wp-json\/wp\/v2\/tags?post=57820"}],"curies":[{"name":"wp","href":"https:\/\/api.w.org\/{rel}","templated":true}]}}