{"id":57822,"date":"2026-09-04T15:29:52","date_gmt":"2026-09-04T18:29:52","guid":{"rendered":"https:\/\/diariodocomercio.com.br\/mix\/?p=57822"},"modified":"2026-09-04T15:29:54","modified_gmt":"2026-09-04T18:29:54","slug":"lula-anuncia-a-melhor-noticia-de-2026-para-idosos-acima-de-60-anos","status":"publish","type":"post","link":"https:\/\/diariodocomercio.com.br\/mix\/lula-anuncia-a-melhor-noticia-de-2026-para-idosos-acima-de-60-anos\/","title":{"rendered":"Lula anuncia a melhor not\u00edcia de 2026 para idosos acima de 60 anos"},"content":{"rendered":"\n<p class=\"wp-block-paragraph\">O governo do presidente Luiz In\u00e1cio Lula da Silva anunciou nesta quinta-feira (3) que o Instituto Nacional do Seguro Social (INSS) conseguiu eliminar a chamada fila represada de pedidos iniciais. A medida \u00e9 apresentada pelo Executivo como uma importante redu\u00e7\u00e3o no tempo de espera dos segurados, especialmente idosos que dependem da Previd\u00eancia para ter acesso a benef\u00edcios. Apesar do an\u00fancio, 261 mil processos ainda aguardavam uma decis\u00e3o h\u00e1 mais de 45 dias em agosto.<\/p>\n\n\n\n<p class=\"wp-block-paragraph\">A diferen\u00e7a est\u00e1 no conceito utilizado pelo governo para definir o fim da fila. Segundo o ministro da Previd\u00eancia, Wolney Queiroz, os requerimentos que permanecem pendentes s\u00e3o, em grande parte, casos mais complexos, principalmente relacionados ao Benef\u00edcio de Presta\u00e7\u00e3o Continuada (BPC), e est\u00e3o sendo analisados por grupos de trabalho espec\u00edficos.<\/p>\n\n\n\n<p class=\"wp-block-paragraph\">O governo considera que o INSS deixou de ter uma fila represada porque passou a concluir mais solicita\u00e7\u00f5es do que recebe. Em agosto, foram registrados 1,394 milh\u00e3o de novos requerimentos, enquanto o estoque total de processos em an\u00e1lise terminou o m\u00eas em 1,252 milh\u00e3o.<\/p>\n\n\n\n<figure class=\"wp-block-embed is-type-video is-provider-youtube wp-block-embed-youtube wp-embed-aspect-16-9 wp-has-aspect-ratio\"><div class=\"wp-block-embed__wrapper\">\n<div class=\"jeg_video_container jeg_video_content\"><iframe loading=\"lazy\" title=\"Presidente Lula no an\u00fancio do atendimento Sem Fila na Previd\u00eancia Social\" width=\"500\" height=\"281\" src=\"https:\/\/www.youtube.com\/embed\/cns2jVxp64c?feature=oembed\" frameborder=\"0\" allow=\"accelerometer; autoplay; clipboard-write; encrypted-media; gyroscope; picture-in-picture; web-share\" referrerpolicy=\"strict-origin-when-cross-origin\" allowfullscreen><\/iframe><\/div>\n<\/div><\/figure>\n\n\n\n<h2 class=\"wp-block-heading\"><strong>Tempo m\u00e9dio de an\u00e1lise caiu para 34 dias<\/strong><\/h2>\n\n\n\n<p class=\"wp-block-paragraph\">Durante uma cerim\u00f4nia realizada no Pal\u00e1cio do Planalto, o Executivo informou que o tempo m\u00e9dio para uma decis\u00e3o do INSS caiu para 34 dias. O n\u00famero est\u00e1 abaixo dos 45 dias utilizados pelo governo como refer\u00eancia para a an\u00e1lise dos pedidos.<\/p>\n\n\n\n<p class=\"wp-block-paragraph\">O diretor de Benef\u00edcios do INSS, Leonardo Bittencourt, detalhou os n\u00fameros durante reuni\u00e3o do Conselho Nacional de Previd\u00eancia Social (CNPS). De acordo com ele, havia 261 mil processos aguardando h\u00e1 mais de 45 dias em agosto.<\/p>\n\n\n\n<p class=\"wp-block-paragraph\">Apesar de ainda representar um volume significativo, o estoque caiu 86% desde janeiro. Naquele m\u00eas, eram 1,882 milh\u00e3o de pessoas esperando uma resposta por per\u00edodo superior a 45 dias.<\/p>\n\n\n\n<p class=\"wp-block-paragraph\">Outro indicador apresentado pelo governo foi o aumento das concess\u00f5es. Entre janeiro e julho, o \u00edndice chegou a 67%, com uma m\u00e9dia de aproximadamente 730 mil benef\u00edcios concedidos por m\u00eas. No mesmo intervalo de 2025, a m\u00e9dia havia sido de 641 mil requerimentos.<\/p>\n\n\n\n<h2 class=\"wp-block-heading\"><strong>Casos do BPC continuam entre os mais complexos<\/strong><\/h2>\n\n\n\n<p class=\"wp-block-paragraph\">O an\u00fancio de \u201catendimento sem fila\u201d n\u00e3o significa que todos os pedidos pendentes foram analisados. A estrat\u00e9gia adotada pelo governo considera principalmente o fluxo de entrada e sa\u00edda dos processos.<\/p>\n\n\n\n<p class=\"wp-block-paragraph\">Entre os casos que ainda exigem mais tempo est\u00e3o pedidos relacionados ao BPC, benef\u00edcio destinado a idosos de baixa renda e pessoas com defici\u00eancia que atendem aos crit\u00e9rios estabelecidos pela legisla\u00e7\u00e3o. Segundo o ministro Wolney Queiroz, esses requerimentos est\u00e3o sendo tratados por equipes espec\u00edficas justamente por apresentarem maior complexidade.<\/p>\n\n\n\n<p class=\"wp-block-paragraph\">Na semana passada, Lula j\u00e1 havia comentado sobre o cen\u00e1rio em entrevista \u00e0 TV Globo. Na ocasi\u00e3o, o presidente afirmou que a espera de 45 dias permaneceria para uma parcela considerada residual dos pedidos.<\/p>\n\n\n\n<p class=\"wp-block-paragraph\">O n\u00famero citado pelo presidente na entrevista, entretanto, \u00e9 inferior ao registrado posteriormente pelo INSS, que informou 261 mil processos nessa condi\u00e7\u00e3o em agosto.<\/p>\n\n\n\n<h2 class=\"wp-block-heading\"><strong>Fim da fila era uma das promessas de Lula<\/strong><\/h2>\n\n\n\n<p class=\"wp-block-paragraph\">A redu\u00e7\u00e3o da espera no INSS tamb\u00e9m tem peso pol\u00edtico. Durante a campanha eleitoral, Lula apresentou oito compromissos relacionados \u00e0 economia, entre eles a promessa de acabar com a fila de pedidos do instituto.<\/p>\n\n\n\n<p class=\"wp-block-paragraph\">Na lista estavam a isen\u00e7\u00e3o do Imposto de Renda para quem recebe at\u00e9 R$ 5 mil por m\u00eas, a cria\u00e7\u00e3o de um programa de renegocia\u00e7\u00e3o de d\u00edvidas, a redu\u00e7\u00e3o do pre\u00e7o da picanha, a mudan\u00e7a da pol\u00edtica de pre\u00e7os dos combust\u00edveis, a substitui\u00e7\u00e3o do teto de gastos, a reforma tribut\u00e1ria, uma nova legisla\u00e7\u00e3o trabalhista e o fim da fila do INSS.<\/p>\n\n\n\n<p class=\"wp-block-paragraph\">At\u00e9 o an\u00fancio desta quinta-feira, cinco dessas promessas eram consideradas integralmente cumpridas: a cria\u00e7\u00e3o da faixa de isen\u00e7\u00e3o do Imposto de Renda para rendimentos de at\u00e9 R$ 5 mil, a substitui\u00e7\u00e3o do teto de gastos pelo arcabou\u00e7o fiscal, a altera\u00e7\u00e3o da pol\u00edtica de pre\u00e7os dos combust\u00edveis, a cria\u00e7\u00e3o de um programa de renegocia\u00e7\u00e3o de d\u00edvidas e a aprova\u00e7\u00e3o da reforma tribut\u00e1ria.<\/p>\n\n\n\n<p class=\"wp-block-paragraph\">A promessa relacionada \u00e0 legisla\u00e7\u00e3o trabalhista, por outro lado, ainda n\u00e3o pode ser considerada conclu\u00edda. Uma das iniciativas associadas ao compromisso \u00e9 a PEC que prev\u00ea o fim da escala 6\u00d71 e a redu\u00e7\u00e3o gradual da jornada semanal, mas a proposta ainda precisa passar pelo Senado e n\u00e3o est\u00e1 em vigor.<\/p>\n\n\n\n<h2 class=\"wp-block-heading\"><strong>TCU mant\u00e9m INSS em lista de alto risco<\/strong><\/h2>\n\n\n\n<p class=\"wp-block-paragraph\">Mesmo com a melhora apresentada pelo governo, a situa\u00e7\u00e3o do instituto continua sob acompanhamento dos \u00f3rg\u00e3os de controle.<\/p>\n\n\n\n<p class=\"wp-block-paragraph\">O Tribunal de Contas da Uni\u00e3o (TCU) decidiu manter a concess\u00e3o de benef\u00edcios previdenci\u00e1rios na Lista de Alto Risco da administra\u00e7\u00e3o p\u00fablica federal. Entre os fatores considerados est\u00e3o justamente a exist\u00eancia de uma fila de pedidos e o aumento do n\u00famero de requerimentos indeferidos.<\/p>\n\n\n\n<p class=\"wp-block-paragraph\"><\/p>\n","protected":false},"excerpt":{"rendered":"<p>O governo do presidente Luiz In\u00e1cio Lula da Silva anunciou nesta quinta-feira (3) que o Instituto Nacional do Seguro Social (INSS) conseguiu eliminar a chamada fila represada de pedidos iniciais. A medida \u00e9 apresentada pelo Executivo como uma importante redu\u00e7\u00e3o no tempo de espera dos segurados, especialmente idosos que dependem da Previd\u00eancia para ter acesso [&hellip;]<\/p>\n","protected":false},"author":9,"featured_media":40526,"comment_status":"closed","ping_status":"closed","sticky":false,"template":"","format":"standard","meta":{"jnews-multi-image_gallery":[],"jnews_single_post":{"format":"standard"},"jnews_primary_category":[],"jnews_social_meta":[],"jnews_post_split":[],"footnotes":""},"categories":[1],"tags":[],"class_list":["post-57822","post","type-post","status-publish","format-standard","has-post-thumbnail","hentry","category-geral"],"_referencia":"","_links":{"self":[{"href":"https:\/\/diariodocomercio.com.br\/mix\/wp-json\/wp\/v2\/posts\/57822","targetHints":{"allow":["GET"]}}],"collection":[{"href":"https:\/\/diariodocomercio.com.br\/mix\/wp-json\/wp\/v2\/posts"}],"about":[{"href":"https:\/\/diariodocomercio.com.br\/mix\/wp-json\/wp\/v2\/types\/post"}],"author":[{"embeddable":true,"href":"https:\/\/diariodocomercio.com.br\/mix\/wp-json\/wp\/v2\/users\/9"}],"replies":[{"embeddable":true,"href":"https:\/\/diariodocomercio.com.br\/mix\/wp-json\/wp\/v2\/comments?post=57822"}],"version-history":[{"count":1,"href":"https:\/\/diariodocomercio.com.br\/mix\/wp-json\/wp\/v2\/posts\/57822\/revisions"}],"predecessor-version":[{"id":57824,"href":"https:\/\/diariodocomercio.com.br\/mix\/wp-json\/wp\/v2\/posts\/57822\/revisions\/57824"}],"wp:featuredmedia":[{"embeddable":true,"href":"https:\/\/diariodocomercio.com.br\/mix\/wp-json\/wp\/v2\/media\/40526"}],"wp:attachment":[{"href":"https:\/\/diariodocomercio.com.br\/mix\/wp-json\/wp\/v2\/media?parent=57822"}],"wp:term":[{"taxonomy":"category","embeddable":true,"href":"https:\/\/diariodocomercio.com.br\/mix\/wp-json\/wp\/v2\/categories?post=57822"},{"taxonomy":"post_tag","embeddable":true,"href":"https:\/\/diariodocomercio.com.br\/mix\/wp-json\/wp\/v2\/tags?post=57822"}],"curies":[{"name":"wp","href":"https:\/\/api.w.org\/{rel}","templated":true}]}}