{"id":57825,"date":"2026-09-04T16:19:00","date_gmt":"2026-09-04T19:19:00","guid":{"rendered":"https:\/\/diariodocomercio.com.br\/mix\/?p=57825"},"modified":"2026-09-04T06:30:10","modified_gmt":"2026-09-04T09:30:10","slug":"sus-anuncia-grande-noticia-para-brasileiros-com-risco-de-avc-ou-infarto","status":"publish","type":"post","link":"https:\/\/diariodocomercio.com.br\/mix\/sus-anuncia-grande-noticia-para-brasileiros-com-risco-de-avc-ou-infarto\/","title":{"rendered":"SUS anuncia grande not\u00edcia para brasileiros com risco de AVC ou infarto"},"content":{"rendered":"\n<p class=\"wp-block-paragraph\">Brasileiros que chegam aos servi\u00e7os de urg\u00eancia e emerg\u00eancia com suspeita de infarto ou AVC isqu\u00eamico poder\u00e3o contar com uma nova estrat\u00e9gia do Sistema \u00danico de Sa\u00fade (SUS) para ampliar o acesso aos medicamentos capazes de desobstruir vasos sangu\u00edneos. O presidente Luiz In\u00e1cio Lula da Silva sancionou nesta quarta-feira (2) uma lei que amplia a oferta de medicamentos trombol\u00edticos na rede p\u00fablica e determinou novas medidas para melhorar o atendimento desses pacientes.<\/p>\n\n\n\n<p class=\"wp-block-paragraph\">A san\u00e7\u00e3o ocorreu durante cerim\u00f4nia no Pal\u00e1cio do Planalto. Na ocasi\u00e3o, Lula voltou a defender que investimentos em sa\u00fade devem ser tratados como prioridade e afirmou que \u201csa\u00fade n\u00e3o \u00e9 gasto\u201d. O presidente tamb\u00e9m agradeceu ao Congresso Nacional pela aprova\u00e7\u00e3o da proposta e destacou que avan\u00e7os na \u00e1rea podem superar diverg\u00eancias ideol\u00f3gicas.<\/p>\n\n\n\n<p class=\"wp-block-paragraph\">Durante a cerim\u00f4nia, o ministro da Sa\u00fade, Alexandre Padilha, assinou uma portaria que criou o Comit\u00ea de Acompanhamento da Implementa\u00e7\u00e3o das Linhas de Cuidado dos Agravos Cerebrovasculares e Cardiovasculares Tempo-Dependentes, voltado aos casos de AVC e Infarto Agudo do Mioc\u00e1rdio (IAM).<\/p>\n\n\n\n<p class=\"wp-block-paragraph\">O grupo ter\u00e1 a responsabilidade de avaliar a implementa\u00e7\u00e3o das novas medidas e propor a\u00e7\u00f5es para ampliar a disponibilidade dos trombol\u00edticos, al\u00e9m de melhorar a assist\u00eancia oferecida aos pacientes que chegam \u00e0 rede de urg\u00eancia e emerg\u00eancia.<\/p>\n\n\n\n<p class=\"wp-block-paragraph\">A inten\u00e7\u00e3o \u00e9 reduzir o intervalo entre os primeiros sinais da doen\u00e7a, o diagn\u00f3stico, o in\u00edcio do tratamento e a transfer\u00eancia para uma unidade de refer\u00eancia.<\/p>\n\n\n\n<p class=\"wp-block-paragraph\">\u201cNos casos de infarto e AVC, cada minuto conta\u201d, afirmou Padilha. Segundo o ministro, o trabalho envolver\u00e1 especialistas, estados e munic\u00edpios para tornar mais r\u00e1pida toda a jornada do paciente. A avalia\u00e7\u00e3o do governo \u00e9 que a redu\u00e7\u00e3o desse tempo pode aumentar as chances de sobreviv\u00eancia e diminuir a possibilidade de sequelas.<\/p>\n\n\n\n<h2 class=\"wp-block-heading\"><strong>Trombol\u00edticos j\u00e1 s\u00e3o previstos pelo SUS<\/strong><\/h2>\n\n\n\n<p class=\"wp-block-paragraph\">Os protocolos do SUS j\u00e1 estabelecem a utiliza\u00e7\u00e3o de medicamentos trombol\u00edticos em servi\u00e7os de urg\u00eancia e emerg\u00eancia, inclusive nas Unidades de Pronto Atendimento (UPAs). A principal quest\u00e3o que a nova iniciativa pretende enfrentar est\u00e1 relacionada \u00e0 disponibilidade desses medicamentos.<\/p>\n\n\n\n<p class=\"wp-block-paragraph\">Atualmente, a aquisi\u00e7\u00e3o dos trombol\u00edticos \u00e9 feita pelos gestores locais. Com o novo comit\u00ea, o Minist\u00e9rio da Sa\u00fade pretende estudar formas de aperfei\u00e7oar esse processo e ampliar a presen\u00e7a dos medicamentos na rede p\u00fablica.<\/p>\n\n\n\n<p class=\"wp-block-paragraph\">Os trombol\u00edticos s\u00e3o utilizados, mediante avalia\u00e7\u00e3o m\u00e9dica, em situa\u00e7\u00f5es de Infarto Agudo do Mioc\u00e1rdio e de AVC isqu\u00eamico. Os rem\u00e9dios atuam sobre os trombos, estruturas que podem bloquear a passagem do sangue pelos vasos, ajudando a restabelecer a circula\u00e7\u00e3o.<\/p>\n\n\n\n<p class=\"wp-block-paragraph\">O tratamento, por\u00e9m, depende de avalia\u00e7\u00e3o cl\u00ednica e do tipo de ocorr\u00eancia. Nem todos os pacientes com suspeita de infarto ou AVC podem receber trombol\u00edticos, j\u00e1 que existem crit\u00e9rios m\u00e9dicos para determinar quando a terapia \u00e9 indicada.<\/p>\n\n\n\n<h2 class=\"wp-block-heading\"><strong>Brasil registra centenas de milhares de casos<\/strong><\/h2>\n\n\n\n<p class=\"wp-block-paragraph\">A medida ganha relev\u00e2ncia diante da quantidade de casos registrados no pa\u00eds. O Brasil contabiliza entre 300 mil e 400 mil infartos por ano, segundo os dados apresentados pelo governo.<\/p>\n\n\n\n<p class=\"wp-block-paragraph\">No caso do AVC, o SUS registrou 292 mil atendimentos durante 2025. Desse total, 218 mil foram relacionados ao AVC isqu\u00eamico, tipo em que um co\u00e1gulo ou outra obstru\u00e7\u00e3o impede a circula\u00e7\u00e3o adequada do sangue em uma regi\u00e3o do c\u00e9rebro.<\/p>\n\n\n\n<p class=\"wp-block-paragraph\">\u00c9 justamente nesse cen\u00e1rio que a rapidez do atendimento pode ter impacto significativo. Quanto mais tempo uma regi\u00e3o do cora\u00e7\u00e3o ou do c\u00e9rebro permanece sem receber sangue adequadamente, maior pode ser o risco de danos permanentes.<\/p>\n\n\n\n<h2 class=\"wp-block-heading\"><strong>Lei busca reduzir tempo at\u00e9 o tratamento<\/strong><\/h2>\n\n\n\n<p class=\"wp-block-paragraph\">A nova legisla\u00e7\u00e3o n\u00e3o representa apenas uma mudan\u00e7a na exist\u00eancia dos medicamentos, j\u00e1 que os trombol\u00edticos j\u00e1 fazem parte dos protocolos de atendimento do SUS. O objetivo central \u00e9 criar condi\u00e7\u00f5es para que eles estejam mais dispon\u00edveis quando forem necess\u00e1rios e para que o paciente percorra mais rapidamente as diferentes etapas do atendimento.<\/p>\n\n\n\n<p class=\"wp-block-paragraph\">Com o comit\u00ea rec\u00e9m-criado, o Minist\u00e9rio da Sa\u00fade dever\u00e1 acompanhar a implementa\u00e7\u00e3o das linhas de cuidado e propor medidas para aperfei\u00e7oar a assist\u00eancia nos estados e munic\u00edpios.<\/p>\n\n\n\n<p class=\"wp-block-paragraph\">Na pr\u00e1tica, a iniciativa pretende atacar um dos principais fatores envolvidos no tratamento de AVC e infarto: o tempo.<\/p>\n\n\n\n<p class=\"wp-block-paragraph\"><\/p>\n","protected":false},"excerpt":{"rendered":"<p>Brasileiros que chegam aos servi\u00e7os de urg\u00eancia e emerg\u00eancia com suspeita de infarto ou AVC isqu\u00eamico poder\u00e3o contar com uma nova estrat\u00e9gia do Sistema \u00danico de Sa\u00fade (SUS) para ampliar o acesso aos medicamentos capazes de desobstruir vasos sangu\u00edneos. O presidente Luiz In\u00e1cio Lula da Silva sancionou nesta quarta-feira (2) uma lei que amplia a [&hellip;]<\/p>\n","protected":false},"author":9,"featured_media":24464,"comment_status":"closed","ping_status":"closed","sticky":false,"template":"","format":"standard","meta":{"jnews-multi-image_gallery":[],"jnews_single_post":{"format":"standard"},"jnews_primary_category":[],"jnews_social_meta":[],"jnews_post_split":[],"footnotes":""},"categories":[1],"tags":[],"class_list":["post-57825","post","type-post","status-publish","format-standard","has-post-thumbnail","hentry","category-geral"],"_referencia":"","_links":{"self":[{"href":"https:\/\/diariodocomercio.com.br\/mix\/wp-json\/wp\/v2\/posts\/57825","targetHints":{"allow":["GET"]}}],"collection":[{"href":"https:\/\/diariodocomercio.com.br\/mix\/wp-json\/wp\/v2\/posts"}],"about":[{"href":"https:\/\/diariodocomercio.com.br\/mix\/wp-json\/wp\/v2\/types\/post"}],"author":[{"embeddable":true,"href":"https:\/\/diariodocomercio.com.br\/mix\/wp-json\/wp\/v2\/users\/9"}],"replies":[{"embeddable":true,"href":"https:\/\/diariodocomercio.com.br\/mix\/wp-json\/wp\/v2\/comments?post=57825"}],"version-history":[{"count":1,"href":"https:\/\/diariodocomercio.com.br\/mix\/wp-json\/wp\/v2\/posts\/57825\/revisions"}],"predecessor-version":[{"id":57826,"href":"https:\/\/diariodocomercio.com.br\/mix\/wp-json\/wp\/v2\/posts\/57825\/revisions\/57826"}],"wp:featuredmedia":[{"embeddable":true,"href":"https:\/\/diariodocomercio.com.br\/mix\/wp-json\/wp\/v2\/media\/24464"}],"wp:attachment":[{"href":"https:\/\/diariodocomercio.com.br\/mix\/wp-json\/wp\/v2\/media?parent=57825"}],"wp:term":[{"taxonomy":"category","embeddable":true,"href":"https:\/\/diariodocomercio.com.br\/mix\/wp-json\/wp\/v2\/categories?post=57825"},{"taxonomy":"post_tag","embeddable":true,"href":"https:\/\/diariodocomercio.com.br\/mix\/wp-json\/wp\/v2\/tags?post=57825"}],"curies":[{"name":"wp","href":"https:\/\/api.w.org\/{rel}","templated":true}]}}