{"id":57829,"date":"2026-09-04T12:37:52","date_gmt":"2026-09-04T15:37:52","guid":{"rendered":"https:\/\/diariodocomercio.com.br\/mix\/?p=57829"},"modified":"2026-09-04T12:37:54","modified_gmt":"2026-09-04T15:37:54","slug":"tomar-banho-com-lentes-de-contato-pode-causar-infeccao-rara-e-levar-a-perda-da-visao","status":"publish","type":"post","link":"https:\/\/diariodocomercio.com.br\/mix\/tomar-banho-com-lentes-de-contato-pode-causar-infeccao-rara-e-levar-a-perda-da-visao\/","title":{"rendered":"Tomar banho com lentes de contato pode causar infec\u00e7\u00e3o rara e levar \u00e0 perda da vis\u00e3o"},"content":{"rendered":"\n<p class=\"wp-block-paragraph\">Tomar banho usando lentes de contato pode parecer um h\u00e1bito sem grandes consequ\u00eancias, mas a exposi\u00e7\u00e3o das lentes \u00e0 \u00e1gua pode favorecer uma infec\u00e7\u00e3o ocular rara e potencialmente devastadora. A ceratite por <em>Acanthamoeba<\/em>, causada por um microrganismo capaz de infectar a c\u00f3rnea, est\u00e1 entre as complica\u00e7\u00f5es mais temidas relacionadas ao uso de lentes e pode provocar sequelas visuais irrevers\u00edveis.<\/p>\n\n\n\n<p class=\"wp-block-paragraph\">Uma revis\u00e3o publicada em junho de 2026 na revista <em>Clinical Microbiology Reviews<\/em> aponta que a incid\u00eancia da doen\u00e7a vem aumentando mundialmente, em grande parte acompanhando o crescimento do n\u00famero de usu\u00e1rios de lentes de contato. O tratamento tamb\u00e9m \u00e9 considerado dif\u00edcil porque o organismo pode formar cistos resistentes aos medicamentos e o diagn\u00f3stico frequentemente demora.<\/p>\n\n\n\n<p class=\"wp-block-paragraph\">Estima-se que a ceratite por <em>Acanthamoeba<\/em> represente cerca de 2% das infec\u00e7\u00f5es da c\u00f3rnea em todo o mundo. Apesar de ser uma condi\u00e7\u00e3o incomum, sua gravidade faz com que medidas simples de preven\u00e7\u00e3o tenham grande import\u00e2ncia.<\/p>\n\n\n\n<h2 class=\"wp-block-heading\"><strong>Jovem perdeu a vis\u00e3o ap\u00f3s infec\u00e7\u00e3o<\/strong><\/h2>\n\n\n\n<p class=\"wp-block-paragraph\">Um caso que ganhou repercuss\u00e3o \u00e9 o da norte-americana Grace Jamison, de 20 anos. A jovem conta que come\u00e7ou a utilizar lentes de contato aos 14 e manteve durante anos uma rotina que inclu\u00eda tomar banho com elas.<\/p>\n\n\n\n<p class=\"wp-block-paragraph\">A situa\u00e7\u00e3o continuou quando, aos 19 anos, ela se mudou para a Rep\u00fablica Dominicana para realizar uma miss\u00e3o religiosa. Em uma determinada noite, tomou banho usando as lentes, retirou-as posteriormente e foi dormir.<\/p>\n\n\n\n<figure class=\"wp-block-embed is-type-video is-provider-youtube wp-block-embed-youtube wp-embed-aspect-16-9 wp-has-aspect-ratio\"><div class=\"wp-block-embed__wrapper\">\n<div class=\"jeg_video_container jeg_video_content\"><iframe loading=\"lazy\" title=\"My story of how I\u2019m going blind and how I got Acanthameoba  Please take care of your contacts and ne\" width=\"500\" height=\"281\" src=\"https:\/\/www.youtube.com\/embed\/txClfhf76aQ?feature=oembed\" frameborder=\"0\" allow=\"accelerometer; autoplay; clipboard-write; encrypted-media; gyroscope; picture-in-picture; web-share\" referrerpolicy=\"strict-origin-when-cross-origin\" allowfullscreen><\/iframe><\/div>\n<\/div><\/figure>\n\n\n\n<p class=\"wp-block-paragraph\">Dias depois, os primeiros sintomas apareceram. Inicialmente, os olhos ficaram secos e co\u00e7avam. Na sequ\u00eancia, vieram vermelhid\u00e3o e forte sensibilidade \u00e0 luz. A evolu\u00e7\u00e3o foi r\u00e1pida e, aproximadamente uma semana depois, Jamison relata que sua vis\u00e3o estava t\u00e3o comprometida que mal conseguia enxergar.<\/p>\n\n\n\n<p class=\"wp-block-paragraph\">Antes de receber o diagn\u00f3stico correto, a jovem passou por consultas com diferentes oftalmologistas. Inicialmente, um m\u00e9dico suspeitou de uma infec\u00e7\u00e3o causada pelo v\u00edrus do herpes e prescreveu col\u00edrios com corticoide. Posteriormente, ela descobriu que esse tratamento poderia ter agravado o quadro.<\/p>\n\n\n\n<p class=\"wp-block-paragraph\">Durante quase um m\u00eas, Jamison retornou frequentemente a consultas at\u00e9 que os m\u00e9dicos identificaram a causa: ceratite por <em>Acanthamoeba<\/em>.<\/p>\n\n\n\n<h2 class=\"wp-block-heading\"><strong>\u00c1gua pode carregar o microrganismo<\/strong><\/h2>\n\n\n\n<p class=\"wp-block-paragraph\">A <em>Acanthamoeba<\/em> \u00e9 uma ameba microsc\u00f3pica encontrada no ambiente e pode estar presente na \u00e1gua. Quando uma pessoa utiliza lentes de contato, a exposi\u00e7\u00e3o \u00e0 \u00e1gua aumenta o risco de o microrganismo entrar em contato com a superf\u00edcie ocular.<\/p>\n\n\n\n<p class=\"wp-block-paragraph\">O problema n\u00e3o est\u00e1 apenas em nadar. \u00c1gua do chuveiro tamb\u00e9m deve ser evitada em contato com lentes de contato, assim como \u00e1gua de torneira utilizada diretamente para higieniz\u00e1-las.<\/p>\n\n\n\n<p class=\"wp-block-paragraph\">Uma vez instalada na c\u00f3rnea, a infec\u00e7\u00e3o pode provocar dor, vermelhid\u00e3o, sensibilidade \u00e0 luz e altera\u00e7\u00f5es progressivas da vis\u00e3o. Como os sintomas podem inicialmente ser confundidos com outras doen\u00e7as oculares, o diagn\u00f3stico pode acabar sendo atrasado.<\/p>\n\n\n\n<p class=\"wp-block-paragraph\">A gravidade est\u00e1 justamente na possibilidade de comprometimento permanente da c\u00f3rnea. Em situa\u00e7\u00f5es severas, a doen\u00e7a pode levar a uma perda importante da vis\u00e3o.<\/p>\n\n\n\n<h2 class=\"wp-block-heading\"><strong>Pesquisadores encontraram bact\u00e9rias dentro da ameba<\/strong><\/h2>\n\n\n\n<p class=\"wp-block-paragraph\">Outro aspecto que preocupa os pesquisadores \u00e9 que a <em>Acanthamoeba<\/em> pode n\u00e3o atuar isoladamente. Estudos realizados em diferentes laborat\u00f3rios identificaram bact\u00e9rias vivas dentro das pr\u00f3prias c\u00e9lulas da ameba em amostras retiradas de c\u00f3rneas infectadas. Em alguns casos, tamb\u00e9m foram encontrados v\u00edrus de grande porte.<\/p>\n\n\n\n<p class=\"wp-block-paragraph\">Essa intera\u00e7\u00e3o pode tornar a infec\u00e7\u00e3o ainda mais complexa e ajuda a explicar por que a doen\u00e7a continua sendo um desafio para diagn\u00f3stico e tratamento.<\/p>\n\n\n\n<p class=\"wp-block-paragraph\">A revis\u00e3o publicada em <em>Clinical Microbiology Reviews<\/em> destaca justamente a combina\u00e7\u00e3o entre o aumento do uso de lentes, a dificuldade de diagn\u00f3stico e a capacidade do organismo de formar estruturas resistentes aos medicamentos como fatores que contribuem para a preocupa\u00e7\u00e3o com a doen\u00e7a.<\/p>\n\n\n\n<h2 class=\"wp-block-heading\"><strong>Como limpar as lentes corretamente<\/strong><\/h2>\n\n\n\n<p class=\"wp-block-paragraph\">A preven\u00e7\u00e3o come\u00e7a pelos cuidados b\u00e1sicos com as lentes e o estojo. Uma das principais recomenda\u00e7\u00f5es \u00e9 nunca utilizar \u00e1gua da torneira para enxaguar as lentes.<\/p>\n\n\n\n<p class=\"wp-block-paragraph\">A rotina de limpeza deve come\u00e7ar pelo descarte completo da solu\u00e7\u00e3o antiga. N\u00e3o \u00e9 recomendado reutilizar o l\u00edquido ou simplesmente completar o recipiente com uma nova quantidade.<\/p>\n\n\n\n<p class=\"wp-block-paragraph\">Depois, o estojo deve ser higienizado de acordo com as orienta\u00e7\u00f5es do fabricante e receber solu\u00e7\u00e3o nova e apropriada para lentes de contato. Ap\u00f3s a limpeza, ele pode ser deixado para secar naturalmente, virado para baixo, sobre uma superf\u00edcie limpa.<\/p>\n\n\n\n<p class=\"wp-block-paragraph\">Tamb\u00e9m \u00e9 importante substituir regularmente o estojo, sendo indicada a troca pelo menos a cada tr\u00eas meses.<\/p>\n\n\n\n<p class=\"wp-block-paragraph\">Al\u00e9m desses cuidados, a recomenda\u00e7\u00e3o central \u00e9 evitar o contato das lentes com \u00e1gua. Isso significa retirar as lentes antes de tomar banho, nadar ou realizar atividades que possam exp\u00f4-las \u00e0 \u00e1gua.<\/p>\n\n\n\n<p class=\"wp-block-paragraph\"><\/p>\n","protected":false},"excerpt":{"rendered":"<p>Tomar banho usando lentes de contato pode parecer um h\u00e1bito sem grandes consequ\u00eancias, mas a exposi\u00e7\u00e3o das lentes \u00e0 \u00e1gua pode favorecer uma infec\u00e7\u00e3o ocular rara e potencialmente devastadora. A ceratite por Acanthamoeba, causada por um microrganismo capaz de infectar a c\u00f3rnea, est\u00e1 entre as complica\u00e7\u00f5es mais temidas relacionadas ao uso de lentes e pode [&hellip;]<\/p>\n","protected":false},"author":9,"featured_media":39641,"comment_status":"closed","ping_status":"closed","sticky":false,"template":"","format":"standard","meta":{"jnews-multi-image_gallery":[],"jnews_single_post":{"format":"standard"},"jnews_primary_category":[],"jnews_social_meta":[],"jnews_post_split":[],"footnotes":""},"categories":[1],"tags":[],"class_list":["post-57829","post","type-post","status-publish","format-standard","has-post-thumbnail","hentry","category-geral"],"_referencia":"","_links":{"self":[{"href":"https:\/\/diariodocomercio.com.br\/mix\/wp-json\/wp\/v2\/posts\/57829","targetHints":{"allow":["GET"]}}],"collection":[{"href":"https:\/\/diariodocomercio.com.br\/mix\/wp-json\/wp\/v2\/posts"}],"about":[{"href":"https:\/\/diariodocomercio.com.br\/mix\/wp-json\/wp\/v2\/types\/post"}],"author":[{"embeddable":true,"href":"https:\/\/diariodocomercio.com.br\/mix\/wp-json\/wp\/v2\/users\/9"}],"replies":[{"embeddable":true,"href":"https:\/\/diariodocomercio.com.br\/mix\/wp-json\/wp\/v2\/comments?post=57829"}],"version-history":[{"count":1,"href":"https:\/\/diariodocomercio.com.br\/mix\/wp-json\/wp\/v2\/posts\/57829\/revisions"}],"predecessor-version":[{"id":57831,"href":"https:\/\/diariodocomercio.com.br\/mix\/wp-json\/wp\/v2\/posts\/57829\/revisions\/57831"}],"wp:featuredmedia":[{"embeddable":true,"href":"https:\/\/diariodocomercio.com.br\/mix\/wp-json\/wp\/v2\/media\/39641"}],"wp:attachment":[{"href":"https:\/\/diariodocomercio.com.br\/mix\/wp-json\/wp\/v2\/media?parent=57829"}],"wp:term":[{"taxonomy":"category","embeddable":true,"href":"https:\/\/diariodocomercio.com.br\/mix\/wp-json\/wp\/v2\/categories?post=57829"},{"taxonomy":"post_tag","embeddable":true,"href":"https:\/\/diariodocomercio.com.br\/mix\/wp-json\/wp\/v2\/tags?post=57829"}],"curies":[{"name":"wp","href":"https:\/\/api.w.org\/{rel}","templated":true}]}}