{"id":57832,"date":"2026-09-04T13:41:44","date_gmt":"2026-09-04T16:41:44","guid":{"rendered":"https:\/\/diariodocomercio.com.br\/mix\/?p=57832"},"modified":"2026-09-04T13:41:47","modified_gmt":"2026-09-04T16:41:47","slug":"jogador-que-fracassou-no-vasco-vai-jogar-ao-lado-de-messi-nos-estados-unidos","status":"publish","type":"post","link":"https:\/\/diariodocomercio.com.br\/mix\/jogador-que-fracassou-no-vasco-vai-jogar-ao-lado-de-messi-nos-estados-unidos\/","title":{"rendered":"Jogador que fracassou no Vasco vai jogar ao lado de Messi nos Estados Unidos"},"content":{"rendered":"\n<p class=\"wp-block-paragraph\">O Inter Miami anunciou nesta quinta-feira (3) a contrata\u00e7\u00e3o do meio-campista paraguaio Mat\u00edas Galarza. Aos 24 anos, o jogador chega ao clube norte-americano por empr\u00e9stimo do River Plate, da Argentina, at\u00e9 o fim da temporada 2026 da Major League Soccer (MLS), com op\u00e7\u00e3o de compra ao t\u00e9rmino do v\u00ednculo.<\/p>\n\n\n\n<p class=\"wp-block-paragraph\">A transfer\u00eancia coloca Galarza em uma nova etapa da carreira e tamb\u00e9m o aproxima de uma das maiores estrelas do futebol mundial: Lionel Messi. O paraguaio chega ao elenco do clube da Fl\u00f3rida depois de uma trajet\u00f3ria marcada por passagens pelo futebol brasileiro, argentino e pela sele\u00e7\u00e3o de seu pa\u00eds.<\/p>\n\n\n\n<p class=\"wp-block-paragraph\">Nascido em Assun\u00e7\u00e3o, no Paraguai, Galarza iniciou a forma\u00e7\u00e3o nas categorias de base do Olimpia. Ainda jovem, deixou o pa\u00eds para atuar no Brasil e foi contratado por empr\u00e9stimo pelo Vasco da Gama.<\/p>\n\n\n\n<p class=\"wp-block-paragraph\">Foi no clube carioca que o meio-campista fez sua estreia como profissional e tamb\u00e9m assinou o primeiro contrato da carreira. Ao todo, disputou 58 partidas pelo Vasco, mas n\u00e3o conseguiu se firmar definitivamente na equipe principal.<\/p>\n\n\n\n<p class=\"wp-block-paragraph\">Depois da passagem pelo Cruzmaltino, o jogador foi emprestado ao Coritiba, em 2022. Na temporada seguinte, seguiu para o Talleres, da Argentina. O desempenho no futebol argentino fez com que a equipe posteriormente adquirisse seus direitos de forma definitiva, em 2025.<\/p>\n\n\n\n<figure class=\"wp-block-embed is-type-rich is-provider-twitter wp-block-embed-twitter\"><div class=\"wp-block-embed__wrapper\">\n<blockquote class=\"twitter-tweet\" data-width=\"500\" data-dnt=\"true\"><p lang=\"es\" dir=\"ltr\">Talento paraguayo en Miami. \ud83c\uddf5\ud83c\uddfe\ud83d\udcab \u00a1Bienvenido, Mat\u00edas!<br><br>\ud83d\udd17 <a href=\"https:\/\/t.co\/k3I8iTtW1l\" target=\"_blank\">https:\/\/t.co\/k3I8iTtW1l<\/a> <a href=\"https:\/\/t.co\/dTWwgiear8\" target=\"_blank\">pic.twitter.com\/dTWwgiear8<\/a><\/p>&mdash; Inter Miami CF (@InterMiamiCF) <a href=\"https:\/\/x.com\/InterMiamiCF\/status\/2095557622887858220?ref_src=twsrc%5Etfw\" target=\"_blank\">September 3, 2026<\/a><\/blockquote><script async src=\"https:\/\/platform.x.com\/widgets.js\" charset=\"utf-8\"><\/script>\n<\/div><\/figure>\n\n\n\n<h2 class=\"wp-block-heading\"><strong>Carreira ganhou for\u00e7a na Argentina<\/strong><\/h2>\n\n\n\n<p class=\"wp-block-paragraph\">Ap\u00f3s consolidar sua passagem pelo Talleres, Galarza chegou ao River Plate, dando continuidade \u00e0 carreira na primeira divis\u00e3o argentina. O meio-campista tamb\u00e9m acumulou experi\u00eancia em competi\u00e7\u00f5es continentais, como a Copa Libertadores e a Copa Sul-Americana.<\/p>\n\n\n\n<p class=\"wp-block-paragraph\">No in\u00edcio de 2026, entretanto, o jogador foi novamente emprestado, desta vez para o Atlanta United, da MLS. Ele permaneceu no clube durante a primeira metade da temporada antes de retornar ao River Plate.<\/p>\n\n\n\n<p class=\"wp-block-paragraph\">Agora, Galarza volta aos Estados Unidos para defender o Inter Miami. A negocia\u00e7\u00e3o foi conclu\u00edda antes do encerramento da janela secund\u00e1ria de transfer\u00eancias da MLS.<\/p>\n\n\n\n<h2 class=\"wp-block-heading\"><strong>Paraguaio disputou a Copa do Mundo de 2026<\/strong><\/h2>\n\n\n\n<p class=\"wp-block-paragraph\">O novo refor\u00e7o do Inter Miami tamb\u00e9m chega com experi\u00eancia pela sele\u00e7\u00e3o paraguaia. Galarza integrou a equipe que disputou a Copa do Mundo de 2026 e participou da campanha que levou o Paraguai at\u00e9 as oitavas de final.<\/p>\n\n\n\n<p class=\"wp-block-paragraph\">Durante o Mundial, o meio-campista contribuiu com um gol e uma assist\u00eancia pela sele\u00e7\u00e3o, aumentando seu espa\u00e7o no futebol internacional.<\/p>\n\n\n\n<p class=\"wp-block-paragraph\">O contrato com o Inter Miami ainda depende do recebimento do Certificado Internacional de Transfer\u00eancia (ITC) e da emiss\u00e3o do visto P-1 para que o atleta possa atuar oficialmente pelo clube.<\/p>\n\n\n\n<h2 class=\"wp-block-heading\"><strong>Inter Miami faz novas movimenta\u00e7\u00f5es<\/strong><\/h2>\n\n\n\n<p class=\"wp-block-paragraph\">Galarza foi o segundo refor\u00e7o anunciado pelo Inter Miami no \u00faltimo dia da janela de transfer\u00eancias. Antes dele, o clube confirmou a chegada do atacante brasileiro Riquelme Fillipi, que pertencia ao Palmeiras.<\/p>\n\n\n\n<p class=\"wp-block-paragraph\">As mudan\u00e7as acontecem justamente durante uma transi\u00e7\u00e3o no comando t\u00e9cnico. O argentino Cristian Gonzalez assumiu como novo treinador, substituindo Guillermo Hoyos, que vinha ocupando o cargo de forma interina.<\/p>\n\n\n\n<p class=\"wp-block-paragraph\">O clube tamb\u00e9m realizou altera\u00e7\u00f5es no elenco. O zagueiro Noah Allen est\u00e1 pr\u00f3ximo de deixar o Inter Miami para defender o Chicago Fire. As equipes est\u00e3o em negocia\u00e7\u00f5es avan\u00e7adas, e Allen j\u00e1 havia ficado fora do treinamento da equipe na quarta-feira.<\/p>\n\n\n\n<p class=\"wp-block-paragraph\">Outra sa\u00edda confirmada foi a do meio-campista David Ruiz, emprestado ao New York Red Bulls. Pelo acordo, o Inter Miami receber\u00e1 US$ 75 mil em General Allocation Money para 2027, enquanto o novo clube do jogador ter\u00e1 a possibilidade de tornar a transfer\u00eancia definitiva ao final da temporada.<\/p>\n\n\n\n<p class=\"wp-block-paragraph\"><\/p>\n","protected":false},"excerpt":{"rendered":"<p>O Inter Miami anunciou nesta quinta-feira (3) a contrata\u00e7\u00e3o do meio-campista paraguaio Mat\u00edas Galarza. Aos 24 anos, o jogador chega ao clube norte-americano por empr\u00e9stimo do River Plate, da Argentina, at\u00e9 o fim da temporada 2026 da Major League Soccer (MLS), com op\u00e7\u00e3o de compra ao t\u00e9rmino do v\u00ednculo. A transfer\u00eancia coloca Galarza em uma [&hellip;]<\/p>\n","protected":false},"author":9,"featured_media":57833,"comment_status":"closed","ping_status":"closed","sticky":false,"template":"","format":"standard","meta":{"jnews-multi-image_gallery":[],"jnews_single_post":{"format":"standard"},"jnews_primary_category":[],"jnews_social_meta":[],"jnews_post_split":[],"footnotes":""},"categories":[1],"tags":[],"class_list":["post-57832","post","type-post","status-publish","format-standard","has-post-thumbnail","hentry","category-geral"],"_referencia":"","_links":{"self":[{"href":"https:\/\/diariodocomercio.com.br\/mix\/wp-json\/wp\/v2\/posts\/57832","targetHints":{"allow":["GET"]}}],"collection":[{"href":"https:\/\/diariodocomercio.com.br\/mix\/wp-json\/wp\/v2\/posts"}],"about":[{"href":"https:\/\/diariodocomercio.com.br\/mix\/wp-json\/wp\/v2\/types\/post"}],"author":[{"embeddable":true,"href":"https:\/\/diariodocomercio.com.br\/mix\/wp-json\/wp\/v2\/users\/9"}],"replies":[{"embeddable":true,"href":"https:\/\/diariodocomercio.com.br\/mix\/wp-json\/wp\/v2\/comments?post=57832"}],"version-history":[{"count":2,"href":"https:\/\/diariodocomercio.com.br\/mix\/wp-json\/wp\/v2\/posts\/57832\/revisions"}],"predecessor-version":[{"id":57890,"href":"https:\/\/diariodocomercio.com.br\/mix\/wp-json\/wp\/v2\/posts\/57832\/revisions\/57890"}],"wp:featuredmedia":[{"embeddable":true,"href":"https:\/\/diariodocomercio.com.br\/mix\/wp-json\/wp\/v2\/media\/57833"}],"wp:attachment":[{"href":"https:\/\/diariodocomercio.com.br\/mix\/wp-json\/wp\/v2\/media?parent=57832"}],"wp:term":[{"taxonomy":"category","embeddable":true,"href":"https:\/\/diariodocomercio.com.br\/mix\/wp-json\/wp\/v2\/categories?post=57832"},{"taxonomy":"post_tag","embeddable":true,"href":"https:\/\/diariodocomercio.com.br\/mix\/wp-json\/wp\/v2\/tags?post=57832"}],"curies":[{"name":"wp","href":"https:\/\/api.w.org\/{rel}","templated":true}]}}