{"id":57836,"date":"2026-09-04T17:33:00","date_gmt":"2026-09-04T20:33:00","guid":{"rendered":"https:\/\/diariodocomercio.com.br\/mix\/?p=57836"},"modified":"2026-09-04T07:13:29","modified_gmt":"2026-09-04T10:13:29","slug":"governo-confirma-informacao-e-brasileiros-comecam-a-receber-pagamentos-nos-dias-17-09-21-09-e-24-09","status":"publish","type":"post","link":"https:\/\/diariodocomercio.com.br\/mix\/governo-confirma-informacao-e-brasileiros-comecam-a-receber-pagamentos-nos-dias-17-09-21-09-e-24-09\/","title":{"rendered":"Governo confirma informa\u00e7\u00e3o e brasileiros come\u00e7am a receber pagamentos nos dias 17\/09, 21\/09 e 24\/09"},"content":{"rendered":"\n<p class=\"wp-block-paragraph\">O calend\u00e1rio de pagamentos de setembro de 2026 j\u00e1 est\u00e1 definido para diferentes programas e benef\u00edcios sociais do governo federal. Bolsa Fam\u00edlia, P\u00e9-de-Meia e benef\u00edcios do Instituto Nacional do Seguro Social (INSS) ter\u00e3o dep\u00f3sitos em datas distintas, fazendo com que milhares de brasileiros recebam valores a partir dos pr\u00f3ximos dias.<\/p>\n\n\n\n<p class=\"wp-block-paragraph\">Entre as primeiras libera\u00e7\u00f5es est\u00e3o os pagamentos do Bolsa Fam\u00edlia, que come\u00e7am em <strong>17 de setembro<\/strong>, enquanto o P\u00e9-de-Meia ter\u00e1 dep\u00f3sitos entre os dias <strong>21 e 28 de setembro<\/strong>. J\u00e1 os pagamentos do INSS referentes \u00e0 compet\u00eancia de setembro come\u00e7am no fim do m\u00eas e avan\u00e7am para outubro.<\/p>\n\n\n\n<p class=\"wp-block-paragraph\">A Caixa Econ\u00f4mica Federal inicia os pagamentos do Bolsa Fam\u00edlia de setembro no dia <strong>17 de setembro<\/strong>, contemplando inicialmente os benefici\u00e1rios cujo N\u00famero de Identifica\u00e7\u00e3o Social (NIS) termina em 1.<\/p>\n\n\n\n<p class=\"wp-block-paragraph\">A ordem de pagamento segue o \u00faltimo d\u00edgito do NIS registrado no cart\u00e3o do programa. Dessa forma, cada fam\u00edlia precisa consultar o n\u00famero para identificar a data exata em que o benef\u00edcio estar\u00e1 dispon\u00edvel.<\/p>\n\n\n\n<p class=\"wp-block-paragraph\">Para ter direito ao Bolsa Fam\u00edlia, a renda mensal por pessoa da fam\u00edlia deve ser de at\u00e9 <strong>R$ 218<\/strong>. O c\u00e1lculo \u00e9 feito somando os rendimentos de todos os integrantes e dividindo o resultado pelo n\u00famero de pessoas que vivem no grupo familiar.<\/p>\n\n\n\n<p class=\"wp-block-paragraph\">O calend\u00e1rio de setembro ficou definido da seguinte maneira:<\/p>\n\n\n\n<ul class=\"wp-block-list\">\n<li><strong>NIS final 1:<\/strong> 17\/9<\/li>\n\n\n\n<li><strong>NIS final 2:<\/strong> 18\/9<\/li>\n\n\n\n<li><strong>NIS final 3:<\/strong> 21\/9<\/li>\n\n\n\n<li><strong>NIS final 4:<\/strong> 22\/9<\/li>\n\n\n\n<li><strong>NIS final 5:<\/strong> 23\/9<\/li>\n\n\n\n<li><strong>NIS final 6:<\/strong> 24\/9<\/li>\n\n\n\n<li><strong>NIS final 7:<\/strong> 25\/9<\/li>\n\n\n\n<li><strong>NIS final 8:<\/strong> 28\/9<\/li>\n\n\n\n<li><strong>NIS final 9:<\/strong> 29\/9<\/li>\n\n\n\n<li><strong>NIS final 0:<\/strong> 30\/9<\/li>\n<\/ul>\n\n\n\n<p class=\"wp-block-paragraph\">Assim, os dias <strong>17, 21 e 24 de setembro<\/strong> est\u00e3o entre as primeiras datas de movimenta\u00e7\u00e3o dos pagamentos do m\u00eas, mas a libera\u00e7\u00e3o do Bolsa Fam\u00edlia seguir\u00e1 at\u00e9 o dia 30.<\/p>\n\n\n\n<h2 class=\"wp-block-heading\"><strong>P\u00e9-de-Meia ter\u00e1 pagamentos entre 21 e 28 de setembro<\/strong><\/h2>\n\n\n\n<p class=\"wp-block-paragraph\">Os estudantes que participam do P\u00e9-de-Meia tamb\u00e9m ter\u00e3o dep\u00f3sitos em setembro. A inclus\u00e3o no programa ocorre automaticamente para os alunos que atendem aos crit\u00e9rios estabelecidos pelo governo.<\/p>\n\n\n\n<p class=\"wp-block-paragraph\">Entre as exig\u00eancias est\u00e3o estar matriculado na rede p\u00fablica de ensino e possuir inscri\u00e7\u00e3o ativa no Cadastro \u00danico para Programas Sociais (Cad\u00danico). Em 2026, o cadastro da fam\u00edlia precisava estar ativo at\u00e9 a data-base de <strong>7 de agosto<\/strong>.<\/p>\n\n\n\n<p class=\"wp-block-paragraph\">A atualiza\u00e7\u00e3o do Cad\u00danico possui validade de 24 meses, e cabe ao Minist\u00e9rio da Educa\u00e7\u00e3o (MEC) verificar, com base nessas informa\u00e7\u00f5es, quais estudantes atendem aos requisitos para participar do programa.<\/p>\n\n\n\n<p class=\"wp-block-paragraph\">O cronograma de setembro considera o m\u00eas de nascimento do estudante:<\/p>\n\n\n\n<ul class=\"wp-block-list\">\n<li><strong>Janeiro e fevereiro:<\/strong> 21\/9<\/li>\n\n\n\n<li><strong>Mar\u00e7o e abril:<\/strong> 22\/9<\/li>\n\n\n\n<li><strong>Maio e junho:<\/strong> 23\/9<\/li>\n\n\n\n<li><strong>Julho e agosto:<\/strong> 24\/9<\/li>\n\n\n\n<li><strong>Setembro e outubro:<\/strong> 25\/9<\/li>\n\n\n\n<li><strong>Novembro e dezembro:<\/strong> 28\/9<\/li>\n<\/ul>\n\n\n\n<p class=\"wp-block-paragraph\">Dessa forma, estudantes nascidos em <strong>janeiro e fevereiro<\/strong> est\u00e3o entre os primeiros grupos a receber, a partir de 21 de setembro.<\/p>\n\n\n\n<h2 class=\"wp-block-heading\"><strong>Pagamentos do INSS come\u00e7am no fim de setembro<\/strong><\/h2>\n\n\n\n<p class=\"wp-block-paragraph\">Os aposentados, pensionistas e demais benefici\u00e1rios do INSS tamb\u00e9m precisam ficar atentos ao calend\u00e1rio. Para quem recebe <strong>at\u00e9 um sal\u00e1rio m\u00ednimo<\/strong>, os dep\u00f3sitos da compet\u00eancia de setembro come\u00e7am em <strong>24 de setembro<\/strong>.<\/p>\n\n\n\n<p class=\"wp-block-paragraph\">A ordem segue o n\u00famero final do benef\u00edcio, sem considerar o d\u00edgito verificador. As datas s\u00e3o:<\/p>\n\n\n\n<ul class=\"wp-block-list\">\n<li><strong>Final 1:<\/strong> 24\/9<\/li>\n\n\n\n<li><strong>Final 2:<\/strong> 25\/9<\/li>\n\n\n\n<li><strong>Final 3:<\/strong> 28\/9<\/li>\n\n\n\n<li><strong>Final 4:<\/strong> 29\/9<\/li>\n\n\n\n<li><strong>Final 5:<\/strong> 30\/9<\/li>\n\n\n\n<li><strong>Final 6:<\/strong> 1\u00ba\/10<\/li>\n\n\n\n<li><strong>Final 7:<\/strong> 2\/10<\/li>\n\n\n\n<li><strong>Final 8:<\/strong> 5\/10<\/li>\n\n\n\n<li><strong>Final 9:<\/strong> 6\/10<\/li>\n\n\n\n<li><strong>Final 0:<\/strong> 7\/10<\/li>\n<\/ul>\n\n\n\n<p class=\"wp-block-paragraph\">J\u00e1 os segurados que recebem <strong>acima do sal\u00e1rio m\u00ednimo<\/strong> ter\u00e3o os pagamentos realizados entre <strong>1\u00ba e 7 de outubro<\/strong>.<\/p>\n\n\n\n<p class=\"wp-block-paragraph\">Nesse caso, o calend\u00e1rio \u00e9 agrupado em dois finais de benef\u00edcio por dia:<\/p>\n\n\n\n<ul class=\"wp-block-list\">\n<li><strong>Finais 1 e 6:<\/strong> 1\u00ba\/10<\/li>\n\n\n\n<li><strong>Finais 2 e 7:<\/strong> 2\/10<\/li>\n\n\n\n<li><strong>Finais 3 e 8:<\/strong> 5\/10<\/li>\n\n\n\n<li><strong>Finais 4 e 9:<\/strong> 6\/10<\/li>\n\n\n\n<li><strong>Finais 5 e 0:<\/strong> 7\/10<\/li>\n<\/ul>\n\n\n\n<h2 class=\"wp-block-heading\"><strong>Consulta pode ser feita sem sair de casa<\/strong><\/h2>\n\n\n\n<p class=\"wp-block-paragraph\">Os benefici\u00e1rios do INSS podem conferir antecipadamente o extrato, a data de pagamento e os valores previstos por meio do aplicativo ou do portal <strong><a href=\"https:\/\/meu.inss.gov.br\" target=\"_blank\" rel=\"noopener\">Meu INSS<\/a><\/strong>, utilizando a conta Gov.br.<\/p>\n\n\n\n<p class=\"wp-block-paragraph\">Quem preferir atendimento por telefone pode recorrer \u00e0 central <strong>135<\/strong>, que funciona de segunda-feira a s\u00e1bado, das <strong>7h \u00e0s 22h<\/strong>.<\/p>\n\n\n\n<p class=\"wp-block-paragraph\">Com calend\u00e1rios diferentes para cada programa, os benefici\u00e1rios devem observar n\u00e3o apenas o m\u00eas de pagamento, mas tamb\u00e9m o crit\u00e9rio utilizado em cada caso \u2014 o final do NIS para o Bolsa Fam\u00edlia, o m\u00eas de nascimento no P\u00e9-de-Meia e o n\u00famero final do benef\u00edcio para os pagamentos do INSS.<\/p>\n\n\n\n<p class=\"wp-block-paragraph\"><\/p>\n","protected":false},"excerpt":{"rendered":"<p>O calend\u00e1rio de pagamentos de setembro de 2026 j\u00e1 est\u00e1 definido para diferentes programas e benef\u00edcios sociais do governo federal. Bolsa Fam\u00edlia, P\u00e9-de-Meia e benef\u00edcios do Instituto Nacional do Seguro Social (INSS) ter\u00e3o dep\u00f3sitos em datas distintas, fazendo com que milhares de brasileiros recebam valores a partir dos pr\u00f3ximos dias. Entre as primeiras libera\u00e7\u00f5es est\u00e3o [&hellip;]<\/p>\n","protected":false},"author":9,"featured_media":45497,"comment_status":"closed","ping_status":"closed","sticky":false,"template":"","format":"standard","meta":{"jnews-multi-image_gallery":[],"jnews_single_post":{"format":"standard"},"jnews_primary_category":[],"jnews_social_meta":[],"jnews_post_split":[],"footnotes":""},"categories":[1],"tags":[],"class_list":["post-57836","post","type-post","status-publish","format-standard","has-post-thumbnail","hentry","category-geral"],"_referencia":"","_links":{"self":[{"href":"https:\/\/diariodocomercio.com.br\/mix\/wp-json\/wp\/v2\/posts\/57836","targetHints":{"allow":["GET"]}}],"collection":[{"href":"https:\/\/diariodocomercio.com.br\/mix\/wp-json\/wp\/v2\/posts"}],"about":[{"href":"https:\/\/diariodocomercio.com.br\/mix\/wp-json\/wp\/v2\/types\/post"}],"author":[{"embeddable":true,"href":"https:\/\/diariodocomercio.com.br\/mix\/wp-json\/wp\/v2\/users\/9"}],"replies":[{"embeddable":true,"href":"https:\/\/diariodocomercio.com.br\/mix\/wp-json\/wp\/v2\/comments?post=57836"}],"version-history":[{"count":1,"href":"https:\/\/diariodocomercio.com.br\/mix\/wp-json\/wp\/v2\/posts\/57836\/revisions"}],"predecessor-version":[{"id":57837,"href":"https:\/\/diariodocomercio.com.br\/mix\/wp-json\/wp\/v2\/posts\/57836\/revisions\/57837"}],"wp:featuredmedia":[{"embeddable":true,"href":"https:\/\/diariodocomercio.com.br\/mix\/wp-json\/wp\/v2\/media\/45497"}],"wp:attachment":[{"href":"https:\/\/diariodocomercio.com.br\/mix\/wp-json\/wp\/v2\/media?parent=57836"}],"wp:term":[{"taxonomy":"category","embeddable":true,"href":"https:\/\/diariodocomercio.com.br\/mix\/wp-json\/wp\/v2\/categories?post=57836"},{"taxonomy":"post_tag","embeddable":true,"href":"https:\/\/diariodocomercio.com.br\/mix\/wp-json\/wp\/v2\/tags?post=57836"}],"curies":[{"name":"wp","href":"https:\/\/api.w.org\/{rel}","templated":true}]}}