{"id":57892,"date":"2026-09-04T23:41:00","date_gmt":"2026-09-05T02:41:00","guid":{"rendered":"https:\/\/diariodocomercio.com.br\/mix\/?p=57892"},"modified":"2026-09-04T14:22:57","modified_gmt":"2026-09-04T17:22:57","slug":"governo-atualiza-lista-de-profissoes-que-garantem-aposentadoria-precoce-nao-exigem-65-anos","status":"publish","type":"post","link":"https:\/\/diariodocomercio.com.br\/mix\/governo-atualiza-lista-de-profissoes-que-garantem-aposentadoria-precoce-nao-exigem-65-anos\/","title":{"rendered":"Governo atualiza lista de profiss\u00f5es que garantem aposentadoria \u201cprecoce\u201d \u2014 n\u00e3o exigem 65 anos"},"content":{"rendered":"\n<p class=\"wp-block-paragraph\">Atualmente, voc\u00ea precisa ter no m\u00ednimo 65 anos, se for homem, ou 62, se for mulher, para ter direito \u00e0 aposentadoria no Brasil. Mas voc\u00ea sabia que existem v\u00e1rias profiss\u00f5es que podem se aposentar mais cedo? \u00c9 a chamada aposentadoria especial, um direito de quem trabalha expostos a agentes nocivos. Esses profissionais t\u00eam direito a se aposentar antes da idade m\u00ednima, depois de cumprir 15, 20 ou 25 anos de atividade (a quantidade depende do n\u00edvel de exposi\u00e7\u00e3o).<\/p>\n\n\n\n<p class=\"wp-block-paragraph\">A Reforma da Previd\u00eancia de 2019 at\u00e9 tentou mudar essa regra, instituindo a obrigatoriedade da idade m\u00ednimaentre 55 e 60 anos at\u00e9 mesmo para essa modalidade, mas esse trecho da reforma foi derrubado por decis\u00e3o do Supremo Tribunal Federal (STF).<\/p>\n\n\n\n<h2 class=\"wp-block-heading\">Profiss\u00f5es que t\u00eam direito \u00e0 aposentadoria especial<\/h2>\n\n\n\n<p class=\"wp-block-paragraph\">De acordo com o site Koetz Advocacia, essas s\u00e3o as profiss\u00f5es que t\u00eam direito \u00e0 aposentadoria especial em 2026:<\/p>\n\n\n\n<h3 class=\"wp-block-heading\"><strong>Profiss\u00f5es liberais e t\u00e9cnicas<\/strong><\/h3>\n\n\n\n<figure class=\"wp-block-table\"><table class=\"has-fixed-layout\"><thead><tr><th class=\"has-text-align-left\" data-align=\"left\">\u00c1rea<\/th><th class=\"has-text-align-left\" data-align=\"left\">Profiss\u00f5es<\/th><\/tr><\/thead><tbody><tr><td class=\"has-text-align-left\" data-align=\"left\">Engenharia<\/td><td class=\"has-text-align-left\" data-align=\"left\">Engenheiros qu\u00edmicos, metal\u00fargicos, de minas, civis, eletricistas<\/td><\/tr><tr><td class=\"has-text-align-left\" data-align=\"left\">Qu\u00edmica\/radioatividade<\/td><td class=\"has-text-align-left\" data-align=\"left\">Qu\u00edmicos industriais, toxicologistas, t\u00e9cnicos de laborat\u00f3rio e de radioatividade<\/td><\/tr><tr><td class=\"has-text-align-left\" data-align=\"left\">Medicina, odontologia, enfermagem<\/td><td class=\"has-text-align-left\" data-align=\"left\">M\u00e9dicos, dentistas, enfermeiros, farmac\u00eauticos-bioqu\u00edmicos, m\u00e9dicos-veterin\u00e1rios, t\u00e9cnicos de raio-X<\/td><\/tr><\/tbody><\/table><\/figure>\n\n\n\n<h3 class=\"wp-block-heading\"><strong>Agricultura, pesca e minera\u00e7\u00e3o<\/strong><\/h3>\n\n\n\n<figure class=\"wp-block-table\"><table class=\"has-fixed-layout\"><thead><tr><th class=\"has-text-align-left\" data-align=\"left\">\u00c1rea<\/th><th class=\"has-text-align-left\" data-align=\"left\">Profiss\u00f5es<\/th><\/tr><\/thead><tbody><tr><td class=\"has-text-align-left\" data-align=\"left\">Agricultura<\/td><td class=\"has-text-align-left\" data-align=\"left\">Trabalhadores na agropecu\u00e1ria<\/td><\/tr><tr><td class=\"has-text-align-left\" data-align=\"left\">Ca\u00e7a<\/td><td class=\"has-text-align-left\" data-align=\"left\">Trabalhadores florestais, ca\u00e7adores<\/td><\/tr><tr><td class=\"has-text-align-left\" data-align=\"left\">Pesca<\/td><td class=\"has-text-align-left\" data-align=\"left\">Pescadores<\/td><\/tr><tr><td class=\"has-text-align-left\" data-align=\"left\">Minera\u00e7\u00e3o, subsolo (frente de trabalho)<\/td><td class=\"has-text-align-left\" data-align=\"left\">Perfuradores, cortadores de rocha, carregadores, britadores, cavouqueiros, choqueiros<\/td><\/tr><tr><td class=\"has-text-align-left\" data-align=\"left\">Minera\u00e7\u00e3o, subsolo (fora da frente)<\/td><td class=\"has-text-align-left\" data-align=\"left\">Motoristas, carregadores de explosivos, encarregados do fogo, eletricistas de mina<\/td><\/tr><tr><td class=\"has-text-align-left\" data-align=\"left\">Minera\u00e7\u00e3o, superf\u00edcie<\/td><td class=\"has-text-align-left\" data-align=\"left\">Perfuradores, operadores de escavadeira, britadores<\/td><\/tr><tr><td class=\"has-text-align-left\" data-align=\"left\">Pedreiras, t\u00faneis e galerias<\/td><td class=\"has-text-align-left\" data-align=\"left\">Perfuradores, cavouqueiros, canteiros<\/td><\/tr><tr><td class=\"has-text-align-left\" data-align=\"left\">Extra\u00e7\u00e3o de petr\u00f3leo<\/td><td class=\"has-text-align-left\" data-align=\"left\">Trabalhadores em perfura\u00e7\u00e3o de po\u00e7os e extra\u00e7\u00e3o<\/td><\/tr><\/tbody><\/table><\/figure>\n\n\n\n<h3 class=\"wp-block-heading\"><strong>Constru\u00e7\u00e3o civil e transportes<\/strong><\/h3>\n\n\n\n<figure class=\"wp-block-table\"><table class=\"has-fixed-layout\"><thead><tr><th class=\"has-text-align-left\" data-align=\"left\">\u00c1rea<\/th><th class=\"has-text-align-left\" data-align=\"left\">Profiss\u00f5es<\/th><\/tr><\/thead><tbody><tr><td class=\"has-text-align-left\" data-align=\"left\">Constru\u00e7\u00e3o civil<br><\/td><td class=\"has-text-align-left\" data-align=\"left\">Edif\u00edcios, barragens, pontes, torres<\/td><\/tr><tr><td class=\"has-text-align-left\" data-align=\"left\">Transporte a\u00e9reo<\/td><td class=\"has-text-align-left\" data-align=\"left\">Aeronautas, aerovi\u00e1rios de pista e manuten\u00e7\u00e3o<\/td><\/tr><tr><td class=\"has-text-align-left\" data-align=\"left\">Transporte mar\u00edtimo\/fluvial<\/td><td class=\"has-text-align-left\" data-align=\"left\">Mar\u00edtimos de conv\u00e9s, m\u00e1quinas, c\u00e2mara e sa\u00fade; foguistas<\/td><\/tr><tr><td class=\"has-text-align-left\" data-align=\"left\">Transporte ferrovi\u00e1rio<\/td><td class=\"has-text-align-left\" data-align=\"left\">Maquinistas, guarda-freios<\/td><\/tr><tr><td class=\"has-text-align-left\" data-align=\"left\">Transporte urbano e rodovi\u00e1rio<\/td><td class=\"has-text-align-left\" data-align=\"left\">Motoristas e cobradores de \u00f4nibus, motoristas de caminh\u00e3o<\/td><\/tr><tr><td class=\"has-text-align-left\" data-align=\"left\">Telecomunica\u00e7\u00f5es<\/td><td class=\"has-text-align-left\" data-align=\"left\">Telegrafistas, telefonistas, radioperadores<\/td><\/tr><tr><td class=\"has-text-align-left\" data-align=\"left\">Estiva e armazenamento<\/td><td class=\"has-text-align-left\" data-align=\"left\">Estivadores, arrumadores, conferentes, operadores de carga e descarga portu\u00e1ria<\/td><\/tr><\/tbody><\/table><\/figure>\n\n\n\n<h3 class=\"wp-block-heading\"><strong>Ind\u00fastria, artesanato e ocupa\u00e7\u00f5es qualificadas<\/strong><\/h3>\n\n\n\n<figure class=\"wp-block-table\"><table class=\"has-fixed-layout\"><thead><tr><th class=\"has-text-align-left\" data-align=\"left\">\u00c1rea<\/th><th class=\"has-text-align-left\" data-align=\"left\">Profiss\u00f5es<\/th><\/tr><\/thead><tbody><tr><td class=\"has-text-align-left\" data-align=\"left\">Lavanderia\/tinturaria<\/td><td class=\"has-text-align-left\" data-align=\"left\">Lavadores, tintureiros, calandristas<\/td><\/tr><tr><td class=\"has-text-align-left\" data-align=\"left\">Metalurgia, fundi\u00e7\u00e3o\/lamina\u00e7\u00e3o<\/td><td class=\"has-text-align-left\" data-align=\"left\">Fundidores, laminadores, moldadores, trefiladores, forjadores, operadores de forno<\/td><\/tr><tr><td class=\"has-text-align-left\" data-align=\"left\">Ferraria, estamparia, caldeiraria<\/td><td class=\"has-text-align-left\" data-align=\"left\">Ferreiros, forjadores, caldeireiros, prensadores<\/td><\/tr><tr><td class=\"has-text-align-left\" data-align=\"left\">Soldagem e opera\u00e7\u00f5es diversas<br><\/td><td class=\"has-text-align-left\" data-align=\"left\">Soldadores, esmerilhadores, cortadores de chapa, pintores a pistola, foguistas<\/td><\/tr><tr><td class=\"has-text-align-left\" data-align=\"left\">Fabrica\u00e7\u00e3o de vidros e cristais<br><\/td><td class=\"has-text-align-left\" data-align=\"left\">Vidreiros, sopradores, operadores de forno<\/td><\/tr><tr><td class=\"has-text-align-left\" data-align=\"left\">Fabrica\u00e7\u00e3o de tintas e vernizes<\/td><td class=\"has-text-align-left\" data-align=\"left\">Trituradores, moedores, misturadores, envasilhadores<\/td><\/tr><tr><td class=\"has-text-align-left\" data-align=\"left\">Prepara\u00e7\u00e3o de couros<\/td><td class=\"has-text-align-left\" data-align=\"left\">Caleadores, curtidores, trabalhadores em tanagem<\/td><\/tr><tr><td class=\"has-text-align-left\" data-align=\"left\">Artes gr\u00e1ficas e editorial<\/td><td class=\"has-text-align-left\" data-align=\"left\">Linotipistas, tip\u00f3grafos, impressores, gravadores, lit\u00f3grafos, fotogravadores<\/td><\/tr><tr><td class=\"has-text-align-left\" data-align=\"left\">Seguran\u00e7a\/extin\u00e7\u00e3o de fogo<\/td><td class=\"has-text-align-left\" data-align=\"left\">Bombeiros, guardas, investigadores<\/td><\/tr><tr><td class=\"has-text-align-left\" data-align=\"left\">Soldagem e opera\u00e7\u00f5es diversas<\/td><td class=\"has-text-align-left\" data-align=\"left\">Bombeiros, guardas, investigadores<\/td><\/tr><\/tbody><\/table><\/figure>\n\n\n<style>@media (min-width: 992px) {\n    .recomendadorV2Area1 {\n        width: 280px;\n    }\n    .recomendadorV2Area2 {\n        padding: 0px 20px;\n        width: calc(100% - 280px);\n    }\n}\n\n@media (max-width: 992px) {\n    .recomendadorV2Button {\n        margin: 0 auto;\n    }\n    .recomendadorV2Area {\n        flex-direction: column;\n        text-align: center;\n    }\n    .recomendadorV2Area2 {\n        padding: 0px 20px;\n    }\n}\n\n.recomendadorV2Area {\n    background: #eeeeee3d;\n    border-radius: 10px;\n    padding: 15px;\n    display: flex;\n    margin: 15px auto;\n    border: 1px solid #00000014;\n    max-width: 800px;\n}\n\n.recomendadorV2Area1 img {\n    width: 280px;\n    height: auto;\n    border-radius: 8px;\n}\n\n.linkrecomendadorv2 {\n    text-decoration: none !important;\n}\n\n.recomendadorV2Area2 .recomendadorV2Type {\n    text-transform: uppercase;\n    font-weight: 500;\n    font-size: 11px;\n    letter-spacing: 2px;\n    color: #666;\n    margin: 12px 0;\n    display: block;\n}\n\n.recomendadorV2Title h2 {\n    padding-top: 0px !important;\n    margin: 0px !important;\n    border-left: none !important;\n    padding-left: 0px !important;\n    line-height: 1.3;\n    color: #000 !important;\n    font-size: 24px;\n    margin-bottom: 12px !important;\n}\n\n.recomendadorV2Desc {\n    color: #333;\n    margin: 12px 0px !important;\n    font-size: 15px;\n    line-height: 1.5;\n}\n\n.recomendadorV2Button {\n    width: auto;\n    max-width: 200px;\n    margin: 0;\n    display: inline-flex;\n    align-items: center;\n    background: #1D3557;\n    border-radius: 8px;\n    color: #fff;\n    height: 36px;\n    justify-content: center;\n    text-align: center;\n    font-size: 14px;\n    padding: 0 20px;\n    transition: background-color 0.2s ease;\n}\n\n.recomendadorV2Button:hover {\n    background: #2a4d7a;\n}\n\n.recomendadorV2Button:after {\n    margin-top: -2px;\n    content: \"\u2192\";\n    padding: 0px 0px 0px 8px;\n}\n\n.recomendadorV2Alert {\n    text-align: left;\n    font-size: 11px;\n    margin-top: 8px;\n    color: #666;\n}\n\n.recomendadorFixedArea {\n    width: 100%;\n    display: flex;\n    justify-content: center;\n    align-items: center;\n}\n\n@media (min-width: 992px) {\n    #recomendadorFixed {\n        width: 32% !important;\n        left: 5%;\n    }\n    .recomendadorCloseFixed{\n        right: inherit !important;\n        left: 378px !important;\n    }\n}\n\n#recomendadorFixed {\n    width: 90%;\n    box-shadow: 0 10px 20px 0px #00000057;\n    display: none;\n    height: 90px;\n    background: #F6F6F6;\n    position: fixed;\n    flex-direction: row;\n    bottom: 10px;\n    z-index: 9999;\n    border-radius: 16px;\n    padding: 7px 10px;\n}\n\n.recomendadorLeftArea {\n    width: 160px;\n}\n\n.recomendadorRightArea h2 {\n    padding-top: 0px;\n    margin: 2px 0px 4px 0px !important;\n    font-weight: 400;\n    text-align: center;\n    padding-left: 0px !important;\n    color: #000 !important;\n    border-left: none !important;\n    line-height: 20px;\n    font-size: 12px !important;\n}\n\n.recomendadorImgFixed {\n    overflow: hidden;\n    padding: 8px 6px;\n    height: 100%;\n}\n\n.recomendadorImgFixed img {\n    height: 100% !important;\n    border-radius: 16px;\n}\n\n.recomendadorRightArea {\n    padding-top: 6px;\n    display: flex;\n    width: calc(100% - 130px);\n    justify-content: space-between;\n    align-items: center;\n    flex-direction: column;\n}\n\n.recomendadorButtonFixed {\n    margin: 0 auto;\n    background: #1D3557;\n    width: 80%;\n    text-align: center;\n    font-size: 10px;\n    color: #FFF;\n    padding: 2px 10px;\n    border-radius: 3px;\n}\n\n.recomendadorButtonFixed:after {\n    margin-top: -3px;\n    content: \"\u2192\";\n    padding: 0px 0px 0px 10px;\n}\n\n.recomendadorAlertFixed {\n    font-weight: 400;\n    text-align: center;\n    color: #484848;\n    font-size: 8px;\n}\n\n.recomendadorCloseFixed {\n    z-index: 99999;\n    display: none;\n    right: 0px;\n    left: inherit;\n    bottom: 99px;\n    position: fixed;\n    justify-content: center;\n    background: #F6F6F6;\n    width: 25px;\n    align-items: center;\n    height: 25px;\n    font-weight: 800;\n    border-radius: 50%;\n    border: 1px solid #EBEBEB;\n}\n\n.recomendadorV2Desc{\n    color: #000000;\n    margin: 20px 0px;\n}\n\n@media (max-width: 576px) {\n    .recomendadorV2Area {\n      padding: 10px;\n      max-width: 100%;\n    }\n  \n    .recomendadorV2Area1 img {\n      width: 100%;\n      border-radius: 6px;\n    }\n  \n    .recomendadorV2Area2 .recomendadorV2Type {\n      font-size: 9px;\n      letter-spacing: 1px;\n      margin: 8px 0;\n    }\n  \n    .recomendadorV2Title h2 {\n      font-size: 18px !important;\n      margin-bottom: 8px !important;\n      line-height: 1.2;\n    }\n  \n    .recomendadorV2Desc {\n      font-size: 14px;\n      margin: 8px 0 !important;\n      line-height: 1.4;\n    }\n  \n    .recomendadorV2Button {\n      font-size: 14px;\n      height: 40px;\n      padding: 0 12px;\n      max-width: 100%;\n      width: 100%;\n    }\n  \n    .recomendadorV2Button:after {\n      padding-left: 6px;\n    }\n  }\n  <\/style>\n        <div class=\"lazyblock-recomendador-v2-2jDGz wp-block-lazyblock-recomendador-v2\">\n        <a class=\"linkrecomendadorv2\" href=\"https:\/\/diariodocomercio.com.br\/mix\/enquanto-leila-pereira-tem-fortuna-de-r-49-bilhoes-mulher-mais-rica-do-brasil-possui-26-vezes-mais\/%20\">\n            <div class=\"recomendadorV2Area\">\n            <div class=\"recomendadorV2Area1\">\n                <div class=\"recomendadorV2Img\">\n                <img width=\"768\" height=\"432\" src=\"https:\/\/diariodocomercio.com.br\/mix\/wp-content\/uploads\/2026\/09\/leila-pereira-768x432.webp\" class=\"lazyloaded\" alt=\"\" sizes=\"auto, (min-width: 577px) 280px, calc(100vw - 20px)\" decoding=\"async\" loading=\"lazy\" srcset=\"https:\/\/diariodocomercio.com.br\/mix\/wp-content\/uploads\/2026\/09\/leila-pereira-768x432.webp 768w, https:\/\/diariodocomercio.com.br\/mix\/wp-content\/uploads\/2026\/09\/leila-pereira-300x169.webp 300w, https:\/\/diariodocomercio.com.br\/mix\/wp-content\/uploads\/2026\/09\/leila-pereira-1200x675.webp 1200w, https:\/\/diariodocomercio.com.br\/mix\/wp-content\/uploads\/2026\/09\/leila-pereira-150x84.webp 150w, https:\/\/diariodocomercio.com.br\/mix\/wp-content\/uploads\/2026\/09\/leila-pereira-750x422.webp 750w, https:\/\/diariodocomercio.com.br\/mix\/wp-content\/uploads\/2026\/09\/leila-pereira-1140x641.webp 1140w, https:\/\/diariodocomercio.com.br\/mix\/wp-content\/uploads\/2026\/09\/leila-pereira.webp 1280w\" \/>\n                <\/div>\n            <\/div>\n            <div class=\"recomendadorV2Area2\">\n                <div class=\"recomendadorV2Type\">\n                    <span>BILION\u00c1RIOS t\u00edtulo=Enquanto Leila Pereira tem fortuna de R$ 4,9 bilh\u00f5es, mulher mais rica do Brasil possui 26 vezes mais <\/span>\n                <\/div>\n                <div class=\"recomendadorV2Title\">\n                <h2><span><\/span><\/h2>\n                <\/div>\n                <div class=\"recomendadorV2Desc\">\n                <span>O nome de Leila Pereira \u00e9 mais conhecido na m\u00eddia pelo fato dela ser a atual presidente do Palmeiras, mas \u2026 <\/span>\n                <\/div>\n                <div class=\"recomendadorV2Button\">Leia mais <\/div>\n                <div class=\"recomendadorV2Alert\"><\/div>\n            <\/div>\n            <\/div>\n        <\/a>\n        <div>\n            <div style=\"z-index:99999;\" id=\"buttonClose\" onclick=\"closeRecomendadorFixed()\">\n            <div class=\"recomendadorCloseFixed\">X<\/div>\n            <\/div>\n            <a href=\"https:\/\/diariodocomercio.com.br\/mix\/enquanto-leila-pereira-tem-fortuna-de-r-49-bilhoes-mulher-mais-rica-do-brasil-possui-26-vezes-mais\/%20\">\n            <div class=\"recomendadorFixedArea\">\n                <div id=\"recomendadorFixed\">\n                <div class=\"recomendadorLeftArea\">\n                    <div class=\"recomendadorImgFixed\">\n                    <img width=\"300\" height=\"169\" src=\"https:\/\/diariodocomercio.com.br\/mix\/wp-content\/uploads\/2026\/09\/leila-pereira-300x169.webp\" class=\"lazyload\" alt=\"\" sizes=\"auto, 160px\" decoding=\"async\" loading=\"lazy\" srcset=\"https:\/\/diariodocomercio.com.br\/mix\/wp-content\/uploads\/2026\/09\/leila-pereira-300x169.webp 300w, https:\/\/diariodocomercio.com.br\/mix\/wp-content\/uploads\/2026\/09\/leila-pereira-1200x675.webp 1200w, https:\/\/diariodocomercio.com.br\/mix\/wp-content\/uploads\/2026\/09\/leila-pereira-768x432.webp 768w, https:\/\/diariodocomercio.com.br\/mix\/wp-content\/uploads\/2026\/09\/leila-pereira-150x84.webp 150w, https:\/\/diariodocomercio.com.br\/mix\/wp-content\/uploads\/2026\/09\/leila-pereira-750x422.webp 750w, https:\/\/diariodocomercio.com.br\/mix\/wp-content\/uploads\/2026\/09\/leila-pereira-1140x641.webp 1140w, https:\/\/diariodocomercio.com.br\/mix\/wp-content\/uploads\/2026\/09\/leila-pereira.webp 1280w\" \/>\n                    <\/div>\n                <\/div>\n                <div class=\"recomendadorRightArea\">\n                    <div class=\"recomendadorTitleFixed\">\n                    <h2><span><\/span><\/h2>\n                    <\/div>\n                    <div class=\"recomendadorButtonFixed\">Leia mais <\/div>\n                    <div class=\"recomendadorAlertFixed\"><\/div>\n                <\/div>\n                <\/div>\n            <\/div>\n            <\/a>\n        <\/div>\n        <\/div>\n","protected":false},"excerpt":{"rendered":"<p>Atualmente, voc\u00ea precisa ter no m\u00ednimo 65 anos, se for homem, ou 62, se for mulher, para ter direito \u00e0 aposentadoria no Brasil. Mas voc\u00ea sabia que existem v\u00e1rias profiss\u00f5es que podem se aposentar mais cedo? \u00c9 a chamada aposentadoria especial, um direito de quem trabalha expostos a agentes nocivos. Esses profissionais t\u00eam direito a [&hellip;]<\/p>\n","protected":false},"author":6,"featured_media":9080,"comment_status":"closed","ping_status":"closed","sticky":false,"template":"","format":"standard","meta":{"jnews-multi-image_gallery":[],"jnews_single_post":{"format":"standard"},"jnews_primary_category":[],"jnews_social_meta":[],"jnews_post_split":[],"footnotes":""},"categories":[1],"tags":[],"class_list":["post-57892","post","type-post","status-publish","format-standard","has-post-thumbnail","hentry","category-geral"],"_referencia":"","_links":{"self":[{"href":"https:\/\/diariodocomercio.com.br\/mix\/wp-json\/wp\/v2\/posts\/57892","targetHints":{"allow":["GET"]}}],"collection":[{"href":"https:\/\/diariodocomercio.com.br\/mix\/wp-json\/wp\/v2\/posts"}],"about":[{"href":"https:\/\/diariodocomercio.com.br\/mix\/wp-json\/wp\/v2\/types\/post"}],"author":[{"embeddable":true,"href":"https:\/\/diariodocomercio.com.br\/mix\/wp-json\/wp\/v2\/users\/6"}],"replies":[{"embeddable":true,"href":"https:\/\/diariodocomercio.com.br\/mix\/wp-json\/wp\/v2\/comments?post=57892"}],"version-history":[{"count":1,"href":"https:\/\/diariodocomercio.com.br\/mix\/wp-json\/wp\/v2\/posts\/57892\/revisions"}],"predecessor-version":[{"id":57893,"href":"https:\/\/diariodocomercio.com.br\/mix\/wp-json\/wp\/v2\/posts\/57892\/revisions\/57893"}],"wp:featuredmedia":[{"embeddable":true,"href":"https:\/\/diariodocomercio.com.br\/mix\/wp-json\/wp\/v2\/media\/9080"}],"wp:attachment":[{"href":"https:\/\/diariodocomercio.com.br\/mix\/wp-json\/wp\/v2\/media?parent=57892"}],"wp:term":[{"taxonomy":"category","embeddable":true,"href":"https:\/\/diariodocomercio.com.br\/mix\/wp-json\/wp\/v2\/categories?post=57892"},{"taxonomy":"post_tag","embeddable":true,"href":"https:\/\/diariodocomercio.com.br\/mix\/wp-json\/wp\/v2\/tags?post=57892"}],"curies":[{"name":"wp","href":"https:\/\/api.w.org\/{rel}","templated":true}]}}