{"id":57899,"date":"2026-09-04T18:30:15","date_gmt":"2026-09-04T21:30:15","guid":{"rendered":"https:\/\/diariodocomercio.com.br\/mix\/?p=57899"},"modified":"2026-09-04T18:30:18","modified_gmt":"2026-09-04T21:30:18","slug":"quem-diz-obrigado-demais-pode-estar-escondendo-um-problema-segundo-especialista","status":"publish","type":"post","link":"https:\/\/diariodocomercio.com.br\/mix\/quem-diz-obrigado-demais-pode-estar-escondendo-um-problema-segundo-especialista\/","title":{"rendered":"Quem diz \u201cobrigado\u201d demais pode estar escondendo um problema, segundo especialista"},"content":{"rendered":"\n<p class=\"wp-block-paragraph\">Mesmo voc\u00ea tendo passado pelo jardim de inf\u00e2ncia h\u00e1 muito tempo, voc\u00ea provavelmente se lembra de aprender sobre a import\u00e2ncia das &#8220;palavrinhas m\u00e1gicas&#8221;: &#8220;Por favor&#8221;, &#8220;Com licen\u00e7a&#8221; e, \u00e9 claro, &#8220;Obrigado&#8221;. E \u00e9 sobre essa \u00faltima que n\u00f3s vamos falar. Obviamente, agradecer \u00e9 um gesto b\u00e1sico do nosso conv\u00edvio social e considerado um sinal \u00f3bvio de educa\u00e7\u00e3o. Mas e quando o &#8220;obrigado&#8221; se torna quase um reflexo ao inv\u00e9s de um ato pensado?<\/p>\n\n\n\n<p class=\"wp-block-paragraph\">A psic\u00f3loga cl\u00ednica Daniela Pereira aponta que, quando o &#8220;obrigado&#8221; se torna frequente e autom\u00e1tico, muitas vezes ele \u00e9 usado em lugares inadequados. Sabe quando algu\u00e9m tromba em voc\u00ea na rua e \u00e9 voc\u00ea quem pede desculpas? \u00c9 uma l\u00f3gica parecida. <\/p>\n\n\n\n<h2 class=\"wp-block-heading\">E aquele pessoa que diz &#8220;obrigado&#8221; o tempo todo?<\/h2>\n\n\n\n<p class=\"wp-block-paragraph\">\u00c0 CNN Brasil, a psic\u00f3loga explica que n\u00e3o \u00e9 poss\u00edvel associar (pelo menos n\u00e3o de forma autom\u00e1tica) o h\u00e1bito de agradecer constantemente a algum problema. Mas pode ser sim relevante analisar por que voc\u00ea sente tanta necessidade de dizer obrigado o tempo todo. Ela pontua que \u00e9 importante diferenciar gratid\u00e3o espont\u00e2nea de um agradecimento compulsivo. Qual a inten\u00e7\u00e3o emocional por tr\u00e1s desse obrigado?<\/p>\n\n\n\n<p class=\"wp-block-paragraph\">Ela explica que uma forma simples de identificar qual das op\u00e7\u00f5es \u00e9: voc\u00ea fazer para si mesmo a pergunta: <em>&#8220;O que eu sentiria se n\u00e3o dissesse &#8216;obrigado&#8217; agora?&#8221;<\/em>. Se a resposta \u00e9 que voc\u00ea est\u00e1 com medo de ser julgado ou rejeitado, a\u00ed \u00e9 bem prov\u00e1vel que o seu agradecimento esteja menos ligado a uma gratid\u00e3o e mais a uma forma de &#8220;autoprote\u00e7\u00e3o&#8221;. Daniela afirma que o excesso de agradecimentos pode estar ligado a quadros de ansiedade ou de autoestima fragilizada, condi\u00e7\u00f5es que fazem a pessoa sentir aquela constante necessidade de se sentir aceitar.<\/p>\n\n\n<style>@media (min-width: 992px) {\n    .recomendadorV2Area1 {\n        width: 280px;\n    }\n    .recomendadorV2Area2 {\n        padding: 0px 20px;\n        width: calc(100% - 280px);\n    }\n}\n\n@media (max-width: 992px) {\n    .recomendadorV2Button {\n        margin: 0 auto;\n    }\n    .recomendadorV2Area {\n        flex-direction: column;\n        text-align: center;\n    }\n    .recomendadorV2Area2 {\n        padding: 0px 20px;\n    }\n}\n\n.recomendadorV2Area {\n    background: #eeeeee3d;\n    border-radius: 10px;\n    padding: 15px;\n    display: flex;\n    margin: 15px auto;\n    border: 1px solid #00000014;\n    max-width: 800px;\n}\n\n.recomendadorV2Area1 img {\n    width: 280px;\n    height: auto;\n    border-radius: 8px;\n}\n\n.linkrecomendadorv2 {\n    text-decoration: none !important;\n}\n\n.recomendadorV2Area2 .recomendadorV2Type {\n    text-transform: uppercase;\n    font-weight: 500;\n    font-size: 11px;\n    letter-spacing: 2px;\n    color: #666;\n    margin: 12px 0;\n    display: block;\n}\n\n.recomendadorV2Title h2 {\n    padding-top: 0px !important;\n    margin: 0px !important;\n    border-left: none !important;\n    padding-left: 0px !important;\n    line-height: 1.3;\n    color: #000 !important;\n    font-size: 24px;\n    margin-bottom: 12px !important;\n}\n\n.recomendadorV2Desc {\n    color: #333;\n    margin: 12px 0px !important;\n    font-size: 15px;\n    line-height: 1.5;\n}\n\n.recomendadorV2Button {\n    width: auto;\n    max-width: 200px;\n    margin: 0;\n    display: inline-flex;\n    align-items: center;\n    background: #1D3557;\n    border-radius: 8px;\n    color: #fff;\n    height: 36px;\n    justify-content: center;\n    text-align: center;\n    font-size: 14px;\n    padding: 0 20px;\n    transition: background-color 0.2s ease;\n}\n\n.recomendadorV2Button:hover {\n    background: #2a4d7a;\n}\n\n.recomendadorV2Button:after {\n    margin-top: -2px;\n    content: \"\u2192\";\n    padding: 0px 0px 0px 8px;\n}\n\n.recomendadorV2Alert {\n    text-align: left;\n    font-size: 11px;\n    margin-top: 8px;\n    color: #666;\n}\n\n.recomendadorFixedArea {\n    width: 100%;\n    display: flex;\n    justify-content: center;\n    align-items: center;\n}\n\n@media (min-width: 992px) {\n    #recomendadorFixed {\n        width: 32% !important;\n        left: 5%;\n    }\n    .recomendadorCloseFixed{\n        right: inherit !important;\n        left: 378px !important;\n    }\n}\n\n#recomendadorFixed {\n    width: 90%;\n    box-shadow: 0 10px 20px 0px #00000057;\n    display: none;\n    height: 90px;\n    background: #F6F6F6;\n    position: fixed;\n    flex-direction: row;\n    bottom: 10px;\n    z-index: 9999;\n    border-radius: 16px;\n    padding: 7px 10px;\n}\n\n.recomendadorLeftArea {\n    width: 160px;\n}\n\n.recomendadorRightArea h2 {\n    padding-top: 0px;\n    margin: 2px 0px 4px 0px !important;\n    font-weight: 400;\n    text-align: center;\n    padding-left: 0px !important;\n    color: #000 !important;\n    border-left: none !important;\n    line-height: 20px;\n    font-size: 12px !important;\n}\n\n.recomendadorImgFixed {\n    overflow: hidden;\n    padding: 8px 6px;\n    height: 100%;\n}\n\n.recomendadorImgFixed img {\n    height: 100% !important;\n    border-radius: 16px;\n}\n\n.recomendadorRightArea {\n    padding-top: 6px;\n    display: flex;\n    width: calc(100% - 130px);\n    justify-content: space-between;\n    align-items: center;\n    flex-direction: column;\n}\n\n.recomendadorButtonFixed {\n    margin: 0 auto;\n    background: #1D3557;\n    width: 80%;\n    text-align: center;\n    font-size: 10px;\n    color: #FFF;\n    padding: 2px 10px;\n    border-radius: 3px;\n}\n\n.recomendadorButtonFixed:after {\n    margin-top: -3px;\n    content: \"\u2192\";\n    padding: 0px 0px 0px 10px;\n}\n\n.recomendadorAlertFixed {\n    font-weight: 400;\n    text-align: center;\n    color: #484848;\n    font-size: 8px;\n}\n\n.recomendadorCloseFixed {\n    z-index: 99999;\n    display: none;\n    right: 0px;\n    left: inherit;\n    bottom: 99px;\n    position: fixed;\n    justify-content: center;\n    background: #F6F6F6;\n    width: 25px;\n    align-items: center;\n    height: 25px;\n    font-weight: 800;\n    border-radius: 50%;\n    border: 1px solid #EBEBEB;\n}\n\n.recomendadorV2Desc{\n    color: #000000;\n    margin: 20px 0px;\n}\n\n@media (max-width: 576px) {\n    .recomendadorV2Area {\n      padding: 10px;\n      max-width: 100%;\n    }\n  \n    .recomendadorV2Area1 img {\n      width: 100%;\n      border-radius: 6px;\n    }\n  \n    .recomendadorV2Area2 .recomendadorV2Type {\n      font-size: 9px;\n      letter-spacing: 1px;\n      margin: 8px 0;\n    }\n  \n    .recomendadorV2Title h2 {\n      font-size: 18px !important;\n      margin-bottom: 8px !important;\n      line-height: 1.2;\n    }\n  \n    .recomendadorV2Desc {\n      font-size: 14px;\n      margin: 8px 0 !important;\n      line-height: 1.4;\n    }\n  \n    .recomendadorV2Button {\n      font-size: 14px;\n      height: 40px;\n      padding: 0 12px;\n      max-width: 100%;\n      width: 100%;\n    }\n  \n    .recomendadorV2Button:after {\n      padding-left: 6px;\n    }\n  }\n  <\/style>\n        <div class=\"lazyblock-recomendador-v2-2jDGz wp-block-lazyblock-recomendador-v2\">\n        <a class=\"linkrecomendadorv2\" href=\"https:\/\/diariodocomercio.com.br\/mix\/enquanto-leila-pereira-tem-fortuna-de-r-49-bilhoes-mulher-mais-rica-do-brasil-possui-26-vezes-mais\/%20\">\n            <div class=\"recomendadorV2Area\">\n            <div class=\"recomendadorV2Area1\">\n                <div class=\"recomendadorV2Img\">\n                <img width=\"768\" height=\"432\" src=\"https:\/\/diariodocomercio.com.br\/mix\/wp-content\/uploads\/2026\/09\/leila-pereira-768x432.webp\" class=\"lazyloaded\" alt=\"\" sizes=\"auto, (min-width: 577px) 280px, calc(100vw - 20px)\" decoding=\"async\" loading=\"lazy\" srcset=\"https:\/\/diariodocomercio.com.br\/mix\/wp-content\/uploads\/2026\/09\/leila-pereira-768x432.webp 768w, https:\/\/diariodocomercio.com.br\/mix\/wp-content\/uploads\/2026\/09\/leila-pereira-300x169.webp 300w, https:\/\/diariodocomercio.com.br\/mix\/wp-content\/uploads\/2026\/09\/leila-pereira-1200x675.webp 1200w, https:\/\/diariodocomercio.com.br\/mix\/wp-content\/uploads\/2026\/09\/leila-pereira-150x84.webp 150w, https:\/\/diariodocomercio.com.br\/mix\/wp-content\/uploads\/2026\/09\/leila-pereira-750x422.webp 750w, https:\/\/diariodocomercio.com.br\/mix\/wp-content\/uploads\/2026\/09\/leila-pereira-1140x641.webp 1140w, https:\/\/diariodocomercio.com.br\/mix\/wp-content\/uploads\/2026\/09\/leila-pereira.webp 1280w\" \/>\n                <\/div>\n            <\/div>\n            <div class=\"recomendadorV2Area2\">\n                <div class=\"recomendadorV2Type\">\n                    <span>BILION\u00c1RIOS t\u00edtulo=Enquanto Leila Pereira tem fortuna de R$ 4,9 bilh\u00f5es, mulher mais rica do Brasil possui 26 vezes mais <\/span>\n                <\/div>\n                <div class=\"recomendadorV2Title\">\n                <h2><span><\/span><\/h2>\n                <\/div>\n                <div class=\"recomendadorV2Desc\">\n                <span>O nome de Leila Pereira \u00e9 mais conhecido na m\u00eddia pelo fato dela ser a atual presidente do Palmeiras, mas \u2026 <\/span>\n                <\/div>\n                <div class=\"recomendadorV2Button\">Leia mais <\/div>\n                <div class=\"recomendadorV2Alert\"><\/div>\n            <\/div>\n            <\/div>\n        <\/a>\n        <div>\n            <div style=\"z-index:99999;\" id=\"buttonClose\" onclick=\"closeRecomendadorFixed()\">\n            <div class=\"recomendadorCloseFixed\">X<\/div>\n            <\/div>\n            <a href=\"https:\/\/diariodocomercio.com.br\/mix\/enquanto-leila-pereira-tem-fortuna-de-r-49-bilhoes-mulher-mais-rica-do-brasil-possui-26-vezes-mais\/%20\">\n            <div class=\"recomendadorFixedArea\">\n                <div id=\"recomendadorFixed\">\n                <div class=\"recomendadorLeftArea\">\n                    <div class=\"recomendadorImgFixed\">\n                    <img width=\"300\" height=\"169\" src=\"https:\/\/diariodocomercio.com.br\/mix\/wp-content\/uploads\/2026\/09\/leila-pereira-300x169.webp\" class=\"lazyload\" alt=\"\" sizes=\"auto, 160px\" decoding=\"async\" loading=\"lazy\" srcset=\"https:\/\/diariodocomercio.com.br\/mix\/wp-content\/uploads\/2026\/09\/leila-pereira-300x169.webp 300w, https:\/\/diariodocomercio.com.br\/mix\/wp-content\/uploads\/2026\/09\/leila-pereira-1200x675.webp 1200w, https:\/\/diariodocomercio.com.br\/mix\/wp-content\/uploads\/2026\/09\/leila-pereira-768x432.webp 768w, https:\/\/diariodocomercio.com.br\/mix\/wp-content\/uploads\/2026\/09\/leila-pereira-150x84.webp 150w, https:\/\/diariodocomercio.com.br\/mix\/wp-content\/uploads\/2026\/09\/leila-pereira-750x422.webp 750w, https:\/\/diariodocomercio.com.br\/mix\/wp-content\/uploads\/2026\/09\/leila-pereira-1140x641.webp 1140w, https:\/\/diariodocomercio.com.br\/mix\/wp-content\/uploads\/2026\/09\/leila-pereira.webp 1280w\" \/>\n                    <\/div>\n                <\/div>\n                <div class=\"recomendadorRightArea\">\n                    <div class=\"recomendadorTitleFixed\">\n                    <h2><span><\/span><\/h2>\n                    <\/div>\n                    <div class=\"recomendadorButtonFixed\">Leia mais <\/div>\n                    <div class=\"recomendadorAlertFixed\"><\/div>\n                <\/div>\n                <\/div>\n            <\/div>\n            <\/a>\n        <\/div>\n        <\/div>\n","protected":false},"excerpt":{"rendered":"<p>Mesmo voc\u00ea tendo passado pelo jardim de inf\u00e2ncia h\u00e1 muito tempo, voc\u00ea provavelmente se lembra de aprender sobre a import\u00e2ncia das &#8220;palavrinhas m\u00e1gicas&#8221;: &#8220;Por favor&#8221;, &#8220;Com licen\u00e7a&#8221; e, \u00e9 claro, &#8220;Obrigado&#8221;. E \u00e9 sobre essa \u00faltima que n\u00f3s vamos falar. Obviamente, agradecer \u00e9 um gesto b\u00e1sico do nosso conv\u00edvio social e considerado um sinal \u00f3bvio [&hellip;]<\/p>\n","protected":false},"author":6,"featured_media":57901,"comment_status":"closed","ping_status":"closed","sticky":false,"template":"","format":"standard","meta":{"jnews-multi-image_gallery":[],"jnews_single_post":{"format":"standard"},"jnews_primary_category":[],"jnews_social_meta":[],"jnews_post_split":[],"footnotes":""},"categories":[1],"tags":[],"class_list":["post-57899","post","type-post","status-publish","format-standard","has-post-thumbnail","hentry","category-geral"],"_referencia":"","_links":{"self":[{"href":"https:\/\/diariodocomercio.com.br\/mix\/wp-json\/wp\/v2\/posts\/57899","targetHints":{"allow":["GET"]}}],"collection":[{"href":"https:\/\/diariodocomercio.com.br\/mix\/wp-json\/wp\/v2\/posts"}],"about":[{"href":"https:\/\/diariodocomercio.com.br\/mix\/wp-json\/wp\/v2\/types\/post"}],"author":[{"embeddable":true,"href":"https:\/\/diariodocomercio.com.br\/mix\/wp-json\/wp\/v2\/users\/6"}],"replies":[{"embeddable":true,"href":"https:\/\/diariodocomercio.com.br\/mix\/wp-json\/wp\/v2\/comments?post=57899"}],"version-history":[{"count":2,"href":"https:\/\/diariodocomercio.com.br\/mix\/wp-json\/wp\/v2\/posts\/57899\/revisions"}],"predecessor-version":[{"id":57902,"href":"https:\/\/diariodocomercio.com.br\/mix\/wp-json\/wp\/v2\/posts\/57899\/revisions\/57902"}],"wp:featuredmedia":[{"embeddable":true,"href":"https:\/\/diariodocomercio.com.br\/mix\/wp-json\/wp\/v2\/media\/57901"}],"wp:attachment":[{"href":"https:\/\/diariodocomercio.com.br\/mix\/wp-json\/wp\/v2\/media?parent=57899"}],"wp:term":[{"taxonomy":"category","embeddable":true,"href":"https:\/\/diariodocomercio.com.br\/mix\/wp-json\/wp\/v2\/categories?post=57899"},{"taxonomy":"post_tag","embeddable":true,"href":"https:\/\/diariodocomercio.com.br\/mix\/wp-json\/wp\/v2\/tags?post=57899"}],"curies":[{"name":"wp","href":"https:\/\/api.w.org\/{rel}","templated":true}]}}