{"id":57913,"date":"2026-09-04T19:45:39","date_gmt":"2026-09-04T22:45:39","guid":{"rendered":"https:\/\/diariodocomercio.com.br\/mix\/?p=57913"},"modified":"2026-09-04T19:45:41","modified_gmt":"2026-09-04T22:45:41","slug":"especialistas-pedem-que-moradores-de-ms-sp-sc-pr-e-rs-se-preparem-para-ventos-de-60-km-h-e-tempestades-com-pedras-de-gelo-caindo-do-ceu","status":"publish","type":"post","link":"https:\/\/diariodocomercio.com.br\/mix\/especialistas-pedem-que-moradores-de-ms-sp-sc-pr-e-rs-se-preparem-para-ventos-de-60-km-h-e-tempestades-com-pedras-de-gelo-caindo-do-ceu\/","title":{"rendered":"Especialistas pedem que moradores de MS, SP, SC, PR e RS se preparem para ventos de 60 km\/h e tempestades com pedras de gelo caindo do c\u00e9u"},"content":{"rendered":"\n<p class=\"wp-block-paragraph\">O Instituto Nacional de Meteorologia emitiu um <strong>alerta amarelo<\/strong> para tempestades nesta sexta-feira, 4 de setembro, v\u00e1lido at\u00e9 as 23h59. O aviso abrange cinco estados: Rio Grande do Sul, Santa Catarina, Paran\u00e1, S\u00e3o Paulo e Mato Grosso do Sul. Ao todo, 1.060 munic\u00edpios est\u00e3o inseridos nas \u00e1reas de risco.<\/p>\n\n\n\n<p class=\"wp-block-paragraph\">A previs\u00e3o indica acumulados de chuva de at\u00e9 50 mil\u00edmetros, com ventos intensos que podem chegar a 60 km\/h e possibilidade de queda de <strong>granizo<\/strong>. Apesar das condi\u00e7\u00f5es, o Inmet classifica o risco de cortes de energia, danos em planta\u00e7\u00f5es, queda de galhos e alagamentos como baixo.<\/p>\n\n\n\n<h2 class=\"wp-block-heading\">Alerta amarelo<\/h2>\n\n\n\n<p class=\"wp-block-paragraph\">O alerta amarelo \u00e9 o primeiro n\u00edvel da escala de avisos meteorol\u00f3gicos e indica potencial de transtornos. A orienta\u00e7\u00e3o \u00e9 que a popula\u00e7\u00e3o acompanhe as atualiza\u00e7\u00f5es dos \u00f3rg\u00e3os oficiais, evite permanecer sob \u00e1rvores, postes ou pr\u00f3ximo \u00e0 rede el\u00e9trica durante as tempestades, e acione o Corpo de Bombeiros (193) ou a Defesa Civil (199) em caso de emerg\u00eancia.<\/p>\n\n\n\n<p class=\"wp-block-paragraph\">A instabilidade \u00e9 causada pela passagem de uma frente fria pelo Oceano Atl\u00e2ntico, combinada com \u00e1reas de baixa press\u00e3o no interior do continente e um canal de umidade. At\u00e9 este s\u00e1bado, 5 de setembro, a aproxima\u00e7\u00e3o de uma \u00e1rea de alta press\u00e3o deve favorecer condi\u00e7\u00f5es mais est\u00e1veis, principalmente no Rio Grande do Sul.<\/p>\n\n\n\n<p class=\"wp-block-paragraph\">O alerta segue o padr\u00e3o de comunica\u00e7\u00e3o do Inmet, que utiliza cores para classificar o grau de severidade dos fen\u00f4menos. O amarelo indica perigo potencial, exigindo aten\u00e7\u00e3o da popula\u00e7\u00e3o, mas sem risco imediato de grandes trag\u00e9dias.&nbsp;<\/p>\n","protected":false},"excerpt":{"rendered":"<p>O Instituto Nacional de Meteorologia emitiu um alerta amarelo para tempestades.<\/p>\n","protected":false},"author":12,"featured_media":18771,"comment_status":"closed","ping_status":"closed","sticky":false,"template":"","format":"standard","meta":{"jnews-multi-image_gallery":[],"jnews_single_post":{"format":"standard"},"jnews_primary_category":[],"jnews_social_meta":[],"jnews_post_split":[],"footnotes":""},"categories":[1],"tags":[],"class_list":["post-57913","post","type-post","status-publish","format-standard","has-post-thumbnail","hentry","category-geral"],"_referencia":"","_links":{"self":[{"href":"https:\/\/diariodocomercio.com.br\/mix\/wp-json\/wp\/v2\/posts\/57913","targetHints":{"allow":["GET"]}}],"collection":[{"href":"https:\/\/diariodocomercio.com.br\/mix\/wp-json\/wp\/v2\/posts"}],"about":[{"href":"https:\/\/diariodocomercio.com.br\/mix\/wp-json\/wp\/v2\/types\/post"}],"author":[{"embeddable":true,"href":"https:\/\/diariodocomercio.com.br\/mix\/wp-json\/wp\/v2\/users\/12"}],"replies":[{"embeddable":true,"href":"https:\/\/diariodocomercio.com.br\/mix\/wp-json\/wp\/v2\/comments?post=57913"}],"version-history":[{"count":1,"href":"https:\/\/diariodocomercio.com.br\/mix\/wp-json\/wp\/v2\/posts\/57913\/revisions"}],"predecessor-version":[{"id":57916,"href":"https:\/\/diariodocomercio.com.br\/mix\/wp-json\/wp\/v2\/posts\/57913\/revisions\/57916"}],"wp:featuredmedia":[{"embeddable":true,"href":"https:\/\/diariodocomercio.com.br\/mix\/wp-json\/wp\/v2\/media\/18771"}],"wp:attachment":[{"href":"https:\/\/diariodocomercio.com.br\/mix\/wp-json\/wp\/v2\/media?parent=57913"}],"wp:term":[{"taxonomy":"category","embeddable":true,"href":"https:\/\/diariodocomercio.com.br\/mix\/wp-json\/wp\/v2\/categories?post=57913"},{"taxonomy":"post_tag","embeddable":true,"href":"https:\/\/diariodocomercio.com.br\/mix\/wp-json\/wp\/v2\/tags?post=57913"}],"curies":[{"name":"wp","href":"https:\/\/api.w.org\/{rel}","templated":true}]}}