{"id":57915,"date":"2026-09-04T20:10:03","date_gmt":"2026-09-04T23:10:03","guid":{"rendered":"https:\/\/diariodocomercio.com.br\/mix\/?p=57915"},"modified":"2026-09-04T20:10:06","modified_gmt":"2026-09-04T23:10:06","slug":"especialistas-pedem-que-brasileiros-se-preparem-para-o-que-vai-acontecer-com-o-clima-durante-o-feriado-no-dia-07-09","status":"publish","type":"post","link":"https:\/\/diariodocomercio.com.br\/mix\/especialistas-pedem-que-brasileiros-se-preparem-para-o-que-vai-acontecer-com-o-clima-durante-o-feriado-no-dia-07-09\/","title":{"rendered":"Especialistas pedem que brasileiros se preparem para o que vai acontecer com o clima durante o feriado no dia 07\/09"},"content":{"rendered":"\n<p class=\"wp-block-paragraph\">M\u00e1 not\u00edcia para voc\u00ea, que estava planejando passar o feriado do sete de setembro na piscina ou pegando uma praia. Para boa parte do Brasil, vai ser um feriado com um clima que combina bem mais com as cobertas do que com uma piscina. Nesta sexta-feira (4), uma intensa massa de ar polar come\u00e7ou a avan\u00e7ar pelo Brasil, o que vai derrubar as temperaturas em pleno feriad\u00e3o.<\/p>\n\n\n\n<p class=\"wp-block-paragraph\">De acordo com o ND+, o fen\u00f4meno vai causar uma queda acentuada de temperaturas nos pr\u00f3ximos dias, avan\u00e7ando por v\u00e1rias partes do Brasil, desde o Rio Grande do Sul at\u00e9 \u00e1reas do Norte e Nordeste. Com isso, a frente fria vai alterar o clima de v\u00e1rios e v\u00e1rios estados brasileiros. <\/p>\n\n\n\n<p class=\"wp-block-paragraph\">Os estados mais afetados s\u00e3o os da regi\u00e3o Sul, onde essa massa de ar polar come\u00e7ou a atuar. Em \u00e1reas serranas da regi\u00e3o, h\u00e1 previs\u00e3o de geadas e de temperaturas negativas, com m\u00ednimas de at\u00e9 -6\u00baC. A partir do domingo (6), o frio se espalha pelo Centro-Oeste e Sudeste, afetando os climas do Mato Grosso, Goi\u00e1s, Distrito Federal, Minas Gerais, Esp\u00edrito Santo e Rio de Janeiro. <\/p>\n\n\n\n<p class=\"wp-block-paragraph\">A massa de ar frio tamb\u00e9m deve causar um novo epis\u00f3dio de friagem at\u00e9 mesmo no Norte, atingindo o Acre, Rond\u00f4nia, Tocantis e o sul do Amazonas e do Par\u00e1. Em alguma medida, essa mudan\u00e7a no clima vai ser sentida at\u00e9 no Nordeste, com temperaturas mais amenas no extremo sul do Maranh\u00e3 e no sul e oeste da Bahia. No total, s\u00e3o 18 estados afetados por essa de ar fria.<\/p>\n\n\n\n<h2 class=\"wp-block-heading\">Todos os feriados nacionais de 2026:<\/h2>\n\n\n\n<ul class=\"wp-block-list\">\n<li><s>1\u00ba de janeiro (quinta) \u2013 Confraterniza\u00e7\u00e3o Universal;<\/s><\/li>\n\n\n\n<li><s>18 de abril (sexta) \u2013 Sexta-feira Santa;<\/s><\/li>\n\n\n\n<li><s>21 de abril (ter\u00e7a) \u2013 Tiradentes;<\/s><\/li>\n\n\n\n<li><s>1\u00ba de maio (sexta) \u2013 Dia do Trabalho;<\/s><\/li>\n\n\n\n<li>7 de setembro (segunda) \u2013 Independ\u00eancia do Brasil;<\/li>\n\n\n\n<li>12 de outubro (segunda) \u2013 Nossa Senhora Aparecida;<\/li>\n\n\n\n<li>2 de novembro (segunda) \u2013 Finados;<\/li>\n\n\n\n<li>15 de novembro (domingo) \u2013 Proclama\u00e7\u00e3o da Rep\u00fablica;<\/li>\n\n\n\n<li>20 de novembro (sexta) \u2013 Dia da Consci\u00eancia Negra;<\/li>\n\n\n\n<li>25 de dezembro (sexta) \u2013 Natal.<\/li>\n<\/ul>\n\n\n<style>@media (min-width: 992px) {\n    .recomendadorV2Area1 {\n        width: 280px;\n    }\n    .recomendadorV2Area2 {\n        padding: 0px 20px;\n        width: calc(100% - 280px);\n    }\n}\n\n@media (max-width: 992px) {\n    .recomendadorV2Button {\n        margin: 0 auto;\n    }\n    .recomendadorV2Area {\n        flex-direction: column;\n        text-align: center;\n    }\n    .recomendadorV2Area2 {\n        padding: 0px 20px;\n    }\n}\n\n.recomendadorV2Area {\n    background: #eeeeee3d;\n    border-radius: 10px;\n    padding: 15px;\n    display: flex;\n    margin: 15px auto;\n    border: 1px solid #00000014;\n    max-width: 800px;\n}\n\n.recomendadorV2Area1 img {\n    width: 280px;\n    height: auto;\n    border-radius: 8px;\n}\n\n.linkrecomendadorv2 {\n    text-decoration: none !important;\n}\n\n.recomendadorV2Area2 .recomendadorV2Type {\n    text-transform: uppercase;\n    font-weight: 500;\n    font-size: 11px;\n    letter-spacing: 2px;\n    color: #666;\n    margin: 12px 0;\n    display: block;\n}\n\n.recomendadorV2Title h2 {\n    padding-top: 0px !important;\n    margin: 0px !important;\n    border-left: none !important;\n    padding-left: 0px !important;\n    line-height: 1.3;\n    color: #000 !important;\n    font-size: 24px;\n    margin-bottom: 12px !important;\n}\n\n.recomendadorV2Desc {\n    color: #333;\n    margin: 12px 0px !important;\n    font-size: 15px;\n    line-height: 1.5;\n}\n\n.recomendadorV2Button {\n    width: auto;\n    max-width: 200px;\n    margin: 0;\n    display: inline-flex;\n    align-items: center;\n    background: #1D3557;\n    border-radius: 8px;\n    color: #fff;\n    height: 36px;\n    justify-content: center;\n    text-align: center;\n    font-size: 14px;\n    padding: 0 20px;\n    transition: background-color 0.2s ease;\n}\n\n.recomendadorV2Button:hover {\n    background: #2a4d7a;\n}\n\n.recomendadorV2Button:after {\n    margin-top: -2px;\n    content: \"\u2192\";\n    padding: 0px 0px 0px 8px;\n}\n\n.recomendadorV2Alert {\n    text-align: left;\n    font-size: 11px;\n    margin-top: 8px;\n    color: #666;\n}\n\n.recomendadorFixedArea {\n    width: 100%;\n    display: flex;\n    justify-content: center;\n    align-items: center;\n}\n\n@media (min-width: 992px) {\n    #recomendadorFixed {\n        width: 32% !important;\n        left: 5%;\n    }\n    .recomendadorCloseFixed{\n        right: inherit !important;\n        left: 378px !important;\n    }\n}\n\n#recomendadorFixed {\n    width: 90%;\n    box-shadow: 0 10px 20px 0px #00000057;\n    display: none;\n    height: 90px;\n    background: #F6F6F6;\n    position: fixed;\n    flex-direction: row;\n    bottom: 10px;\n    z-index: 9999;\n    border-radius: 16px;\n    padding: 7px 10px;\n}\n\n.recomendadorLeftArea {\n    width: 160px;\n}\n\n.recomendadorRightArea h2 {\n    padding-top: 0px;\n    margin: 2px 0px 4px 0px !important;\n    font-weight: 400;\n    text-align: center;\n    padding-left: 0px !important;\n    color: #000 !important;\n    border-left: none !important;\n    line-height: 20px;\n    font-size: 12px !important;\n}\n\n.recomendadorImgFixed {\n    overflow: hidden;\n    padding: 8px 6px;\n    height: 100%;\n}\n\n.recomendadorImgFixed img {\n    height: 100% !important;\n    border-radius: 16px;\n}\n\n.recomendadorRightArea {\n    padding-top: 6px;\n    display: flex;\n    width: calc(100% - 130px);\n    justify-content: space-between;\n    align-items: center;\n    flex-direction: column;\n}\n\n.recomendadorButtonFixed {\n    margin: 0 auto;\n    background: #1D3557;\n    width: 80%;\n    text-align: center;\n    font-size: 10px;\n    color: #FFF;\n    padding: 2px 10px;\n    border-radius: 3px;\n}\n\n.recomendadorButtonFixed:after {\n    margin-top: -3px;\n    content: \"\u2192\";\n    padding: 0px 0px 0px 10px;\n}\n\n.recomendadorAlertFixed {\n    font-weight: 400;\n    text-align: center;\n    color: #484848;\n    font-size: 8px;\n}\n\n.recomendadorCloseFixed {\n    z-index: 99999;\n    display: none;\n    right: 0px;\n    left: inherit;\n    bottom: 99px;\n    position: fixed;\n    justify-content: center;\n    background: #F6F6F6;\n    width: 25px;\n    align-items: center;\n    height: 25px;\n    font-weight: 800;\n    border-radius: 50%;\n    border: 1px solid #EBEBEB;\n}\n\n.recomendadorV2Desc{\n    color: #000000;\n    margin: 20px 0px;\n}\n\n@media (max-width: 576px) {\n    .recomendadorV2Area {\n      padding: 10px;\n      max-width: 100%;\n    }\n  \n    .recomendadorV2Area1 img {\n      width: 100%;\n      border-radius: 6px;\n    }\n  \n    .recomendadorV2Area2 .recomendadorV2Type {\n      font-size: 9px;\n      letter-spacing: 1px;\n      margin: 8px 0;\n    }\n  \n    .recomendadorV2Title h2 {\n      font-size: 18px !important;\n      margin-bottom: 8px !important;\n      line-height: 1.2;\n    }\n  \n    .recomendadorV2Desc {\n      font-size: 14px;\n      margin: 8px 0 !important;\n      line-height: 1.4;\n    }\n  \n    .recomendadorV2Button {\n      font-size: 14px;\n      height: 40px;\n      padding: 0 12px;\n      max-width: 100%;\n      width: 100%;\n    }\n  \n    .recomendadorV2Button:after {\n      padding-left: 6px;\n    }\n  }\n  <\/style>\n        <div class=\"lazyblock-recomendador-v2-2jDGz wp-block-lazyblock-recomendador-v2\">\n        <a class=\"linkrecomendadorv2\" href=\"https:\/\/diariodocomercio.com.br\/mix\/enquanto-leila-pereira-tem-fortuna-de-r-49-bilhoes-mulher-mais-rica-do-brasil-possui-26-vezes-mais\/%20\">\n            <div class=\"recomendadorV2Area\">\n            <div class=\"recomendadorV2Area1\">\n                <div class=\"recomendadorV2Img\">\n                <img width=\"768\" height=\"432\" src=\"https:\/\/diariodocomercio.com.br\/mix\/wp-content\/uploads\/2026\/09\/leila-pereira-768x432.webp\" class=\"lazyloaded\" alt=\"\" sizes=\"auto, (min-width: 577px) 280px, calc(100vw - 20px)\" decoding=\"async\" loading=\"lazy\" srcset=\"https:\/\/diariodocomercio.com.br\/mix\/wp-content\/uploads\/2026\/09\/leila-pereira-768x432.webp 768w, https:\/\/diariodocomercio.com.br\/mix\/wp-content\/uploads\/2026\/09\/leila-pereira-300x169.webp 300w, https:\/\/diariodocomercio.com.br\/mix\/wp-content\/uploads\/2026\/09\/leila-pereira-1200x675.webp 1200w, https:\/\/diariodocomercio.com.br\/mix\/wp-content\/uploads\/2026\/09\/leila-pereira-150x84.webp 150w, https:\/\/diariodocomercio.com.br\/mix\/wp-content\/uploads\/2026\/09\/leila-pereira-750x422.webp 750w, https:\/\/diariodocomercio.com.br\/mix\/wp-content\/uploads\/2026\/09\/leila-pereira-1140x641.webp 1140w, https:\/\/diariodocomercio.com.br\/mix\/wp-content\/uploads\/2026\/09\/leila-pereira.webp 1280w\" \/>\n                <\/div>\n            <\/div>\n            <div class=\"recomendadorV2Area2\">\n                <div class=\"recomendadorV2Type\">\n                    <span>BILION\u00c1RIOS t\u00edtulo=Enquanto Leila Pereira tem fortuna de R$ 4,9 bilh\u00f5es, mulher mais rica do Brasil possui 26 vezes mais <\/span>\n                <\/div>\n                <div class=\"recomendadorV2Title\">\n                <h2><span><\/span><\/h2>\n                <\/div>\n                <div class=\"recomendadorV2Desc\">\n                <span>O nome de Leila Pereira \u00e9 mais conhecido na m\u00eddia pelo fato dela ser a atual presidente do Palmeiras, mas \u2026 <\/span>\n                <\/div>\n                <div class=\"recomendadorV2Button\">Leia mais <\/div>\n                <div class=\"recomendadorV2Alert\"><\/div>\n            <\/div>\n            <\/div>\n        <\/a>\n        <div>\n            <div style=\"z-index:99999;\" id=\"buttonClose\" onclick=\"closeRecomendadorFixed()\">\n            <div class=\"recomendadorCloseFixed\">X<\/div>\n            <\/div>\n            <a href=\"https:\/\/diariodocomercio.com.br\/mix\/enquanto-leila-pereira-tem-fortuna-de-r-49-bilhoes-mulher-mais-rica-do-brasil-possui-26-vezes-mais\/%20\">\n            <div class=\"recomendadorFixedArea\">\n                <div id=\"recomendadorFixed\">\n                <div class=\"recomendadorLeftArea\">\n                    <div class=\"recomendadorImgFixed\">\n                    <img width=\"300\" height=\"169\" src=\"https:\/\/diariodocomercio.com.br\/mix\/wp-content\/uploads\/2026\/09\/leila-pereira-300x169.webp\" class=\"lazyload\" alt=\"\" sizes=\"auto, 160px\" decoding=\"async\" loading=\"lazy\" srcset=\"https:\/\/diariodocomercio.com.br\/mix\/wp-content\/uploads\/2026\/09\/leila-pereira-300x169.webp 300w, https:\/\/diariodocomercio.com.br\/mix\/wp-content\/uploads\/2026\/09\/leila-pereira-1200x675.webp 1200w, https:\/\/diariodocomercio.com.br\/mix\/wp-content\/uploads\/2026\/09\/leila-pereira-768x432.webp 768w, https:\/\/diariodocomercio.com.br\/mix\/wp-content\/uploads\/2026\/09\/leila-pereira-150x84.webp 150w, https:\/\/diariodocomercio.com.br\/mix\/wp-content\/uploads\/2026\/09\/leila-pereira-750x422.webp 750w, https:\/\/diariodocomercio.com.br\/mix\/wp-content\/uploads\/2026\/09\/leila-pereira-1140x641.webp 1140w, https:\/\/diariodocomercio.com.br\/mix\/wp-content\/uploads\/2026\/09\/leila-pereira.webp 1280w\" \/>\n                    <\/div>\n                <\/div>\n                <div class=\"recomendadorRightArea\">\n                    <div class=\"recomendadorTitleFixed\">\n                    <h2><span><\/span><\/h2>\n                    <\/div>\n                    <div class=\"recomendadorButtonFixed\">Leia mais <\/div>\n                    <div class=\"recomendadorAlertFixed\"><\/div>\n                <\/div>\n                <\/div>\n            <\/div>\n            <\/a>\n        <\/div>\n        <\/div>\n","protected":false},"excerpt":{"rendered":"<p>M\u00e1 not\u00edcia para voc\u00ea, que estava planejando passar o feriado do sete de setembro na piscina ou pegando uma praia. Para boa parte do Brasil, vai ser um feriado com um clima que combina bem mais com as cobertas do que com uma piscina. Nesta sexta-feira (4), uma intensa massa de ar polar come\u00e7ou a [&hellip;]<\/p>\n","protected":false},"author":6,"featured_media":57918,"comment_status":"closed","ping_status":"closed","sticky":false,"template":"","format":"standard","meta":{"jnews-multi-image_gallery":[],"jnews_single_post":{"format":"standard"},"jnews_primary_category":[],"jnews_social_meta":[],"jnews_post_split":[],"footnotes":""},"categories":[1],"tags":[],"class_list":["post-57915","post","type-post","status-publish","format-standard","has-post-thumbnail","hentry","category-geral"],"_referencia":"","_links":{"self":[{"href":"https:\/\/diariodocomercio.com.br\/mix\/wp-json\/wp\/v2\/posts\/57915","targetHints":{"allow":["GET"]}}],"collection":[{"href":"https:\/\/diariodocomercio.com.br\/mix\/wp-json\/wp\/v2\/posts"}],"about":[{"href":"https:\/\/diariodocomercio.com.br\/mix\/wp-json\/wp\/v2\/types\/post"}],"author":[{"embeddable":true,"href":"https:\/\/diariodocomercio.com.br\/mix\/wp-json\/wp\/v2\/users\/6"}],"replies":[{"embeddable":true,"href":"https:\/\/diariodocomercio.com.br\/mix\/wp-json\/wp\/v2\/comments?post=57915"}],"version-history":[{"count":1,"href":"https:\/\/diariodocomercio.com.br\/mix\/wp-json\/wp\/v2\/posts\/57915\/revisions"}],"predecessor-version":[{"id":57924,"href":"https:\/\/diariodocomercio.com.br\/mix\/wp-json\/wp\/v2\/posts\/57915\/revisions\/57924"}],"wp:featuredmedia":[{"embeddable":true,"href":"https:\/\/diariodocomercio.com.br\/mix\/wp-json\/wp\/v2\/media\/57918"}],"wp:attachment":[{"href":"https:\/\/diariodocomercio.com.br\/mix\/wp-json\/wp\/v2\/media?parent=57915"}],"wp:term":[{"taxonomy":"category","embeddable":true,"href":"https:\/\/diariodocomercio.com.br\/mix\/wp-json\/wp\/v2\/categories?post=57915"},{"taxonomy":"post_tag","embeddable":true,"href":"https:\/\/diariodocomercio.com.br\/mix\/wp-json\/wp\/v2\/tags?post=57915"}],"curies":[{"name":"wp","href":"https:\/\/api.w.org\/{rel}","templated":true}]}}