{"id":57926,"date":"2026-09-05T11:47:00","date_gmt":"2026-09-05T14:47:00","guid":{"rendered":"https:\/\/diariodocomercio.com.br\/mix\/?p=57926"},"modified":"2026-09-04T20:20:58","modified_gmt":"2026-09-04T23:20:58","slug":"ex-bbb-se-muda-para-mansao-de-2-500-m%c2%b2-apos-comprar-imovel-com-a-ex","status":"publish","type":"post","link":"https:\/\/diariodocomercio.com.br\/mix\/ex-bbb-se-muda-para-mansao-de-2-500-m%c2%b2-apos-comprar-imovel-com-a-ex\/","title":{"rendered":"Ex-BBB se muda para mans\u00e3o de 2.500 m\u00b2 ap\u00f3s comprar im\u00f3vel com a ex"},"content":{"rendered":"\n<p class=\"wp-block-paragraph\">A resid\u00eancia que <strong>Pedro Scooby<\/strong> adquiriu na Zona Oeste do Rio de Janeiro, e que ele pr\u00f3prio descreveu como um sonho de inf\u00e2ncia, permanecer\u00e1 com ele ap\u00f3s o fim do casamento com C\u00edntia Dicker. A modelo e a filha do casal devem deixar o im\u00f3vel nos pr\u00f3ximos dias, segundo informa\u00e7\u00f5es publicadas pelo jornal <strong>Extra<\/strong>.<\/p>\n\n\n\n<p class=\"wp-block-paragraph\">A casa, adquirida h\u00e1 dois anos, passou por uma reforma significativa para atender ao desejo do surfista de transform\u00e1-la em um espa\u00e7o com ares de fazenda, j\u00e1 que a fam\u00edlia planejava ter animais.<\/p>\n\n\n<div class=\"wp-block-image\">\n<figure class=\"aligncenter size-full is-resized\"><img decoding=\"async\" width=\"920\" height=\"611\" src=\"https:\/\/diariodocomercio.com.br\/mix\/wp-content\/uploads\/2026\/09\/scooby.avif\" alt=\"\" class=\"wp-image-57928\" style=\"aspect-ratio:1.5057128625551557;width:595px;height:auto\" srcset=\"https:\/\/diariodocomercio.com.br\/mix\/wp-content\/uploads\/2026\/09\/scooby.avif 920w, https:\/\/diariodocomercio.com.br\/mix\/wp-content\/uploads\/2026\/09\/scooby-300x199.avif 300w, https:\/\/diariodocomercio.com.br\/mix\/wp-content\/uploads\/2026\/09\/scooby-768x510.avif 768w, https:\/\/diariodocomercio.com.br\/mix\/wp-content\/uploads\/2026\/09\/scooby-150x100.avif 150w, https:\/\/diariodocomercio.com.br\/mix\/wp-content\/uploads\/2026\/09\/scooby-750x498.avif 750w\" sizes=\"(max-width: 920px) 100vw, 920px\" \/><figcaption class=\"wp-element-caption\">Pedro Scooby na nova casa na Zona Oeste do Rio (Fotos: Reprodu\u00e7\u00e3o\/Instagram)<\/figcaption><\/figure>\n<\/div>\n\n\n<p class=\"wp-block-paragraph\">Com <strong>2.500 metros quadrados,<\/strong> o im\u00f3vel teve sua fachada repintada, o piso substitu\u00eddo por cimento queimado em toda a extens\u00e3o e uma \u00e1rea gourmet constru\u00edda, al\u00e9m de um quiosque. As mudan\u00e7as foram planejadas para receber amigos e os bichos da fam\u00edlia, que inclu\u00edam tr\u00eas galinhas e a possibilidade de novos animais, como porcos ou at\u00e9 um boi, segundo C\u00edntia.<\/p>\n\n\n\n<h2 class=\"wp-block-heading\">Automa\u00e7\u00e3o residencial<\/h2>\n\n\n\n<p class=\"wp-block-paragraph\">A automa\u00e7\u00e3o residencial tamb\u00e9m foi uma prioridade, permitindo que o casal controlasse luzes, ar-condicionado e outros dispositivos pelo celular. Nas redes sociais, Scooby e C\u00edntia compartilharam imagens dos ambientes amplos e da decora\u00e7\u00e3o, que ganhou um estilo inspirado no M\u00e9xico, conforme a modelo.<\/p>\n\n\n\n<p class=\"wp-block-paragraph\">A compra da casa marcou um momento especial para o surfista, que declarou na \u00e9poca que o im\u00f3vel superava qualquer expectativa que ele poderia ter tido quando mais jovem. Ele chegou a contar que, ao ver o an\u00fancio da propriedade, reconheceu o lugar como o mesmo de seus sonhos de adolesc\u00eancia, o que tornou a aquisi\u00e7\u00e3o ainda mais significativa.<\/p>\n\n\n\n<p class=\"wp-block-paragraph\">Com a separa\u00e7\u00e3o, a resid\u00eancia ficar\u00e1 sob a posse de Scooby, enquanto C\u00edntia e a filha se mudar\u00e3o para outro local.<\/p>\n","protected":false},"excerpt":{"rendered":"<p>A casa, adquirida h\u00e1 dois anos, passou por uma reforma significativa.<\/p>\n","protected":false},"author":12,"featured_media":57927,"comment_status":"closed","ping_status":"closed","sticky":false,"template":"","format":"standard","meta":{"jnews-multi-image_gallery":[],"jnews_single_post":{"format":"standard"},"jnews_primary_category":[],"jnews_social_meta":[],"jnews_post_split":[],"footnotes":""},"categories":[1],"tags":[],"class_list":["post-57926","post","type-post","status-publish","format-standard","has-post-thumbnail","hentry","category-geral"],"_referencia":"","_links":{"self":[{"href":"https:\/\/diariodocomercio.com.br\/mix\/wp-json\/wp\/v2\/posts\/57926","targetHints":{"allow":["GET"]}}],"collection":[{"href":"https:\/\/diariodocomercio.com.br\/mix\/wp-json\/wp\/v2\/posts"}],"about":[{"href":"https:\/\/diariodocomercio.com.br\/mix\/wp-json\/wp\/v2\/types\/post"}],"author":[{"embeddable":true,"href":"https:\/\/diariodocomercio.com.br\/mix\/wp-json\/wp\/v2\/users\/12"}],"replies":[{"embeddable":true,"href":"https:\/\/diariodocomercio.com.br\/mix\/wp-json\/wp\/v2\/comments?post=57926"}],"version-history":[{"count":1,"href":"https:\/\/diariodocomercio.com.br\/mix\/wp-json\/wp\/v2\/posts\/57926\/revisions"}],"predecessor-version":[{"id":57929,"href":"https:\/\/diariodocomercio.com.br\/mix\/wp-json\/wp\/v2\/posts\/57926\/revisions\/57929"}],"wp:featuredmedia":[{"embeddable":true,"href":"https:\/\/diariodocomercio.com.br\/mix\/wp-json\/wp\/v2\/media\/57927"}],"wp:attachment":[{"href":"https:\/\/diariodocomercio.com.br\/mix\/wp-json\/wp\/v2\/media?parent=57926"}],"wp:term":[{"taxonomy":"category","embeddable":true,"href":"https:\/\/diariodocomercio.com.br\/mix\/wp-json\/wp\/v2\/categories?post=57926"},{"taxonomy":"post_tag","embeddable":true,"href":"https:\/\/diariodocomercio.com.br\/mix\/wp-json\/wp\/v2\/tags?post=57926"}],"curies":[{"name":"wp","href":"https:\/\/api.w.org\/{rel}","templated":true}]}}