{"id":57935,"date":"2026-09-05T15:54:00","date_gmt":"2026-09-05T18:54:00","guid":{"rendered":"https:\/\/diariodocomercio.com.br\/mix\/?p=57935"},"modified":"2026-09-04T20:36:50","modified_gmt":"2026-09-04T23:36:50","slug":"inss-pede-que-aposentados-se-preparem-para-o-dia-08-09","status":"publish","type":"post","link":"https:\/\/diariodocomercio.com.br\/mix\/inss-pede-que-aposentados-se-preparem-para-o-dia-08-09\/","title":{"rendered":"INSS pede que aposentados se preparem para o dia 08\/09"},"content":{"rendered":"\n<p class=\"wp-block-paragraph\">A partir da ter\u00e7a-feira, 8 de setembro, o funcionamento de bancos, \u00f3rg\u00e3os p\u00fablicos e servi\u00e7os essenciais <strong>volta \u00e0 normalidade<\/strong> ap\u00f3s o feriado de 7 de setembro. As ag\u00eancias banc\u00e1rias reabrem para atendimento ao p\u00fablico, e as compensa\u00e7\u00f5es de transfer\u00eancias como TED e DOC s\u00e3o retomadas. O Pix, que j\u00e1 opera ininterruptamente, segue dispon\u00edvel sem altera\u00e7\u00f5es.<\/p>\n\n\n\n<p class=\"wp-block-paragraph\">As contas de consumo com vencimento no feriado, como \u00e1gua, luz e telefone, podem ser pagas no dia 8 sem acr\u00e9scimo de multa ou juros, conforme determina\u00e7\u00e3o legal. O mesmo vale para carn\u00eas e boletos banc\u00e1rios. J\u00e1 os tributos estaduais e municipais que venceram no dia 7 devem ser pagos antecipadamente, sob pena de cobran\u00e7a de juros e multas.<\/p>\n\n\n\n<h2 class=\"wp-block-heading\">Ag\u00eancias do INSS<\/h2>\n\n\n\n<p class=\"wp-block-paragraph\">As ag\u00eancias do <strong>INSS<\/strong> tamb\u00e9m retomam o atendimento presencial na ter\u00e7a-feira, com os servi\u00e7os digitais permanecendo ativos. Os \u00f3rg\u00e3os p\u00fablicos administrativos, como prefeituras e reparti\u00e7\u00f5es estaduais, reabrem suas portas, retomando o expediente regular. O com\u00e9rcio em shoppings e supermercados volta a funcionar em hor\u00e1rio habitual.<\/p>\n\n\n\n<p class=\"wp-block-paragraph\">A orienta\u00e7\u00e3o para quem precisou resolver quest\u00f5es banc\u00e1rias ou previdenci\u00e1rias durante o feriado \u00e9 que procure os canais oficiais a partir de ter\u00e7a-feira. O dia 8 marca o retorno \u00e0 rotina, e os servi\u00e7os p\u00fablicos e privados operam dentro da normalidade. A recomenda\u00e7\u00e3o \u00e9 que os cidad\u00e3os se programem para quitar pend\u00eancias e regularizar situa\u00e7\u00f5es que eventualmente tenham ficado em aberto no feriado.<\/p>\n\n\n\n<p class=\"wp-block-paragraph\">A data de 8 de setembro tamb\u00e9m serve como um momento para retomar compromissos e organizar a semana, com todos os servi\u00e7os dispon\u00edveis.&nbsp;<\/p>\n","protected":false},"excerpt":{"rendered":"<p>Situa\u00e7\u00e3o foi explicada. Confira detalhes.<\/p>\n","protected":false},"author":12,"featured_media":15469,"comment_status":"closed","ping_status":"closed","sticky":false,"template":"","format":"standard","meta":{"jnews-multi-image_gallery":[],"jnews_single_post":{"format":"standard"},"jnews_primary_category":[],"jnews_social_meta":[],"jnews_post_split":[],"footnotes":""},"categories":[1],"tags":[],"class_list":["post-57935","post","type-post","status-publish","format-standard","has-post-thumbnail","hentry","category-geral"],"_referencia":"","_links":{"self":[{"href":"https:\/\/diariodocomercio.com.br\/mix\/wp-json\/wp\/v2\/posts\/57935","targetHints":{"allow":["GET"]}}],"collection":[{"href":"https:\/\/diariodocomercio.com.br\/mix\/wp-json\/wp\/v2\/posts"}],"about":[{"href":"https:\/\/diariodocomercio.com.br\/mix\/wp-json\/wp\/v2\/types\/post"}],"author":[{"embeddable":true,"href":"https:\/\/diariodocomercio.com.br\/mix\/wp-json\/wp\/v2\/users\/12"}],"replies":[{"embeddable":true,"href":"https:\/\/diariodocomercio.com.br\/mix\/wp-json\/wp\/v2\/comments?post=57935"}],"version-history":[{"count":2,"href":"https:\/\/diariodocomercio.com.br\/mix\/wp-json\/wp\/v2\/posts\/57935\/revisions"}],"predecessor-version":[{"id":57937,"href":"https:\/\/diariodocomercio.com.br\/mix\/wp-json\/wp\/v2\/posts\/57935\/revisions\/57937"}],"wp:featuredmedia":[{"embeddable":true,"href":"https:\/\/diariodocomercio.com.br\/mix\/wp-json\/wp\/v2\/media\/15469"}],"wp:attachment":[{"href":"https:\/\/diariodocomercio.com.br\/mix\/wp-json\/wp\/v2\/media?parent=57935"}],"wp:term":[{"taxonomy":"category","embeddable":true,"href":"https:\/\/diariodocomercio.com.br\/mix\/wp-json\/wp\/v2\/categories?post=57935"},{"taxonomy":"post_tag","embeddable":true,"href":"https:\/\/diariodocomercio.com.br\/mix\/wp-json\/wp\/v2\/tags?post=57935"}],"curies":[{"name":"wp","href":"https:\/\/api.w.org\/{rel}","templated":true}]}}