{"id":57968,"date":"2026-09-06T11:16:20","date_gmt":"2026-09-06T14:16:20","guid":{"rendered":"https:\/\/diariodocomercio.com.br\/mix\/?p=57968"},"modified":"2026-09-06T11:16:22","modified_gmt":"2026-09-06T14:16:22","slug":"deixe-me-viver-tem-avant-premiere-em-miami-durante-o-brazilian-film-festival","status":"publish","type":"post","link":"https:\/\/diariodocomercio.com.br\/mix\/deixe-me-viver-tem-avant-premiere-em-miami-durante-o-brazilian-film-festival\/","title":{"rendered":"&#8220;Deixe-me Viver&#8221; tem avant-premi\u00e8re em Miami durante o Brazilian Film Festival"},"content":{"rendered":"\n<p class=\"wp-block-paragraph\">O longa brasileiro &#8220;Deixe-me Viver&#8221; chega a Miami como parte da programa\u00e7\u00e3o do Brazilian Film Festival of Miami, ap\u00f3s circular por exibi\u00e7\u00f5es internacionais. A passagem pela cidade acontece em dois momentos, entre os dias 7 e 8 de setembro.<\/p>\n\n\n\n<p class=\"wp-block-paragraph\">A avant-premi\u00e8re est\u00e1 marcada para 7 de setembro, \u00e0s 18h, no South Beach Cinema, em Miami Beach. No dia seguinte, \u00e0s 17h30, o Delano recebe o Premiere Cocktail, que re\u00fane elenco, produtores e convidados e ser\u00e1 seguido de jantar. O encontro \u00e9 dedicado ao cinema brasileiro e \u00e0s conex\u00f5es culturais entre o Brasil e Miami.<\/p>\n\n\n\n<p class=\"wp-block-paragraph\">A vinda do filme conta com o apoio de Andr\u00e9 e Daniella Cunha Lima, em parceria com a Pink Miami Real Estate. &#8220;Apoiar o cinema brasileiro e contribuir para que nossas hist\u00f3rias alcancem novos p\u00fablicos \u00e9 motivo de grande satisfa\u00e7\u00e3o&#8221;, afirma Andr\u00e9 Cunha Lima.<\/p>\n\n\n\n<p class=\"wp-block-paragraph\"><strong>SERVI\u00c7O<\/strong><\/p>\n\n\n\n<p class=\"wp-block-paragraph\"><strong>Avant-premi\u00e8re de &#8220;Deixe-me Viver&#8221;<\/strong><br>7 de setembro, \u00e0s 18h<br>South Beach Cinema \u2014 Miami Beach<\/p>\n\n\n\n<p class=\"wp-block-paragraph\"><strong>Premiere Cocktail<\/strong><br>8 de setembro, \u00e0s 17h30<br>Delano \u2014 Miami<\/p>\n\n\n\n<p class=\"wp-block-paragraph\">Brazilian Film Festival of Miami<\/p>\n","protected":false},"excerpt":{"rendered":"<p>O longa brasileiro &#8220;Deixe-me Viver&#8221; chega a Miami como parte da programa\u00e7\u00e3o do Brazilian Film Festival of Miami, ap\u00f3s circular por exibi\u00e7\u00f5es internacionais. A passagem pela cidade acontece em dois momentos, entre os dias 7 e 8 de setembro. A avant-premi\u00e8re est\u00e1 marcada para 7 de setembro, \u00e0s 18h, no South Beach Cinema, em Miami [&hellip;]<\/p>\n","protected":false},"author":4,"featured_media":57969,"comment_status":"closed","ping_status":"closed","sticky":false,"template":"","format":"standard","meta":{"jnews-multi-image_gallery":[],"jnews_single_post":{"format":"standard"},"jnews_primary_category":[],"jnews_social_meta":[],"jnews_post_split":[],"footnotes":""},"categories":[1],"tags":[],"class_list":["post-57968","post","type-post","status-publish","format-standard","has-post-thumbnail","hentry","category-geral"],"_referencia":"","_links":{"self":[{"href":"https:\/\/diariodocomercio.com.br\/mix\/wp-json\/wp\/v2\/posts\/57968","targetHints":{"allow":["GET"]}}],"collection":[{"href":"https:\/\/diariodocomercio.com.br\/mix\/wp-json\/wp\/v2\/posts"}],"about":[{"href":"https:\/\/diariodocomercio.com.br\/mix\/wp-json\/wp\/v2\/types\/post"}],"author":[{"embeddable":true,"href":"https:\/\/diariodocomercio.com.br\/mix\/wp-json\/wp\/v2\/users\/4"}],"replies":[{"embeddable":true,"href":"https:\/\/diariodocomercio.com.br\/mix\/wp-json\/wp\/v2\/comments?post=57968"}],"version-history":[{"count":1,"href":"https:\/\/diariodocomercio.com.br\/mix\/wp-json\/wp\/v2\/posts\/57968\/revisions"}],"predecessor-version":[{"id":57970,"href":"https:\/\/diariodocomercio.com.br\/mix\/wp-json\/wp\/v2\/posts\/57968\/revisions\/57970"}],"wp:featuredmedia":[{"embeddable":true,"href":"https:\/\/diariodocomercio.com.br\/mix\/wp-json\/wp\/v2\/media\/57969"}],"wp:attachment":[{"href":"https:\/\/diariodocomercio.com.br\/mix\/wp-json\/wp\/v2\/media?parent=57968"}],"wp:term":[{"taxonomy":"category","embeddable":true,"href":"https:\/\/diariodocomercio.com.br\/mix\/wp-json\/wp\/v2\/categories?post=57968"},{"taxonomy":"post_tag","embeddable":true,"href":"https:\/\/diariodocomercio.com.br\/mix\/wp-json\/wp\/v2\/tags?post=57968"}],"curies":[{"name":"wp","href":"https:\/\/api.w.org\/{rel}","templated":true}]}}