{"id":5822,"date":"2025-04-24T10:48:51","date_gmt":"2025-04-24T13:48:51","guid":{"rendered":"https:\/\/diariodocomercio.com.br\/mix\/?p=5822"},"modified":"2025-04-24T10:48:54","modified_gmt":"2025-04-24T13:48:54","slug":"papa-francisco-admitiu-que-era-apaixonado-por-uma-mulher","status":"publish","type":"post","link":"https:\/\/diariodocomercio.com.br\/mix\/papa-francisco-admitiu-que-era-apaixonado-por-uma-mulher\/","title":{"rendered":"Papa Francisco admitiu que era apaixonado por uma mulher"},"content":{"rendered":"\n<p>A trajet\u00f3ria espiritual de Jorge Mario Bergoglio, mais conhecido como Papa Francisco, n\u00e3o come\u00e7ou em sil\u00eancio nem em recolhimento. Filho das ruelas movimentadas de Buenos Aires, o argentino viveu uma juventude marcada por amizades intensas, noites dan\u00e7antes ao som de orquestras de tango e, como ele mesmo confessou em autobiografias, paix\u00f5es que quase o desviaram do caminho sacerdotal.<\/p>\n\n\n\n<p>Entre os epis\u00f3dios mais curiosos de sua vida, est\u00e1 a hist\u00f3ria com Amalia Damonte, vizinha de inf\u00e2ncia que recebeu uma carta rom\u00e2ntica do jovem Bergoglio aos 12 anos. Nela, ele desenhava a casa onde morariam e fazia uma promessa ins\u00f3lita: <em>&#8220;Se n\u00e3o casar com voc\u00ea, viro papa&#8221;<\/em>. Rejeitado, Jorge seguiu em frente \u2014 e o mundo viu o desfecho dessa profecia precoce.<\/p>\n\n\n\n<h2 class=\"wp-block-heading\"><strong>Trajet\u00f3ria na igreja<\/strong><\/h2>\n\n\n\n<p>D\u00e9cadas mais tarde, ao se tornar o primeiro Papa jesu\u00edta, latino-americano e n\u00e3o europeu em mais de 1.300 anos, Francisco se tornaria tamb\u00e9m o s\u00edmbolo de uma Igreja mais pr\u00f3xima do povo. Foi o Papa dos gestos simples: recusou o luxo dos apartamentos papais, preferia carregar a pr\u00f3pria bagagem e fazia liga\u00e7\u00f5es diretamente para fi\u00e9is.<\/p>\n\n\n\n<p>Mas, como ele sempre gostava de frisar, era um homem comum, feito de carne, osso e emo\u00e7\u00f5es. <em>&#8220;Durante o semin\u00e1rio, tive uma reca\u00edda. Me apaixonei por uma mo\u00e7a no casamento de um tio. Era linda e inteligente. Foi dif\u00edcil rezar naquela semana!&#8221;,<\/em> contou em tom bem-humorado na autobiografia Vida: A minha hist\u00f3ria atrav\u00e9s da Hist\u00f3ria, lan\u00e7ada em 2024.<\/p>\n\n\n\n<h2 class=\"wp-block-heading\"><strong>Vida em Buenos Aires<\/strong><\/h2>\n\n\n\n<p>Antes disso, fazia parte de um grupo insepar\u00e1vel de amigos, os &#8220;dez muchachos&#8221;, com quem discutia pol\u00edtica, jogava bilhar e organizava festas. Nessas idas e vindas da juventude, em um 21 de setembro de 1953, Jorge tomou uma decis\u00e3o que mudaria tudo. A caminho de um encontro com os amigos, entrou na Bas\u00edlica de San Jos\u00e9 de Flores, ajoelhou-se e, ao se confessar, sentiu o chamado vocacional. <\/p>\n\n\n\n<blockquote class=\"wp-block-quote is-layout-flow wp-block-quote-is-layout-flow\">\n<p>\u201cSenti-me acolhido pela miseric\u00f3rdia do Senhor. Algo mudou para sempre naquele instante\u201d, relembrou.<\/p>\n<\/blockquote>\n\n\n\n<p>Francisco faleceu na \u00faltima segunda-feira, 21 de abril, aos 88 anos, encerrando um papado que revolucionou a imagem da Igreja Cat\u00f3lica. &#8220;Sua vida foi dedicada ao servi\u00e7o do Senhor e dos pobres&#8221;, declarou o cardeal Kevin Farrell, camerlengo do Vaticano.<\/p>\n","protected":false},"excerpt":{"rendered":"<p>A trajet\u00f3ria espiritual de Jorge Mario Bergoglio, mais conhecido como Papa Francisco, n\u00e3o come\u00e7ou em sil\u00eancio nem em recolhimento. Filho das ruelas movimentadas de Buenos Aires, o argentino viveu uma juventude marcada por amizades intensas, noites dan\u00e7antes ao som de orquestras de tango e, como ele mesmo confessou em autobiografias, paix\u00f5es que quase o desviaram [&hellip;]<\/p>\n","protected":false},"author":9,"featured_media":5827,"comment_status":"closed","ping_status":"closed","sticky":false,"template":"","format":"standard","meta":{"jnews-multi-image_gallery":[],"jnews_single_post":{"format":"standard"},"jnews_primary_category":[],"jnews_social_meta":[],"jnews_override_counter":[],"jnews_post_split":[],"footnotes":""},"categories":[1],"tags":[],"class_list":["post-5822","post","type-post","status-publish","format-standard","has-post-thumbnail","hentry","category-geral"],"_referencia":"","_links":{"self":[{"href":"https:\/\/diariodocomercio.com.br\/mix\/wp-json\/wp\/v2\/posts\/5822","targetHints":{"allow":["GET"]}}],"collection":[{"href":"https:\/\/diariodocomercio.com.br\/mix\/wp-json\/wp\/v2\/posts"}],"about":[{"href":"https:\/\/diariodocomercio.com.br\/mix\/wp-json\/wp\/v2\/types\/post"}],"author":[{"embeddable":true,"href":"https:\/\/diariodocomercio.com.br\/mix\/wp-json\/wp\/v2\/users\/9"}],"replies":[{"embeddable":true,"href":"https:\/\/diariodocomercio.com.br\/mix\/wp-json\/wp\/v2\/comments?post=5822"}],"version-history":[{"count":1,"href":"https:\/\/diariodocomercio.com.br\/mix\/wp-json\/wp\/v2\/posts\/5822\/revisions"}],"predecessor-version":[{"id":5828,"href":"https:\/\/diariodocomercio.com.br\/mix\/wp-json\/wp\/v2\/posts\/5822\/revisions\/5828"}],"wp:featuredmedia":[{"embeddable":true,"href":"https:\/\/diariodocomercio.com.br\/mix\/wp-json\/wp\/v2\/media\/5827"}],"wp:attachment":[{"href":"https:\/\/diariodocomercio.com.br\/mix\/wp-json\/wp\/v2\/media?parent=5822"}],"wp:term":[{"taxonomy":"category","embeddable":true,"href":"https:\/\/diariodocomercio.com.br\/mix\/wp-json\/wp\/v2\/categories?post=5822"},{"taxonomy":"post_tag","embeddable":true,"href":"https:\/\/diariodocomercio.com.br\/mix\/wp-json\/wp\/v2\/tags?post=5822"}],"curies":[{"name":"wp","href":"https:\/\/api.w.org\/{rel}","templated":true}]}}