{"id":5824,"date":"2025-04-24T14:15:31","date_gmt":"2025-04-24T17:15:31","guid":{"rendered":"https:\/\/diariodocomercio.com.br\/mix\/?p=5824"},"modified":"2025-04-24T14:15:33","modified_gmt":"2025-04-24T17:15:33","slug":"coma-esses-6-alimentos-para-prevenir-a-diabetes","status":"publish","type":"post","link":"https:\/\/diariodocomercio.com.br\/mix\/coma-esses-6-alimentos-para-prevenir-a-diabetes\/","title":{"rendered":"Coma esses 6 alimentos para prevenir a diabetes"},"content":{"rendered":"\n<p>Nos \u00faltimos quatro anos, o Brasil teve uma alta de quase 6% nos casos de diabetes. Segundo a edi\u00e7\u00e3o de 2025 da Federa\u00e7\u00e3o Internacional de Diabetes (IDF, na sigla em ingl\u00eas), s\u00e3o cerca de 16,6 milh\u00f5es de brasileiros vivendo com a doen\u00e7a. Temos dois tipos principais de diabetes: <\/p>\n\n\n\n<ul class=\"wp-block-list\">\n<li><strong>Tipo 1<\/strong>: doen\u00e7a autoimune, em que o sistema imunol\u00f3gico ataca as c\u00e9lulas do p\u00e2ncreas que produzem insulina, elevando os n\u00edveis de a\u00e7\u00facar no sangue;<\/li>\n\n\n\n<li><strong>Tipo 2<\/strong>: o corpo cria uma resist\u00eancia \u00e0 insulina. Esse tipo est\u00e1 mais relacionado a h\u00e1bitos de vida n\u00e3o saud\u00e1veis, como uma alimenta\u00e7\u00e3o com excesso de a\u00e7\u00facar.<\/li>\n<\/ul>\n\n\n\n<p>A tipo 2 \u00e9 a mais comum, respons\u00e1vel por cerca de 90% dos casos da doen\u00e7a no Brasil, segundo o Portal Drauzio Varella. Ela \u00e9 a mais poss\u00edvel de evitar com mudan\u00e7as no estilo de vida, principalmente na alimenta\u00e7\u00e3o e na rotina de exerc\u00edcios. Pensando nisso, voc\u00ea tamb\u00e9m pode optar por alimentos com um \u00edndice glic\u00eamico menor &#8211; ou seja, menos a\u00e7\u00facar. Confira seis exemplos:<\/p>\n\n\n\n<p>Ps: a lista foi feita pelo nutricionista Ant\u00f4nio Wanderson Lack de Matos, do Sa\u00fade em Dia.<\/p>\n\n\n\n<h2 class=\"wp-block-heading\">1. Aveia<\/h2>\n\n\n\n<p>A fibra da aveia ajuda a absorver a glicose de outros alimentos que voc\u00ea est\u00e1 consumindo antes que o intestino absorva e transporte o a\u00e7\u00facar para o seu sangue.<\/p>\n\n\n\n<h2 class=\"wp-block-heading\">2. Linha\u00e7a<\/h2>\n\n\n\n<p>As fibras e as enzimas da linha\u00e7a ajudam a baixar o seu n\u00edvel glic\u00eamico.<\/p>\n\n\n\n<h2 class=\"wp-block-heading\">3. Canela <\/h2>\n\n\n\n<p>Segundo o Sa\u00fade em Dia, a canela tem &#8220;bioativos que ajudam a baixar a glicose sangu\u00ednea&#8221;.<\/p>\n\n\n\n<h2 class=\"wp-block-heading\">4. Vinagre de ma\u00e7\u00e3<\/h2>\n\n\n\n<p>A subst\u00e2ncia atua nos receptores que fazem a glicemia entrar nas c\u00e9lulas, diminuindo a resist\u00eancia \u00e0 insulina e baixando o n\u00edvel de a\u00e7\u00facar.<\/p>\n\n\n\n<h2 class=\"wp-block-heading\">5. Am\u00eandoas<\/h2>\n\n\n\n<p>Subst\u00e2ncias presentes na am\u00eandoa atuam como antioxidantes no organismo, diminuindo os danos causados por radicais livres. <\/p>\n\n\n\n<h2 class=\"wp-block-heading\">6. Peixes<\/h2>\n\n\n\n<p>Peixes como truta, salm\u00e3o e linguado s\u00e3o ricos em \u00f4mega 3, um tipo de gordura boa com a\u00e7\u00e3o anti-inflamat\u00f3ria e que ajuda a controlar os n\u00edveis de a\u00e7\u00facar e colesterol no sangue.<\/p>\n\n\n\n<style>@media (min-width: 992px) {\n    .recomendadorV2Area1 {\n        width: 280px;\n    }\n    .recomendadorV2Area2 {\n        padding: 0px 20px;\n        width: calc(100% - 280px);\n    }\n}\n\n@media (max-width: 992px) {\n    .recomendadorV2Button {\n        margin: 0 auto;\n    }\n    .recomendadorV2Area {\n        flex-direction: column;\n        text-align: center;\n    }\n    .recomendadorV2Area2 {\n        padding: 0px 20px;\n    }\n}\n\n.recomendadorV2Area {\n    background: #eeeeee3d;\n    border-radius: 10px;\n    padding: 15px;\n    display: flex;\n    margin: 15px auto;\n    border: 1px solid #00000014;\n    max-width: 800px;\n}\n\n.recomendadorV2Area1 img {\n    width: 280px;\n    height: auto;\n    border-radius: 8px;\n}\n\n.linkrecomendadorv2 {\n    text-decoration: none !important;\n}\n\n.recomendadorV2Area2 .recomendadorV2Type {\n    text-transform: uppercase;\n    font-weight: 500;\n    font-size: 11px;\n    letter-spacing: 2px;\n    color: #666;\n    margin: 12px 0;\n    display: block;\n}\n\n.recomendadorV2Title h2 {\n    padding-top: 0px !important;\n    margin: 0px !important;\n    border-left: none !important;\n    padding-left: 0px !important;\n    line-height: 1.3;\n    color: #000 !important;\n    font-size: 24px;\n    margin-bottom: 12px !important;\n}\n\n.recomendadorV2Desc {\n    color: #333;\n    margin: 12px 0px !important;\n    font-size: 15px;\n    line-height: 1.5;\n}\n\n.recomendadorV2Button {\n    width: auto;\n    max-width: 200px;\n    margin: 0;\n    display: inline-flex;\n    align-items: center;\n    background: #1D3557;\n    border-radius: 8px;\n    color: #fff;\n    height: 36px;\n    justify-content: center;\n    text-align: center;\n    font-size: 14px;\n    padding: 0 20px;\n    transition: background-color 0.2s ease;\n}\n\n.recomendadorV2Button:hover {\n    background: #2a4d7a;\n}\n\n.recomendadorV2Button:after {\n    margin-top: -2px;\n    content: \"\u2192\";\n    padding: 0px 0px 0px 8px;\n}\n\n.recomendadorV2Alert {\n    text-align: left;\n    font-size: 11px;\n    margin-top: 8px;\n    color: #666;\n}\n\n.recomendadorFixedArea {\n    width: 100%;\n    display: flex;\n    justify-content: center;\n    align-items: center;\n}\n\n@media (min-width: 992px) {\n    #recomendadorFixed {\n        width: 32% !important;\n        left: 5%;\n    }\n    .recomendadorCloseFixed{\n        right: inherit !important;\n        left: 378px !important;\n    }\n}\n\n#recomendadorFixed {\n    width: 90%;\n    box-shadow: 0 10px 20px 0px #00000057;\n    display: none;\n    height: 90px;\n    background: #F6F6F6;\n    position: fixed;\n    flex-direction: row;\n    bottom: 10px;\n    z-index: 9999;\n    border-radius: 16px;\n    padding: 7px 10px;\n}\n\n.recomendadorLeftArea {\n    width: 160px;\n}\n\n.recomendadorRightArea h2 {\n    padding-top: 0px;\n    margin: 2px 0px 4px 0px !important;\n    font-weight: 400;\n    text-align: center;\n    padding-left: 0px !important;\n    color: #000 !important;\n    border-left: none !important;\n    line-height: 20px;\n    font-size: 12px !important;\n}\n\n.recomendadorImgFixed {\n    overflow: hidden;\n    padding: 8px 6px;\n    height: 100%;\n}\n\n.recomendadorImgFixed img {\n    height: 100% !important;\n    border-radius: 16px;\n}\n\n.recomendadorRightArea {\n    padding-top: 6px;\n    display: flex;\n    width: calc(100% - 130px);\n    justify-content: space-between;\n    align-items: center;\n    flex-direction: column;\n}\n\n.recomendadorButtonFixed {\n    margin: 0 auto;\n    background: #1D3557;\n    width: 80%;\n    text-align: center;\n    font-size: 10px;\n    color: #FFF;\n    padding: 2px 10px;\n    border-radius: 3px;\n}\n\n.recomendadorButtonFixed:after {\n    margin-top: -3px;\n    content: \"\u2192\";\n    padding: 0px 0px 0px 10px;\n}\n\n.recomendadorAlertFixed {\n    font-weight: 400;\n    text-align: center;\n    color: #484848;\n    font-size: 8px;\n}\n\n.recomendadorCloseFixed {\n    z-index: 99999;\n    display: none;\n    right: 0px;\n    left: inherit;\n    bottom: 99px;\n    position: fixed;\n    justify-content: center;\n    background: #F6F6F6;\n    width: 25px;\n    align-items: center;\n    height: 25px;\n    font-weight: 800;\n    border-radius: 50%;\n    border: 1px solid #EBEBEB;\n}\n\n.recomendadorV2Desc{\n    color: #000000;\n    margin: 20px 0px;\n}\n\n@media (max-width: 576px) {\n    .recomendadorV2Area {\n      padding: 10px;\n      max-width: 100%;\n    }\n  \n    .recomendadorV2Area1 img {\n      width: 100%;\n      border-radius: 6px;\n    }\n  \n    .recomendadorV2Area2 .recomendadorV2Type {\n      font-size: 9px;\n      letter-spacing: 1px;\n      margin: 8px 0;\n    }\n  \n    .recomendadorV2Title h2 {\n      font-size: 18px !important;\n      margin-bottom: 8px !important;\n      line-height: 1.2;\n    }\n  \n    .recomendadorV2Desc {\n      font-size: 14px;\n      margin: 8px 0 !important;\n      line-height: 1.4;\n    }\n  \n    .recomendadorV2Button {\n      font-size: 14px;\n      height: 40px;\n      padding: 0 12px;\n      max-width: 100%;\n      width: 100%;\n    }\n  \n    .recomendadorV2Button:after {\n      padding-left: 6px;\n    }\n  }\n  <\/style>\n        <div class=\"lazyblock-recomendador-v2-2jDGz wp-block-lazyblock-recomendador-v2\">\n        <a class=\"linkrecomendadorv2\" href=\"https:\/\/diariodocomercio.com.br\/mix\/apelidado-de-ozempic-de-pobre-o-que-e-o-psyllium\/\">\n            <div class=\"recomendadorV2Area\">\n            <div class=\"recomendadorV2Area1\">\n                <div class=\"recomendadorV2Img\">\n                <img class=\"lazyloaded\" decoding=\"async\" src=\"https:\/\/diariodocomercio.com.br\/mix\/wp-content\/uploads\/2025\/04\/psyllium.jpg\" data-src=\"https:\/\/diariodocomercio.com.br\/mix\/wp-content\/uploads\/2025\/04\/psyllium.jpg\" alt=\"\">\n                <\/div>\n            <\/div>\n            <div class=\"recomendadorV2Area2\">\n                <div class=\"recomendadorV2Type\">\n                    <span>ALIMENTA\u00c7\u00c3O<\/span>\n                <\/div>\n                <div class=\"recomendadorV2Title\">\n                <h2><span>Apelidado de &quot;Ozempic de pobre&quot;, o que \u00e9 o psyllium?<\/span><\/h2>\n                <\/div>\n                <div class=\"recomendadorV2Desc\">\n                <span>Apelidado de &quot;Ozempic de pobre&quot; nas redes, o psyllium \u00e9 uma fibra natural que pode ser uma aliada no processo \u2026<\/span>\n                <\/div>\n                <div class=\"recomendadorV2Button\">Leia mais<\/div>\n                <div class=\"recomendadorV2Alert\"><\/div>\n            <\/div>\n            <\/div>\n        <\/a>\n        <div>\n            <div style=\"z-index:99999;\" id=\"buttonClose\" onclick=\"closeRecomendadorFixed()\">\n            <div class=\"recomendadorCloseFixed\">X<\/div>\n            <\/div>\n            <a href=\"https:\/\/diariodocomercio.com.br\/mix\/apelidado-de-ozempic-de-pobre-o-que-e-o-psyllium\/\">\n            <div class=\"recomendadorFixedArea\">\n                <div id=\"recomendadorFixed\">\n                <div class=\"recomendadorLeftArea\">\n                    <div class=\"recomendadorImgFixed\">\n                    <img class=\"lazyload\" decoding=\"async\" src=\"https:\/\/diariodocomercio.com.br\/mix\/wp-content\/uploads\/2025\/04\/psyllium.jpg\" alt=\"\">\n                    <\/div>\n                <\/div>\n                <div class=\"recomendadorRightArea\">\n                    <div class=\"recomendadorTitleFixed\">\n                    <h2><span>Apelidado de &quot;Ozempic de pobre&quot;, o que \u00e9 o psyllium?<\/span><\/h2>\n                    <\/div>\n                    <div class=\"recomendadorButtonFixed\">Leia mais<\/div>\n                    <div class=\"recomendadorAlertFixed\"><\/div>\n                <\/div>\n                <\/div>\n            <\/div>\n            <\/a>\n        <\/div>\n        <\/div>\n\n\n\n<p><\/p>\n","protected":false},"excerpt":{"rendered":"<p>Descubra seis alimentos que ajudam a controlar o seu \u00edndice glic\u00eamico, podendo ajudar a prevenir (ou controlar) diabetes.<\/p>\n","protected":false},"author":6,"featured_media":5826,"comment_status":"closed","ping_status":"closed","sticky":false,"template":"","format":"standard","meta":{"jnews-multi-image_gallery":[],"jnews_single_post":{"format":"standard"},"jnews_primary_category":[],"jnews_social_meta":[],"jnews_override_counter":[],"jnews_post_split":[],"footnotes":""},"categories":[1],"tags":[],"class_list":["post-5824","post","type-post","status-publish","format-standard","has-post-thumbnail","hentry","category-geral"],"_referencia":"","_links":{"self":[{"href":"https:\/\/diariodocomercio.com.br\/mix\/wp-json\/wp\/v2\/posts\/5824","targetHints":{"allow":["GET"]}}],"collection":[{"href":"https:\/\/diariodocomercio.com.br\/mix\/wp-json\/wp\/v2\/posts"}],"about":[{"href":"https:\/\/diariodocomercio.com.br\/mix\/wp-json\/wp\/v2\/types\/post"}],"author":[{"embeddable":true,"href":"https:\/\/diariodocomercio.com.br\/mix\/wp-json\/wp\/v2\/users\/6"}],"replies":[{"embeddable":true,"href":"https:\/\/diariodocomercio.com.br\/mix\/wp-json\/wp\/v2\/comments?post=5824"}],"version-history":[{"count":2,"href":"https:\/\/diariodocomercio.com.br\/mix\/wp-json\/wp\/v2\/posts\/5824\/revisions"}],"predecessor-version":[{"id":5851,"href":"https:\/\/diariodocomercio.com.br\/mix\/wp-json\/wp\/v2\/posts\/5824\/revisions\/5851"}],"wp:featuredmedia":[{"embeddable":true,"href":"https:\/\/diariodocomercio.com.br\/mix\/wp-json\/wp\/v2\/media\/5826"}],"wp:attachment":[{"href":"https:\/\/diariodocomercio.com.br\/mix\/wp-json\/wp\/v2\/media?parent=5824"}],"wp:term":[{"taxonomy":"category","embeddable":true,"href":"https:\/\/diariodocomercio.com.br\/mix\/wp-json\/wp\/v2\/categories?post=5824"},{"taxonomy":"post_tag","embeddable":true,"href":"https:\/\/diariodocomercio.com.br\/mix\/wp-json\/wp\/v2\/tags?post=5824"}],"curies":[{"name":"wp","href":"https:\/\/api.w.org\/{rel}","templated":true}]}}