{"id":5838,"date":"2025-04-24T12:42:13","date_gmt":"2025-04-24T15:42:13","guid":{"rendered":"https:\/\/diariodocomercio.com.br\/mix\/?p=5838"},"modified":"2025-04-24T12:42:16","modified_gmt":"2025-04-24T15:42:16","slug":"inss-prepara-pix-extra-para-brasileiros-veja-quem-recebe","status":"publish","type":"post","link":"https:\/\/diariodocomercio.com.br\/mix\/inss-prepara-pix-extra-para-brasileiros-veja-quem-recebe\/","title":{"rendered":"INSS prepara PIX extra para brasileiros &#8211; veja quem recebe"},"content":{"rendered":"\n<p>O Instituto Nacional do Seguro Social (INSS) pode ter que devolver bilh\u00f5es de reais a aposentados e pensionistas. Os valores foram descontados de maneira suspeita entre 2019 e 2024 por meio da chamada mensalidade associativa, cobran\u00e7a feita por entidades que ofereciam servi\u00e7os como planos de sa\u00fade e assist\u00eancia odontol\u00f3gica. Uma opera\u00e7\u00e3o conjunta da Pol\u00edcia Federal e da Controladoria-Geral da Uni\u00e3o revelou um suposto esquema de fraudes envolvendo mais de R$ 6 bilh\u00f5es.<\/p>\n\n\n\n<p>Mensalidade associativa \u00e9 uma contribui\u00e7\u00e3o que aposentados e pensionistas pagam para fazer parte de sindicatos ou associa\u00e7\u00f5es. Em tese, esses descontos s\u00f3 deveriam ocorrer com a autoriza\u00e7\u00e3o dos benefici\u00e1rios. Mas, segundo as investiga\u00e7\u00f5es da Opera\u00e7\u00e3o Sem Desconto, milhares de pessoas tiveram valores deduzidos sem consentimento.<\/p>\n\n\n\n<p>De acordo com a CGU, cerca de 3 milh\u00f5es de benefici\u00e1rios t\u00eam hoje algum desconto do tipo no contracheque. S\u00f3 no ano passado, os descontos somaram R$ 2,8 bilh\u00f5es.<\/p>\n\n\n\n<h2 class=\"wp-block-heading\"><strong>Opera\u00e7\u00e3o suspendeu todos os conv\u00eanios<\/strong><\/h2>\n\n\n\n<p>Ap\u00f3s o esc\u00e2ndalo, o INSS suspendeu todos os acordos com organiza\u00e7\u00f5es da sociedade civil que estavam autorizadas a cobrar mensalidades. A medida vai valer at\u00e9 que a apura\u00e7\u00e3o seja conclu\u00edda e o governo saiba exatamente quem autorizou \u2013 ou n\u00e3o \u2013 os descontos.<\/p>\n\n\n\n<p>Enquanto isso, o Minist\u00e9rio da Previd\u00eancia promete revisar todo o sistema para evitar novos abusos.<\/p>\n\n\n\n<h2 class=\"wp-block-heading\"><strong>Quem pode receber o valor de volta?<\/strong><\/h2>\n\n\n\n<p>O governo ainda n\u00e3o definiu um calend\u00e1rio ou formato de pagamento, mas os ministros da Justi\u00e7a, da Previd\u00eancia Social e da CGU confirmaram que os valores descontados de forma indevida dever\u00e3o ser restitu\u00eddos, caso seja comprovado o erro. A devolu\u00e7\u00e3o, no entanto, ser\u00e1 feita caso a caso, ap\u00f3s apura\u00e7\u00e3o judicial.<\/p>\n\n\n\n<p>A Justi\u00e7a j\u00e1 bloqueou mais de R$ 1 bilh\u00e3o em bens e dinheiro das entidades investigadas, que podem ser usados para ressarcir os benefici\u00e1rios prejudicados.<\/p>\n\n\n\n<h2 class=\"wp-block-heading\"><strong>Como saber se voc\u00ea foi afetado?<\/strong><\/h2>\n\n\n\n<p>Aposentados e pensionistas devem verificar o extrato de pagamento no aplicativo ou site Meu INSS. Se houver um desconto que voc\u00ea n\u00e3o reconhece, \u00e9 poss\u00edvel solicitar a exclus\u00e3o da cobran\u00e7a e at\u00e9 o estorno dos valores.<\/p>\n\n\n\n<p>O pedido pode ser feito:<\/p>\n\n\n\n<ul class=\"wp-block-list\">\n<li>Pelo app ou site do <a href=\"https:\/\/www.meu.inss.gov.br\/\" target=\"_blank\" rel=\"noopener\"><strong>Meu INSS<\/strong><\/a><\/li>\n\n\n\n<li>Pela central telef\u00f4nica 135<\/li>\n\n\n\n<li>Ou por e-mail: acordo.mensalidade@inss.gov.br<\/li>\n<\/ul>\n\n\n\n<p>No contracheque do INSS, tamb\u00e9m \u00e9 poss\u00edvel identificar a entidade respons\u00e1vel pela cobran\u00e7a. Se for o caso, o benefici\u00e1rio pode contat\u00e1-la diretamente para resolver a situa\u00e7\u00e3o.<\/p>\n","protected":false},"excerpt":{"rendered":"<p>O Instituto Nacional do Seguro Social (INSS) pode ter que devolver bilh\u00f5es de reais a aposentados e pensionistas. Os valores foram descontados de maneira suspeita entre 2019 e 2024 por meio da chamada mensalidade associativa, cobran\u00e7a feita por entidades que ofereciam servi\u00e7os como planos de sa\u00fade e assist\u00eancia odontol\u00f3gica. Uma opera\u00e7\u00e3o conjunta da Pol\u00edcia Federal [&hellip;]<\/p>\n","protected":false},"author":9,"featured_media":5839,"comment_status":"closed","ping_status":"closed","sticky":false,"template":"","format":"standard","meta":{"jnews-multi-image_gallery":[],"jnews_single_post":{"format":"standard"},"jnews_primary_category":[],"jnews_social_meta":[],"jnews_override_counter":[],"jnews_post_split":[],"footnotes":""},"categories":[1],"tags":[],"class_list":["post-5838","post","type-post","status-publish","format-standard","has-post-thumbnail","hentry","category-geral"],"_referencia":"","_links":{"self":[{"href":"https:\/\/diariodocomercio.com.br\/mix\/wp-json\/wp\/v2\/posts\/5838","targetHints":{"allow":["GET"]}}],"collection":[{"href":"https:\/\/diariodocomercio.com.br\/mix\/wp-json\/wp\/v2\/posts"}],"about":[{"href":"https:\/\/diariodocomercio.com.br\/mix\/wp-json\/wp\/v2\/types\/post"}],"author":[{"embeddable":true,"href":"https:\/\/diariodocomercio.com.br\/mix\/wp-json\/wp\/v2\/users\/9"}],"replies":[{"embeddable":true,"href":"https:\/\/diariodocomercio.com.br\/mix\/wp-json\/wp\/v2\/comments?post=5838"}],"version-history":[{"count":1,"href":"https:\/\/diariodocomercio.com.br\/mix\/wp-json\/wp\/v2\/posts\/5838\/revisions"}],"predecessor-version":[{"id":5840,"href":"https:\/\/diariodocomercio.com.br\/mix\/wp-json\/wp\/v2\/posts\/5838\/revisions\/5840"}],"wp:featuredmedia":[{"embeddable":true,"href":"https:\/\/diariodocomercio.com.br\/mix\/wp-json\/wp\/v2\/media\/5839"}],"wp:attachment":[{"href":"https:\/\/diariodocomercio.com.br\/mix\/wp-json\/wp\/v2\/media?parent=5838"}],"wp:term":[{"taxonomy":"category","embeddable":true,"href":"https:\/\/diariodocomercio.com.br\/mix\/wp-json\/wp\/v2\/categories?post=5838"},{"taxonomy":"post_tag","embeddable":true,"href":"https:\/\/diariodocomercio.com.br\/mix\/wp-json\/wp\/v2\/tags?post=5838"}],"curies":[{"name":"wp","href":"https:\/\/api.w.org\/{rel}","templated":true}]}}