{"id":5841,"date":"2025-04-24T13:28:43","date_gmt":"2025-04-24T16:28:43","guid":{"rendered":"https:\/\/diariodocomercio.com.br\/mix\/?p=5841"},"modified":"2025-04-24T13:28:44","modified_gmt":"2025-04-24T16:28:44","slug":"governo-autoriza-novo-salario-minimo-de-r-1925-por-mes","status":"publish","type":"post","link":"https:\/\/diariodocomercio.com.br\/mix\/governo-autoriza-novo-salario-minimo-de-r-1925-por-mes\/","title":{"rendered":"Governo autoriza novo sal\u00e1rio m\u00ednimo de R$ 1925 por m\u00eas"},"content":{"rendered":"\n<p>O sal\u00e1rio m\u00ednimo no Brasil deve alcan\u00e7ar R$ 1.925 por m\u00eas at\u00e9 2029, conforme estimativas do Projeto de Lei de Diretrizes Or\u00e7ament\u00e1rias (PLDO) enviado pelo governo federal ao Congresso Nacional. Para o pr\u00f3ximo ano, o valor previsto \u00e9 de R$ 1.630, o que representa um aumento de 7,37% em rela\u00e7\u00e3o aos atuais R$ 1.518. O n\u00famero final, no entanto, depender\u00e1 do \u00cdndice Nacional de Pre\u00e7os ao Consumidor Amplo (IPCA) acumulado at\u00e9 novembro.<\/p>\n\n\n\n<p>A proposta de aumento segue a pol\u00edtica de valoriza\u00e7\u00e3o do sal\u00e1rio m\u00ednimo, que tem como objetivo preservar o poder de compra dos brasileiros frente \u00e0 infla\u00e7\u00e3o, al\u00e9m de acompanhar o desempenho da economia nacional. A proje\u00e7\u00e3o \u00e9 que o benef\u00edcio continue subindo nos anos seguintes, atingindo R$ 1.724 em 2027, R$ 1.823 em 2028 e R$ 1.925 em 2029.<\/p>\n\n\n\n<h2 class=\"wp-block-heading\"><strong>Impacto na vida dos brasileiros<\/strong><\/h2>\n\n\n\n<p>Mais do que um n\u00famero, o sal\u00e1rio m\u00ednimo \u00e9 refer\u00eancia para milh\u00f5es de trabalhadores com carteira assinada, aposentados, pensionistas e benefici\u00e1rios de programas sociais como o Bolsa Fam\u00edlia. O reajuste anual afeta diretamente a renda de quem depende do piso como principal ou \u00fanica fonte de sustento.<\/p>\n\n\n\n<p>No entanto, o valor l\u00edquido recebido pode ser menor que o valor nominal. Quem ganha um sal\u00e1rio m\u00ednimo, por exemplo, tem um desconto de 7,5% referente ao INSS, recebendo cerca de R$ 1.404,15. J\u00e1 quem recebe dois sal\u00e1rios m\u00ednimos tem al\u00edquota de 12%, com sal\u00e1rio l\u00edquido em torno de R$ 2.778,27.<\/p>\n\n\n\n<h2 class=\"wp-block-heading\"><strong>Proje\u00e7\u00f5es econ\u00f4micas e desafios fiscais<\/strong><\/h2>\n\n\n\n<p>A nova LDO estabelece, al\u00e9m do aumento no m\u00ednimo, metas fiscais ambiciosas. O governo projeta um super\u00e1vit de R$ 34,3 bilh\u00f5es em 2026 \u2014 o equivalente a 0,25% do Produto Interno Bruto (PIB). Para os anos seguintes, as metas aumentam gradualmente: super\u00e1vit de 0,5% em 2027, 1% em 2028 e 1,25% em 2029.<\/p>\n\n\n\n<p>Apesar das expectativas positivas com arrecada\u00e7\u00e3o \u2014 estimada em R$ 118 bilh\u00f5es extras para 2026 \u2014, h\u00e1 alerta para a redu\u00e7\u00e3o dr\u00e1stica nas despesas discricion\u00e1rias, ou seja, aquelas que n\u00e3o s\u00e3o obrigat\u00f3rias. O montante destinado a esses gastos deve cair de R$ 221,2 bilh\u00f5es em 2024 para apenas R$ 8,9 bilh\u00f5es em 2029, o que pode comprometer investimentos, emendas parlamentares e o funcionamento da m\u00e1quina p\u00fablica.<\/p>\n\n\n\n<h2 class=\"wp-block-heading\"><strong>Revis\u00f5es e conten\u00e7\u00e3o de gastos<\/strong><\/h2>\n\n\n\n<p>Entre as estrat\u00e9gias do governo para equilibrar as contas p\u00fablicas est\u00e1 um pente-fino no Benef\u00edcio de Presta\u00e7\u00e3o Continuada (BPC), cujas despesas devem crescer R$ 20 bilh\u00f5es em apenas um ano, alcan\u00e7ando R$ 140 bilh\u00f5es em 2026. A expectativa \u00e9 de economizar cerca de R$ 8,9 bilh\u00f5es com a revis\u00e3o de gastos.<\/p>\n\n\n\n<p>Outra medida em debate \u00e9 a dedu\u00e7\u00e3o dos precat\u00f3rios da meta fiscal at\u00e9 2026, o que permite ao governo mais flexibilidade or\u00e7ament\u00e1ria. A partir de 2027, entretanto, os gastos com precat\u00f3rios voltam a ser contabilizados, o que pode dificultar ainda mais a execu\u00e7\u00e3o das pol\u00edticas p\u00fablicas.<\/p>\n\n\n\n<p>O texto da LDO 2026 ainda ser\u00e1 debatido no Congresso Nacional nos pr\u00f3ximos meses, e o valor exato do sal\u00e1rio m\u00ednimo ser\u00e1 definido ap\u00f3s o fechamento do IPCA em novembro.<\/p>\n","protected":false},"excerpt":{"rendered":"<p>O sal\u00e1rio m\u00ednimo no Brasil deve alcan\u00e7ar R$ 1.925 por m\u00eas at\u00e9 2029, conforme estimativas do Projeto de Lei de Diretrizes Or\u00e7ament\u00e1rias (PLDO) enviado pelo governo federal ao Congresso Nacional. Para o pr\u00f3ximo ano, o valor previsto \u00e9 de R$ 1.630, o que representa um aumento de 7,37% em rela\u00e7\u00e3o aos atuais R$ 1.518. O [&hellip;]<\/p>\n","protected":false},"author":9,"featured_media":5842,"comment_status":"closed","ping_status":"closed","sticky":false,"template":"","format":"standard","meta":{"jnews-multi-image_gallery":[],"jnews_single_post":{"format":"standard"},"jnews_primary_category":[],"jnews_social_meta":[],"jnews_override_counter":[],"jnews_post_split":[],"footnotes":""},"categories":[1],"tags":[],"class_list":["post-5841","post","type-post","status-publish","format-standard","has-post-thumbnail","hentry","category-geral"],"_referencia":"","_links":{"self":[{"href":"https:\/\/diariodocomercio.com.br\/mix\/wp-json\/wp\/v2\/posts\/5841","targetHints":{"allow":["GET"]}}],"collection":[{"href":"https:\/\/diariodocomercio.com.br\/mix\/wp-json\/wp\/v2\/posts"}],"about":[{"href":"https:\/\/diariodocomercio.com.br\/mix\/wp-json\/wp\/v2\/types\/post"}],"author":[{"embeddable":true,"href":"https:\/\/diariodocomercio.com.br\/mix\/wp-json\/wp\/v2\/users\/9"}],"replies":[{"embeddable":true,"href":"https:\/\/diariodocomercio.com.br\/mix\/wp-json\/wp\/v2\/comments?post=5841"}],"version-history":[{"count":1,"href":"https:\/\/diariodocomercio.com.br\/mix\/wp-json\/wp\/v2\/posts\/5841\/revisions"}],"predecessor-version":[{"id":5843,"href":"https:\/\/diariodocomercio.com.br\/mix\/wp-json\/wp\/v2\/posts\/5841\/revisions\/5843"}],"wp:featuredmedia":[{"embeddable":true,"href":"https:\/\/diariodocomercio.com.br\/mix\/wp-json\/wp\/v2\/media\/5842"}],"wp:attachment":[{"href":"https:\/\/diariodocomercio.com.br\/mix\/wp-json\/wp\/v2\/media?parent=5841"}],"wp:term":[{"taxonomy":"category","embeddable":true,"href":"https:\/\/diariodocomercio.com.br\/mix\/wp-json\/wp\/v2\/categories?post=5841"},{"taxonomy":"post_tag","embeddable":true,"href":"https:\/\/diariodocomercio.com.br\/mix\/wp-json\/wp\/v2\/tags?post=5841"}],"curies":[{"name":"wp","href":"https:\/\/api.w.org\/{rel}","templated":true}]}}