{"id":5891,"date":"2025-04-24T18:54:56","date_gmt":"2025-04-24T21:54:56","guid":{"rendered":"https:\/\/diariodocomercio.com.br\/mix\/?p=5891"},"modified":"2025-04-24T18:54:58","modified_gmt":"2025-04-24T21:54:58","slug":"governo-lanca-novo-canal-de-comunicacao-para-os-brasileiros","status":"publish","type":"post","link":"https:\/\/diariodocomercio.com.br\/mix\/governo-lanca-novo-canal-de-comunicacao-para-os-brasileiros\/","title":{"rendered":"Governo lan\u00e7a novo canal de comunica\u00e7\u00e3o para os brasileiros"},"content":{"rendered":"\n<p>Para permitir que a popula\u00e7\u00e3o tenha ainda mais informa\u00e7\u00f5es, a Receita Federal em parceria com o SERPRO (Servi\u00e7o Federal de Processamento de Dados), v\u00e3o realizar nesta sexta-feira (25\/04), uma <a href=\"https:\/\/www.youtube.com\/live\/-yz0Wb9wg0w\" target=\"_blank\" rel=\"noopener\">live no canal do Youtube<\/a>, \u00e0s 11h (hor\u00e1rio de Bras\u00edlia), para apresentar oficialmente o novo Caixa Postal, sistema de comunica\u00e7\u00e3o entre o \u00f3rg\u00e3o e os contribuintes.<\/p>\n\n\n\n<p>O servi\u00e7o foi desenvolvido pelo Minist\u00e9rio da Gest\u00e3o e da Inova\u00e7\u00e3o em Servi\u00e7os P\u00fablicos (MGI) e ser\u00e1 poss\u00edvel acessar a Caixa Postal pela plataforma do <a href=\"https:\/\/www.gov.br\/pt-br\" target=\"_blank\" rel=\"noopener\">Gov.br,<\/a> com uma interface totalmente renovada. O objetivo \u00e9 potencializar a experi\u00eancia do usu\u00e1rio, oferecer mais praticidade e efici\u00eancia na gest\u00e3o de mensagens, al\u00e9m de alinhar sua interface ao padr\u00e3o do site. Nessa nova vers\u00e3o, o usu\u00e1rio ter\u00e1 uma navega\u00e7\u00e3o mais intuitiva, com recursos aprimorados e visual moderno, focado nas necessidades atuais do contribuinte.<\/p>\n\n\n\n<h2 class=\"wp-block-heading\">Mais detalhes da Caixa Postal do Governo Federal\u00a0<\/h2>\n\n\n\n<p>A Receita Federal se uniu nesse processo para que os contribuintes tenham acesso \u00e0s informa\u00e7\u00f5es de forma mais transparente e \u00e1gil. Quem assistir a live, poder\u00e1 ver como ser\u00e3o as principais funcionalidades da plataforma, al\u00e9m de tirar d\u00favidas com a equipe t\u00e9cnica respons\u00e1vel pelo desenvolvimento da nova ferramenta.<\/p>\n\n\n\n<p>Em fevereiro deste ano, o secret\u00e1rio de Governo Digital do Minist\u00e9rio da Gest\u00e3o e da Inova\u00e7\u00e3o nos Servi\u00e7os P\u00fablicos (MGI), Rog\u00e9rio Mascarenhas comentou ao Ag\u00eancia Brasil sobre esse servi\u00e7o que seria implantado, servindo como uma nova forma de comunica\u00e7\u00e3o:&nbsp;<\/p>\n\n\n\n<p><em>\u201cQuando falamos de governo digital, a impress\u00e3o que queremos dar ao cidad\u00e3o que se relaciona com o governo \u00e9 que ele tem um governo s\u00f3 para ele. Isto porque chegaremos a um n\u00edvel de customiza\u00e7\u00e3o dos servi\u00e7os olhando exatamente para este momento de vida dele.\u201d<\/em><\/p>\n\n\n\n<p><\/p>\n","protected":false},"excerpt":{"rendered":"<p>Para permitir que a popula\u00e7\u00e3o tenha ainda mais informa\u00e7\u00f5es, a Receita Federal em parceria com o SERPRO (Servi\u00e7o Federal de Processamento de Dados), v\u00e3o realizar nesta sexta-feira (25\/04), uma live no canal do Youtube, \u00e0s 11h (hor\u00e1rio de Bras\u00edlia), para apresentar oficialmente o novo Caixa Postal, sistema de comunica\u00e7\u00e3o entre o \u00f3rg\u00e3o e os contribuintes. [&hellip;]<\/p>\n","protected":false},"author":7,"featured_media":5892,"comment_status":"closed","ping_status":"closed","sticky":false,"template":"","format":"standard","meta":{"jnews-multi-image_gallery":[],"jnews_single_post":{"format":"standard"},"jnews_primary_category":[],"jnews_social_meta":[],"jnews_override_counter":[],"jnews_post_split":[],"footnotes":""},"categories":[1],"tags":[],"class_list":["post-5891","post","type-post","status-publish","format-standard","has-post-thumbnail","hentry","category-geral"],"_referencia":"","_links":{"self":[{"href":"https:\/\/diariodocomercio.com.br\/mix\/wp-json\/wp\/v2\/posts\/5891","targetHints":{"allow":["GET"]}}],"collection":[{"href":"https:\/\/diariodocomercio.com.br\/mix\/wp-json\/wp\/v2\/posts"}],"about":[{"href":"https:\/\/diariodocomercio.com.br\/mix\/wp-json\/wp\/v2\/types\/post"}],"author":[{"embeddable":true,"href":"https:\/\/diariodocomercio.com.br\/mix\/wp-json\/wp\/v2\/users\/7"}],"replies":[{"embeddable":true,"href":"https:\/\/diariodocomercio.com.br\/mix\/wp-json\/wp\/v2\/comments?post=5891"}],"version-history":[{"count":1,"href":"https:\/\/diariodocomercio.com.br\/mix\/wp-json\/wp\/v2\/posts\/5891\/revisions"}],"predecessor-version":[{"id":5894,"href":"https:\/\/diariodocomercio.com.br\/mix\/wp-json\/wp\/v2\/posts\/5891\/revisions\/5894"}],"wp:featuredmedia":[{"embeddable":true,"href":"https:\/\/diariodocomercio.com.br\/mix\/wp-json\/wp\/v2\/media\/5892"}],"wp:attachment":[{"href":"https:\/\/diariodocomercio.com.br\/mix\/wp-json\/wp\/v2\/media?parent=5891"}],"wp:term":[{"taxonomy":"category","embeddable":true,"href":"https:\/\/diariodocomercio.com.br\/mix\/wp-json\/wp\/v2\/categories?post=5891"},{"taxonomy":"post_tag","embeddable":true,"href":"https:\/\/diariodocomercio.com.br\/mix\/wp-json\/wp\/v2\/tags?post=5891"}],"curies":[{"name":"wp","href":"https:\/\/api.w.org\/{rel}","templated":true}]}}