{"id":5915,"date":"2025-04-25T09:07:19","date_gmt":"2025-04-25T12:07:19","guid":{"rendered":"https:\/\/diariodocomercio.com.br\/mix\/?p=5915"},"modified":"2025-04-25T09:07:21","modified_gmt":"2025-04-25T12:07:21","slug":"golpe-do-imposto-de-renda-esta-acabando-com-a-vida-de-brasileiros","status":"publish","type":"post","link":"https:\/\/diariodocomercio.com.br\/mix\/golpe-do-imposto-de-renda-esta-acabando-com-a-vida-de-brasileiros\/","title":{"rendered":"Golpe do Imposto de Renda est\u00e1 acabando com a vida de brasileiros"},"content":{"rendered":"\n<p>J\u00e1 n\u00e3o basta o estresse normal de ter que preencher a declara\u00e7\u00e3o do Imposto de Renda, alguns golpistas se aproveitam da situa\u00e7\u00e3o para tentar passar a perna em voc\u00ea. No in\u00edcio do m\u00eas, a Receita Federal publicou um alerta em seu site sobre um novo tipo de golpe que est\u00e1 circulando. Os golpistas entram em contato com as v\u00edtimas, normalmente por e-mail, para falar de supostos erros na declara\u00e7\u00e3o do Imposto de Renda e exigindo regulariza\u00e7\u00e3o.<\/p>\n\n\n\n<p><em>&#8220;Para dar credibilidade \u00e0s suas alega\u00e7\u00f5es, eles disponibilizam um link malicioso, afirmando conter informa\u00e7\u00f5es detalhadas sobre o procedimento de corre\u00e7\u00e3o em um suposto arquivo PDF para impress\u00e3o. Na mensagem, utilizam a sigla IRPF e se referem \u00e0s poss\u00edveis v\u00edtimas como &#8216;contribuinte&#8217;, termos comumente empregados pelo \u00f3rg\u00e3o em sua comunica\u00e7\u00e3o&#8221;<\/em>, explica a Receita.<em> &#8220;Al\u00e9m disso, os fraudadores mencionam legisla\u00e7\u00e3o federal e at\u00e9 o C\u00f3digo Civil para dar peso \u00e0 amea\u00e7a de multa e malha fiscal.&#8221;<\/em><\/p>\n\n\n\n<p>Muitas v\u00edtimas caem nesse tipo de golpe, clicando que links suspeitos ou enviando informa\u00e7\u00f5es pessoais aos golpistas. Por meio dessas informa\u00e7\u00f5es, quadrilhas de crimes cibern\u00e9ticos podem obter mais informa\u00e7\u00f5es pessoais suas e at\u00e9 instalar programas no seu computador &#8211; por meio dos links &#8211; que roubam mais info.<\/p>\n\n\n\n<h2 class=\"wp-block-heading\">Como evitar cair no golpe do &#8220;Imposto de Renda errado&#8221;:<\/h2>\n\n\n\n<p>Confira as recomenda\u00e7\u00f5es da Receita Federal:<\/p>\n\n\n\n<ul class=\"wp-block-list\">\n<li>Desconfie de e-mails ou mensagens de origem desconhecida que solicitam informa\u00e7\u00f5es pessoais, especialmente relacionadas \u00e0 declara\u00e7\u00e3o do Imposto de Renda;<\/li>\n\n\n\n<li>Nunca clique em links suspeitos ou desconhecidos, pois podem direcion\u00e1-lo a sites maliciosos ou baixar programas prejudiciais em seu dispositivo;<\/li>\n\n\n\n<li>N\u00e3o abra arquivos anexados, pois normalmente s\u00e3o programas execut\u00e1veis que podem causar danos ao computador ou capturar informa\u00e7\u00f5es confidenciais do usu\u00e1rio;<\/li>\n\n\n\n<li>Verifique sempre a autenticidade das comunica\u00e7\u00f5es que parecem ser da Receita Federal. Lembre-se de que a institui\u00e7\u00e3o utiliza principalmente o Portal e-CAC (Centro Virtual de Atendimento ao Contribuinte) e o site institucional como canais seguros de comunica\u00e7\u00e3o.<\/li>\n<\/ul>\n\n\n\n<style>@media (min-width: 992px) {\n    .recomendadorV2Area1 {\n        width: 280px;\n    }\n    .recomendadorV2Area2 {\n        padding: 0px 20px;\n        width: calc(100% - 280px);\n    }\n}\n\n@media (max-width: 992px) {\n    .recomendadorV2Button {\n        margin: 0 auto;\n    }\n    .recomendadorV2Area {\n        flex-direction: column;\n        text-align: center;\n    }\n    .recomendadorV2Area2 {\n        padding: 0px 20px;\n    }\n}\n\n.recomendadorV2Area {\n    background: #eeeeee3d;\n    border-radius: 10px;\n    padding: 15px;\n    display: flex;\n    margin: 15px auto;\n    border: 1px solid #00000014;\n    max-width: 800px;\n}\n\n.recomendadorV2Area1 img {\n    width: 280px;\n    height: auto;\n    border-radius: 8px;\n}\n\n.linkrecomendadorv2 {\n    text-decoration: none !important;\n}\n\n.recomendadorV2Area2 .recomendadorV2Type {\n    text-transform: uppercase;\n    font-weight: 500;\n    font-size: 11px;\n    letter-spacing: 2px;\n    color: #666;\n    margin: 12px 0;\n    display: block;\n}\n\n.recomendadorV2Title h2 {\n    padding-top: 0px !important;\n    margin: 0px !important;\n    border-left: none !important;\n    padding-left: 0px !important;\n    line-height: 1.3;\n    color: #000 !important;\n    font-size: 24px;\n    margin-bottom: 12px !important;\n}\n\n.recomendadorV2Desc {\n    color: #333;\n    margin: 12px 0px !important;\n    font-size: 15px;\n    line-height: 1.5;\n}\n\n.recomendadorV2Button {\n    width: auto;\n    max-width: 200px;\n    margin: 0;\n    display: inline-flex;\n    align-items: center;\n    background: #1D3557;\n    border-radius: 8px;\n    color: #fff;\n    height: 36px;\n    justify-content: center;\n    text-align: center;\n    font-size: 14px;\n    padding: 0 20px;\n    transition: background-color 0.2s ease;\n}\n\n.recomendadorV2Button:hover {\n    background: #2a4d7a;\n}\n\n.recomendadorV2Button:after {\n    margin-top: -2px;\n    content: \"\u2192\";\n    padding: 0px 0px 0px 8px;\n}\n\n.recomendadorV2Alert {\n    text-align: left;\n    font-size: 11px;\n    margin-top: 8px;\n    color: #666;\n}\n\n.recomendadorFixedArea {\n    width: 100%;\n    display: flex;\n    justify-content: center;\n    align-items: center;\n}\n\n@media (min-width: 992px) {\n    #recomendadorFixed {\n        width: 32% !important;\n        left: 5%;\n    }\n    .recomendadorCloseFixed{\n        right: inherit !important;\n        left: 378px !important;\n    }\n}\n\n#recomendadorFixed {\n    width: 90%;\n    box-shadow: 0 10px 20px 0px #00000057;\n    display: none;\n    height: 90px;\n    background: #F6F6F6;\n    position: fixed;\n    flex-direction: row;\n    bottom: 10px;\n    z-index: 9999;\n    border-radius: 16px;\n    padding: 7px 10px;\n}\n\n.recomendadorLeftArea {\n    width: 160px;\n}\n\n.recomendadorRightArea h2 {\n    padding-top: 0px;\n    margin: 2px 0px 4px 0px !important;\n    font-weight: 400;\n    text-align: center;\n    padding-left: 0px !important;\n    color: #000 !important;\n    border-left: none !important;\n    line-height: 20px;\n    font-size: 12px !important;\n}\n\n.recomendadorImgFixed {\n    overflow: hidden;\n    padding: 8px 6px;\n    height: 100%;\n}\n\n.recomendadorImgFixed img {\n    height: 100% !important;\n    border-radius: 16px;\n}\n\n.recomendadorRightArea {\n    padding-top: 6px;\n    display: flex;\n    width: calc(100% - 130px);\n    justify-content: space-between;\n    align-items: center;\n    flex-direction: column;\n}\n\n.recomendadorButtonFixed {\n    margin: 0 auto;\n    background: #1D3557;\n    width: 80%;\n    text-align: center;\n    font-size: 10px;\n    color: #FFF;\n    padding: 2px 10px;\n    border-radius: 3px;\n}\n\n.recomendadorButtonFixed:after {\n    margin-top: -3px;\n    content: \"\u2192\";\n    padding: 0px 0px 0px 10px;\n}\n\n.recomendadorAlertFixed {\n    font-weight: 400;\n    text-align: center;\n    color: #484848;\n    font-size: 8px;\n}\n\n.recomendadorCloseFixed {\n    z-index: 99999;\n    display: none;\n    right: 0px;\n    left: inherit;\n    bottom: 99px;\n    position: fixed;\n    justify-content: center;\n    background: #F6F6F6;\n    width: 25px;\n    align-items: center;\n    height: 25px;\n    font-weight: 800;\n    border-radius: 50%;\n    border: 1px solid #EBEBEB;\n}\n\n.recomendadorV2Desc{\n    color: #000000;\n    margin: 20px 0px;\n}\n\n@media (max-width: 576px) {\n    .recomendadorV2Area {\n      padding: 10px;\n      max-width: 100%;\n    }\n  \n    .recomendadorV2Area1 img {\n      width: 100%;\n      border-radius: 6px;\n    }\n  \n    .recomendadorV2Area2 .recomendadorV2Type {\n      font-size: 9px;\n      letter-spacing: 1px;\n      margin: 8px 0;\n    }\n  \n    .recomendadorV2Title h2 {\n      font-size: 18px !important;\n      margin-bottom: 8px !important;\n      line-height: 1.2;\n    }\n  \n    .recomendadorV2Desc {\n      font-size: 14px;\n      margin: 8px 0 !important;\n      line-height: 1.4;\n    }\n  \n    .recomendadorV2Button {\n      font-size: 14px;\n      height: 40px;\n      padding: 0 12px;\n      max-width: 100%;\n      width: 100%;\n    }\n  \n    .recomendadorV2Button:after {\n      padding-left: 6px;\n    }\n  }\n  <\/style>\n        <div class=\"lazyblock-recomendador-v2-2jDGz wp-block-lazyblock-recomendador-v2\">\n        <a class=\"linkrecomendadorv2\" href=\"https:\/\/diariodocomercio.com.br\/mix\/rei-charles-e-proibido-de-comparecer-ao-funeral-do-papa-francisco\/\">\n            <div class=\"recomendadorV2Area\">\n            <div class=\"recomendadorV2Area1\">\n                <div class=\"recomendadorV2Img\">\n                <img class=\"lazyloaded\" decoding=\"async\" src=\"https:\/\/diariodocomercio.com.br\/mix\/wp-content\/uploads\/2025\/04\/rei-charles.jpg\" data-src=\"https:\/\/diariodocomercio.com.br\/mix\/wp-content\/uploads\/2025\/04\/rei-charles.jpg\" alt=\"\">\n                <\/div>\n            <\/div>\n            <div class=\"recomendadorV2Area2\">\n                <div class=\"recomendadorV2Type\">\n                    <span>PAPA FRANCISCO<\/span>\n                <\/div>\n                <div class=\"recomendadorV2Title\">\n                <h2><span>Rei Charles \u00e9 PROIBIDO de comparecer ao funeral do Papa Francisco<\/span><\/h2>\n                <\/div>\n                <div class=\"recomendadorV2Desc\">\n                <span>O funeral do Papa Francisco acontece neste s\u00e1bado (26) e o Rei Charles, do Reino Unido, \u00e9 um dos l\u00edderes \u2026<\/span>\n                <\/div>\n                <div class=\"recomendadorV2Button\">Leia mais<\/div>\n                <div class=\"recomendadorV2Alert\"><\/div>\n            <\/div>\n            <\/div>\n        <\/a>\n        <div>\n            <div style=\"z-index:99999;\" id=\"buttonClose\" onclick=\"closeRecomendadorFixed()\">\n            <div class=\"recomendadorCloseFixed\">X<\/div>\n            <\/div>\n            <a href=\"https:\/\/diariodocomercio.com.br\/mix\/rei-charles-e-proibido-de-comparecer-ao-funeral-do-papa-francisco\/\">\n            <div class=\"recomendadorFixedArea\">\n                <div id=\"recomendadorFixed\">\n                <div class=\"recomendadorLeftArea\">\n                    <div class=\"recomendadorImgFixed\">\n                    <img class=\"lazyload\" decoding=\"async\" src=\"https:\/\/diariodocomercio.com.br\/mix\/wp-content\/uploads\/2025\/04\/rei-charles.jpg\" alt=\"\">\n                    <\/div>\n                <\/div>\n                <div class=\"recomendadorRightArea\">\n                    <div class=\"recomendadorTitleFixed\">\n                    <h2><span>Rei Charles \u00e9 PROIBIDO de comparecer ao funeral do Papa Francisco<\/span><\/h2>\n                    <\/div>\n                    <div class=\"recomendadorButtonFixed\">Leia mais<\/div>\n                    <div class=\"recomendadorAlertFixed\"><\/div>\n                <\/div>\n                <\/div>\n            <\/div>\n            <\/a>\n        <\/div>\n        <\/div>\n","protected":false},"excerpt":{"rendered":"<p>A Receita Federal publicou um alerta sobre um novo tipo de golpe que usa o nome da institui\u00e7\u00e3o, o do &#8220;Imposto de Renda errado&#8221;.<\/p>\n","protected":false},"author":6,"featured_media":3576,"comment_status":"closed","ping_status":"closed","sticky":false,"template":"","format":"standard","meta":{"jnews-multi-image_gallery":[],"jnews_single_post":{"format":"standard"},"jnews_primary_category":[],"jnews_social_meta":[],"jnews_override_counter":[],"jnews_post_split":[],"footnotes":""},"categories":[1],"tags":[],"class_list":["post-5915","post","type-post","status-publish","format-standard","has-post-thumbnail","hentry","category-geral"],"_referencia":"","_links":{"self":[{"href":"https:\/\/diariodocomercio.com.br\/mix\/wp-json\/wp\/v2\/posts\/5915","targetHints":{"allow":["GET"]}}],"collection":[{"href":"https:\/\/diariodocomercio.com.br\/mix\/wp-json\/wp\/v2\/posts"}],"about":[{"href":"https:\/\/diariodocomercio.com.br\/mix\/wp-json\/wp\/v2\/types\/post"}],"author":[{"embeddable":true,"href":"https:\/\/diariodocomercio.com.br\/mix\/wp-json\/wp\/v2\/users\/6"}],"replies":[{"embeddable":true,"href":"https:\/\/diariodocomercio.com.br\/mix\/wp-json\/wp\/v2\/comments?post=5915"}],"version-history":[{"count":2,"href":"https:\/\/diariodocomercio.com.br\/mix\/wp-json\/wp\/v2\/posts\/5915\/revisions"}],"predecessor-version":[{"id":5921,"href":"https:\/\/diariodocomercio.com.br\/mix\/wp-json\/wp\/v2\/posts\/5915\/revisions\/5921"}],"wp:featuredmedia":[{"embeddable":true,"href":"https:\/\/diariodocomercio.com.br\/mix\/wp-json\/wp\/v2\/media\/3576"}],"wp:attachment":[{"href":"https:\/\/diariodocomercio.com.br\/mix\/wp-json\/wp\/v2\/media?parent=5915"}],"wp:term":[{"taxonomy":"category","embeddable":true,"href":"https:\/\/diariodocomercio.com.br\/mix\/wp-json\/wp\/v2\/categories?post=5915"},{"taxonomy":"post_tag","embeddable":true,"href":"https:\/\/diariodocomercio.com.br\/mix\/wp-json\/wp\/v2\/tags?post=5915"}],"curies":[{"name":"wp","href":"https:\/\/api.w.org\/{rel}","templated":true}]}}