{"id":5917,"date":"2025-04-25T08:23:20","date_gmt":"2025-04-25T11:23:20","guid":{"rendered":"https:\/\/diariodocomercio.com.br\/mix\/?p=5917"},"modified":"2025-04-25T08:23:24","modified_gmt":"2025-04-25T11:23:24","slug":"milhoes-de-brasileiros-estao-com-nome-sujo-e-nao-sabem-veja-como-consultar","status":"publish","type":"post","link":"https:\/\/diariodocomercio.com.br\/mix\/milhoes-de-brasileiros-estao-com-nome-sujo-e-nao-sabem-veja-como-consultar\/","title":{"rendered":"Milh\u00f5es de brasileiros est\u00e3o com nome sujo e n\u00e3o sabem. Veja como consultar!"},"content":{"rendered":"\n<p>Voc\u00ea provavelmente j\u00e1 fez ou ouviu alguma piada sobre gastar tanto que vai parar no Serasa. Mas voc\u00ea sabia que voc\u00ea pode estar com o nome sujo sem nem mesmo saber disso? De acordo com mat\u00e9ria da Ag\u00eancia Brasil, uma pesquisa do Serasa mostrou que <strong>57 milh\u00f5es de pessoas n\u00e3o sabem <\/strong>que est\u00e3o com o nome sujo.<\/p>\n\n\n\n<p><em>\u201cComo falta de monitoramento do CPF ou do CNPJ, dados cadastrais desatualizados e, de maneira mais ampla, a desinforma\u00e7\u00e3o financeira&#8221;<\/em>, explicou o especialista em educa\u00e7\u00e3o financeira da Serasa, Lucas Tosati, \u00e0 Ag\u00eancia Brasil. <em>&#8220;Muitos consumidores e at\u00e9 empreendedores acabam descobrindo essa pend\u00eancia, inclusive, s\u00f3 quando v\u00e3o tentar contratar algum tipo de cr\u00e9dito. Seja financiamento, credi\u00e1rio, cart\u00e3o ou at\u00e9 algum empr\u00e9stimo pessoal.\u201d<\/em><\/p>\n\n\n\n<h2 class=\"wp-block-heading\">&#8220;Mas como eu vou saber se estou com o nome sujo no Serasa?&#8221;<\/h2>\n\n\n\n<p>O Serasa conta com um site e um aplicativo &#8211; dispon\u00edvel para Android e iOS. Nos dois, voc\u00ea pode conferir com facilidade e de forma gratuita se o seu nome est\u00e1 no &#8220;vermelho&#8221;. Basta realizar o login &#8211; se for a primeira vez, voc\u00ea precisa fazer um cadastro r\u00e1pido &#8211; e depois procurar pela se\u00e7\u00e3o &#8220;Servi\u00e7os&#8221; &gt; &#8220;Pend\u00eancias CPF\/CNPJ&#8221; &gt; &#8220;Extrato Serasa&#8221;. Prontinho. <\/p>\n\n\n\n<h2 class=\"wp-block-heading\">Serasa Limpa Nome<\/h2>\n\n\n\n<p>O Serasa Limpa Nome \u00e9 um servi\u00e7o gratuito criado com o objetivo de ajudar brasileiros a negociarem suas d\u00edvidas e regularizarem sua situa\u00e7\u00e3o financeira. <em>&#8220;O servi\u00e7o permite que voc\u00ea consulte e negocie suas d\u00edvidas com as melhores condi\u00e7\u00f5es. Al\u00e9m disso, na mesma plataforma voc\u00ea pode emitir todos os boletos para pagamento em at\u00e9 tr\u00eas minutos. Basta ter acesso \u00e0 Internet&#8221;<\/em>, promete o Serasa. <\/p>\n\n\n\n<p>Maior plataforma de negocia\u00e7\u00e3o de d\u00edvidas do Brasil, o Seras Limpa Nome conta com parcerias com diversas empresas, prometendo oferecer as melhores condi\u00e7\u00f5es de pagamento ao consumidor, al\u00e9m de ofertas com descontos que podem chegar a impressionantes 90%.<\/p>\n\n\n\n<style>@media (min-width: 992px) {\n    .recomendadorV2Area1 {\n        width: 280px;\n    }\n    .recomendadorV2Area2 {\n        padding: 0px 20px;\n        width: calc(100% - 280px);\n    }\n}\n\n@media (max-width: 992px) {\n    .recomendadorV2Button {\n        margin: 0 auto;\n    }\n    .recomendadorV2Area {\n        flex-direction: column;\n        text-align: center;\n    }\n    .recomendadorV2Area2 {\n        padding: 0px 20px;\n    }\n}\n\n.recomendadorV2Area {\n    background: #eeeeee3d;\n    border-radius: 10px;\n    padding: 15px;\n    display: flex;\n    margin: 15px auto;\n    border: 1px solid #00000014;\n    max-width: 800px;\n}\n\n.recomendadorV2Area1 img {\n    width: 280px;\n    height: auto;\n    border-radius: 8px;\n}\n\n.linkrecomendadorv2 {\n    text-decoration: none !important;\n}\n\n.recomendadorV2Area2 .recomendadorV2Type {\n    text-transform: uppercase;\n    font-weight: 500;\n    font-size: 11px;\n    letter-spacing: 2px;\n    color: #666;\n    margin: 12px 0;\n    display: block;\n}\n\n.recomendadorV2Title h2 {\n    padding-top: 0px !important;\n    margin: 0px !important;\n    border-left: none !important;\n    padding-left: 0px !important;\n    line-height: 1.3;\n    color: #000 !important;\n    font-size: 24px;\n    margin-bottom: 12px !important;\n}\n\n.recomendadorV2Desc {\n    color: #333;\n    margin: 12px 0px !important;\n    font-size: 15px;\n    line-height: 1.5;\n}\n\n.recomendadorV2Button {\n    width: auto;\n    max-width: 200px;\n    margin: 0;\n    display: inline-flex;\n    align-items: center;\n    background: #1D3557;\n    border-radius: 8px;\n    color: #fff;\n    height: 36px;\n    justify-content: center;\n    text-align: center;\n    font-size: 14px;\n    padding: 0 20px;\n    transition: background-color 0.2s ease;\n}\n\n.recomendadorV2Button:hover {\n    background: #2a4d7a;\n}\n\n.recomendadorV2Button:after {\n    margin-top: -2px;\n    content: \"\u2192\";\n    padding: 0px 0px 0px 8px;\n}\n\n.recomendadorV2Alert {\n    text-align: left;\n    font-size: 11px;\n    margin-top: 8px;\n    color: #666;\n}\n\n.recomendadorFixedArea {\n    width: 100%;\n    display: flex;\n    justify-content: center;\n    align-items: center;\n}\n\n@media (min-width: 992px) {\n    #recomendadorFixed {\n        width: 32% !important;\n        left: 5%;\n    }\n    .recomendadorCloseFixed{\n        right: inherit !important;\n        left: 378px !important;\n    }\n}\n\n#recomendadorFixed {\n    width: 90%;\n    box-shadow: 0 10px 20px 0px #00000057;\n    display: none;\n    height: 90px;\n    background: #F6F6F6;\n    position: fixed;\n    flex-direction: row;\n    bottom: 10px;\n    z-index: 9999;\n    border-radius: 16px;\n    padding: 7px 10px;\n}\n\n.recomendadorLeftArea {\n    width: 160px;\n}\n\n.recomendadorRightArea h2 {\n    padding-top: 0px;\n    margin: 2px 0px 4px 0px !important;\n    font-weight: 400;\n    text-align: center;\n    padding-left: 0px !important;\n    color: #000 !important;\n    border-left: none !important;\n    line-height: 20px;\n    font-size: 12px !important;\n}\n\n.recomendadorImgFixed {\n    overflow: hidden;\n    padding: 8px 6px;\n    height: 100%;\n}\n\n.recomendadorImgFixed img {\n    height: 100% !important;\n    border-radius: 16px;\n}\n\n.recomendadorRightArea {\n    padding-top: 6px;\n    display: flex;\n    width: calc(100% - 130px);\n    justify-content: space-between;\n    align-items: center;\n    flex-direction: column;\n}\n\n.recomendadorButtonFixed {\n    margin: 0 auto;\n    background: #1D3557;\n    width: 80%;\n    text-align: center;\n    font-size: 10px;\n    color: #FFF;\n    padding: 2px 10px;\n    border-radius: 3px;\n}\n\n.recomendadorButtonFixed:after {\n    margin-top: -3px;\n    content: \"\u2192\";\n    padding: 0px 0px 0px 10px;\n}\n\n.recomendadorAlertFixed {\n    font-weight: 400;\n    text-align: center;\n    color: #484848;\n    font-size: 8px;\n}\n\n.recomendadorCloseFixed {\n    z-index: 99999;\n    display: none;\n    right: 0px;\n    left: inherit;\n    bottom: 99px;\n    position: fixed;\n    justify-content: center;\n    background: #F6F6F6;\n    width: 25px;\n    align-items: center;\n    height: 25px;\n    font-weight: 800;\n    border-radius: 50%;\n    border: 1px solid #EBEBEB;\n}\n\n.recomendadorV2Desc{\n    color: #000000;\n    margin: 20px 0px;\n}\n\n@media (max-width: 576px) {\n    .recomendadorV2Area {\n      padding: 10px;\n      max-width: 100%;\n    }\n  \n    .recomendadorV2Area1 img {\n      width: 100%;\n      border-radius: 6px;\n    }\n  \n    .recomendadorV2Area2 .recomendadorV2Type {\n      font-size: 9px;\n      letter-spacing: 1px;\n      margin: 8px 0;\n    }\n  \n    .recomendadorV2Title h2 {\n      font-size: 18px !important;\n      margin-bottom: 8px !important;\n      line-height: 1.2;\n    }\n  \n    .recomendadorV2Desc {\n      font-size: 14px;\n      margin: 8px 0 !important;\n      line-height: 1.4;\n    }\n  \n    .recomendadorV2Button {\n      font-size: 14px;\n      height: 40px;\n      padding: 0 12px;\n      max-width: 100%;\n      width: 100%;\n    }\n  \n    .recomendadorV2Button:after {\n      padding-left: 6px;\n    }\n  }\n  <\/style>\n        <div class=\"lazyblock-recomendador-v2-2jDGz wp-block-lazyblock-recomendador-v2\">\n        <a class=\"linkrecomendadorv2\" href=\"https:\/\/diariodocomercio.com.br\/mix\/rei-charles-e-proibido-de-comparecer-ao-funeral-do-papa-francisco\/\">\n            <div class=\"recomendadorV2Area\">\n            <div class=\"recomendadorV2Area1\">\n                <div class=\"recomendadorV2Img\">\n                <img class=\"lazyloaded\" decoding=\"async\" src=\"https:\/\/diariodocomercio.com.br\/mix\/wp-content\/uploads\/2025\/04\/rei-charles.jpg\" data-src=\"https:\/\/diariodocomercio.com.br\/mix\/wp-content\/uploads\/2025\/04\/rei-charles.jpg\" alt=\"\">\n                <\/div>\n            <\/div>\n            <div class=\"recomendadorV2Area2\">\n                <div class=\"recomendadorV2Type\">\n                    <span>PAPA FRANCISCO<\/span>\n                <\/div>\n                <div class=\"recomendadorV2Title\">\n                <h2><span>Rei Charles \u00e9 PROIBIDO de comparecer ao funeral do Papa Francisco<\/span><\/h2>\n                <\/div>\n                <div class=\"recomendadorV2Desc\">\n                <span>O funeral do Papa Francisco acontece neste s\u00e1bado (26) e o Rei Charles, do Reino Unido, \u00e9 um dos l\u00edderes \u2026<\/span>\n                <\/div>\n                <div class=\"recomendadorV2Button\">Leia mais<\/div>\n                <div class=\"recomendadorV2Alert\"><\/div>\n            <\/div>\n            <\/div>\n        <\/a>\n        <div>\n            <div style=\"z-index:99999;\" id=\"buttonClose\" onclick=\"closeRecomendadorFixed()\">\n            <div class=\"recomendadorCloseFixed\">X<\/div>\n            <\/div>\n            <a href=\"https:\/\/diariodocomercio.com.br\/mix\/rei-charles-e-proibido-de-comparecer-ao-funeral-do-papa-francisco\/\">\n            <div class=\"recomendadorFixedArea\">\n                <div id=\"recomendadorFixed\">\n                <div class=\"recomendadorLeftArea\">\n                    <div class=\"recomendadorImgFixed\">\n                    <img class=\"lazyload\" decoding=\"async\" src=\"https:\/\/diariodocomercio.com.br\/mix\/wp-content\/uploads\/2025\/04\/rei-charles.jpg\" alt=\"\">\n                    <\/div>\n                <\/div>\n                <div class=\"recomendadorRightArea\">\n                    <div class=\"recomendadorTitleFixed\">\n                    <h2><span>Rei Charles \u00e9 PROIBIDO de comparecer ao funeral do Papa Francisco<\/span><\/h2>\n                    <\/div>\n                    <div class=\"recomendadorButtonFixed\">Leia mais<\/div>\n                    <div class=\"recomendadorAlertFixed\"><\/div>\n                <\/div>\n                <\/div>\n            <\/div>\n            <\/a>\n        <\/div>\n        <\/div>\n\n\n\n<p><\/p>\n","protected":false},"excerpt":{"rendered":"<p>Segundo uma pesquisa do Serasa, 57 milh\u00f5es de brasileiros est\u00e3o com o nome sujo e nem mesmo sabem disso&#8230; descubra como consultar.<\/p>\n","protected":false},"author":6,"featured_media":4706,"comment_status":"closed","ping_status":"closed","sticky":false,"template":"","format":"standard","meta":{"jnews-multi-image_gallery":[],"jnews_single_post":{"format":"standard"},"jnews_primary_category":[],"jnews_social_meta":[],"jnews_override_counter":[],"jnews_post_split":[],"footnotes":""},"categories":[1],"tags":[],"class_list":["post-5917","post","type-post","status-publish","format-standard","has-post-thumbnail","hentry","category-geral"],"_referencia":"","_links":{"self":[{"href":"https:\/\/diariodocomercio.com.br\/mix\/wp-json\/wp\/v2\/posts\/5917","targetHints":{"allow":["GET"]}}],"collection":[{"href":"https:\/\/diariodocomercio.com.br\/mix\/wp-json\/wp\/v2\/posts"}],"about":[{"href":"https:\/\/diariodocomercio.com.br\/mix\/wp-json\/wp\/v2\/types\/post"}],"author":[{"embeddable":true,"href":"https:\/\/diariodocomercio.com.br\/mix\/wp-json\/wp\/v2\/users\/6"}],"replies":[{"embeddable":true,"href":"https:\/\/diariodocomercio.com.br\/mix\/wp-json\/wp\/v2\/comments?post=5917"}],"version-history":[{"count":1,"href":"https:\/\/diariodocomercio.com.br\/mix\/wp-json\/wp\/v2\/posts\/5917\/revisions"}],"predecessor-version":[{"id":5918,"href":"https:\/\/diariodocomercio.com.br\/mix\/wp-json\/wp\/v2\/posts\/5917\/revisions\/5918"}],"wp:featuredmedia":[{"embeddable":true,"href":"https:\/\/diariodocomercio.com.br\/mix\/wp-json\/wp\/v2\/media\/4706"}],"wp:attachment":[{"href":"https:\/\/diariodocomercio.com.br\/mix\/wp-json\/wp\/v2\/media?parent=5917"}],"wp:term":[{"taxonomy":"category","embeddable":true,"href":"https:\/\/diariodocomercio.com.br\/mix\/wp-json\/wp\/v2\/categories?post=5917"},{"taxonomy":"post_tag","embeddable":true,"href":"https:\/\/diariodocomercio.com.br\/mix\/wp-json\/wp\/v2\/tags?post=5917"}],"curies":[{"name":"wp","href":"https:\/\/api.w.org\/{rel}","templated":true}]}}