{"id":5924,"date":"2025-04-25T10:04:58","date_gmt":"2025-04-25T13:04:58","guid":{"rendered":"https:\/\/diariodocomercio.com.br\/mix\/?p=5924"},"modified":"2025-04-25T10:05:00","modified_gmt":"2025-04-25T13:05:00","slug":"clima-o-que-significa-o-alerta-laranja-do-inmet","status":"publish","type":"post","link":"https:\/\/diariodocomercio.com.br\/mix\/clima-o-que-significa-o-alerta-laranja-do-inmet\/","title":{"rendered":"Clima: o que significa o &#8220;alerta laranja&#8221; do Inmet?"},"content":{"rendered":"\n<p>Ao falar sobre previs\u00e3o do tempo, voc\u00ea provavelmente j\u00e1 viu muitas notas na linha: &#8220;Inmet &#8211; Instituto Nacional de Metereologia &#8211; emite <strong>alerta laranja <\/strong>para X estados&#8221;. Mas, afinal de contas, o que significa esse alerta? Continue lendo que n\u00f3s vamos te explicar.<\/p>\n\n\n\n<p>O alerta laranja significa &#8220;perigo&#8221;, sendo um intermedi\u00e1rio entre o alerta amarelo &#8211; perigo potencial &#8211; e o vermelho &#8211; grande perigo. Nas regi\u00f5es que est\u00e3o com essa alerta, a previs\u00e3o de chuva \u00e9 de entre 30 e 60 mn\/h ou 50 e 100 mn\/dia, acompanhada de ventos intensos (60-100 km\/h). Essas condi\u00e7\u00f5es meteorol\u00f3gicas trazem <em>&#8220;risco de corte de energia el\u00e9trica, queda de galhos de \u00e1rvores, alagamentos e de descargas el\u00e9tricas&#8221;<\/em>.<\/p>\n\n\n\n<p>Nesses casos, o Inmet recomenda, se poss\u00edvel, desligar aparelhos el\u00e9tricos e o quadro geral de energia, durante chuvas com raios. Em caso de rajadas de vento, as indica\u00e7\u00f5es s\u00e3o:<\/p>\n\n\n\n<ul class=\"wp-block-list\">\n<li>N\u00e3o se abrigue debaixo de \u00e1rvores, pois h\u00e1 risco de queda e descargas el\u00e9tricas;<\/li>\n\n\n\n<li>N\u00e3o estacione ve\u00edculos pr\u00f3ximos a torres de transmiss\u00e3o e placas de propaganda.<\/li>\n<\/ul>\n\n\n\n<h2 class=\"wp-block-heading\">Confira as \u00e1reas com alerta laranja nesta sexta (26):<\/h2>\n\n\n\n<ul class=\"wp-block-list\">\n<li>Tri\u00e2ngulo Mineiro\/Alto Parana\u00edba;<\/li>\n\n\n\n<li>Sul Goiano;<\/li>\n\n\n\n<li>Presidente Prudente;<\/li>\n\n\n\n<li>S\u00e3o Jos\u00e9 do Rio Preto;<\/li>\n\n\n\n<li>Leste de Mato Grosso do Sul;<\/li>\n\n\n\n<li>Campinas;<\/li>\n\n\n\n<li>Oeste de Minas;<\/li>\n\n\n\n<li>Bauru;<\/li>\n\n\n\n<li>Piracicaba;<\/li>\n\n\n\n<li>Sul\/Sudoeste de Minas;<\/li>\n\n\n\n<li>Itapetininga;<\/li>\n\n\n\n<li>Centro Norte de Mato Grosso do Sul;<\/li>\n\n\n\n<li>Zona da Mata;<\/li>\n\n\n\n<li>Campo das Vertentes;<\/li>\n\n\n\n<li>Ribeir\u00e3o Preto;<\/li>\n\n\n\n<li>Ara\u00e7atuba;<\/li>\n\n\n\n<li>Sudeste Mato-grossense;<\/li>\n\n\n\n<li>Macro Metropolitana Paulista;<\/li>\n\n\n\n<li>Mar\u00edlia;<\/li>\n\n\n\n<li>Araraquara;<\/li>\n\n\n\n<li>Norte Pioneiro Paranaense;<\/li>\n\n\n\n<li>Sul Fluminense;<\/li>\n\n\n\n<li>Vale do Para\u00edba Paulista;<\/li>\n\n\n\n<li>Pantanais Sul Mato-grossense;<\/li>\n\n\n\n<li>Baixadas;<\/li>\n\n\n\n<li>Central Mineira;<\/li>\n\n\n\n<li>Centro Fluminense;<\/li>\n\n\n\n<li>Metropolitana de S\u00e3o Paulo;<\/li>\n\n\n\n<li>Assis;<\/li>\n\n\n\n<li>Centro-Sul Mato-grossense;<\/li>\n\n\n\n<li>Metropolitana do Rio de Janeiro;<\/li>\n\n\n\n<li>Metropolitana de Belo Horizonte;<\/li>\n\n\n\n<li>Litoral Sul Paulista;<\/li>\n\n\n\n<li>Norte Fluminense.<\/li>\n<\/ul>\n\n\n\n<p>Voc\u00ea pode encontrar a lista com todos os munic\u00edpios afetados <a href=\"https:\/\/alertas2.inmet.gov.br\/\" target=\"_blank\" rel=\"noreferrer noopener\">aqui no site oficial<\/a> do Inmet.<\/p>\n\n\n\n<figure class=\"wp-block-image size-full\"><img decoding=\"async\" width=\"720\" height=\"610\" src=\"https:\/\/diariodocomercio.com.br\/mix\/wp-content\/uploads\/2025\/04\/inmet-brasil.png\" alt=\"inmet\" class=\"wp-image-5931\" srcset=\"https:\/\/diariodocomercio.com.br\/mix\/wp-content\/uploads\/2025\/04\/inmet-brasil.png 720w, https:\/\/diariodocomercio.com.br\/mix\/wp-content\/uploads\/2025\/04\/inmet-brasil-300x254.png 300w, https:\/\/diariodocomercio.com.br\/mix\/wp-content\/uploads\/2025\/04\/inmet-brasil-150x127.png 150w\" sizes=\"(max-width: 720px) 100vw, 720px\" \/><figcaption class=\"wp-element-caption\">Imagem: captura de tela 25\/04\/2025\/INMET<\/figcaption><\/figure>\n\n\n\n<style>@media (min-width: 992px) {\n    .recomendadorV2Area1 {\n        width: 280px;\n    }\n    .recomendadorV2Area2 {\n        padding: 0px 20px;\n        width: calc(100% - 280px);\n    }\n}\n\n@media (max-width: 992px) {\n    .recomendadorV2Button {\n        margin: 0 auto;\n    }\n    .recomendadorV2Area {\n        flex-direction: column;\n        text-align: center;\n    }\n    .recomendadorV2Area2 {\n        padding: 0px 20px;\n    }\n}\n\n.recomendadorV2Area {\n    background: #eeeeee3d;\n    border-radius: 10px;\n    padding: 15px;\n    display: flex;\n    margin: 15px auto;\n    border: 1px solid #00000014;\n    max-width: 800px;\n}\n\n.recomendadorV2Area1 img {\n    width: 280px;\n    height: auto;\n    border-radius: 8px;\n}\n\n.linkrecomendadorv2 {\n    text-decoration: none !important;\n}\n\n.recomendadorV2Area2 .recomendadorV2Type {\n    text-transform: uppercase;\n    font-weight: 500;\n    font-size: 11px;\n    letter-spacing: 2px;\n    color: #666;\n    margin: 12px 0;\n    display: block;\n}\n\n.recomendadorV2Title h2 {\n    padding-top: 0px !important;\n    margin: 0px !important;\n    border-left: none !important;\n    padding-left: 0px !important;\n    line-height: 1.3;\n    color: #000 !important;\n    font-size: 24px;\n    margin-bottom: 12px !important;\n}\n\n.recomendadorV2Desc {\n    color: #333;\n    margin: 12px 0px !important;\n    font-size: 15px;\n    line-height: 1.5;\n}\n\n.recomendadorV2Button {\n    width: auto;\n    max-width: 200px;\n    margin: 0;\n    display: inline-flex;\n    align-items: center;\n    background: #1D3557;\n    border-radius: 8px;\n    color: #fff;\n    height: 36px;\n    justify-content: center;\n    text-align: center;\n    font-size: 14px;\n    padding: 0 20px;\n    transition: background-color 0.2s ease;\n}\n\n.recomendadorV2Button:hover {\n    background: #2a4d7a;\n}\n\n.recomendadorV2Button:after {\n    margin-top: -2px;\n    content: \"\u2192\";\n    padding: 0px 0px 0px 8px;\n}\n\n.recomendadorV2Alert {\n    text-align: left;\n    font-size: 11px;\n    margin-top: 8px;\n    color: #666;\n}\n\n.recomendadorFixedArea {\n    width: 100%;\n    display: flex;\n    justify-content: center;\n    align-items: center;\n}\n\n@media (min-width: 992px) {\n    #recomendadorFixed {\n        width: 32% !important;\n        left: 5%;\n    }\n    .recomendadorCloseFixed{\n        right: inherit !important;\n        left: 378px !important;\n    }\n}\n\n#recomendadorFixed {\n    width: 90%;\n    box-shadow: 0 10px 20px 0px #00000057;\n    display: none;\n    height: 90px;\n    background: #F6F6F6;\n    position: fixed;\n    flex-direction: row;\n    bottom: 10px;\n    z-index: 9999;\n    border-radius: 16px;\n    padding: 7px 10px;\n}\n\n.recomendadorLeftArea {\n    width: 160px;\n}\n\n.recomendadorRightArea h2 {\n    padding-top: 0px;\n    margin: 2px 0px 4px 0px !important;\n    font-weight: 400;\n    text-align: center;\n    padding-left: 0px !important;\n    color: #000 !important;\n    border-left: none !important;\n    line-height: 20px;\n    font-size: 12px !important;\n}\n\n.recomendadorImgFixed {\n    overflow: hidden;\n    padding: 8px 6px;\n    height: 100%;\n}\n\n.recomendadorImgFixed img {\n    height: 100% !important;\n    border-radius: 16px;\n}\n\n.recomendadorRightArea {\n    padding-top: 6px;\n    display: flex;\n    width: calc(100% - 130px);\n    justify-content: space-between;\n    align-items: center;\n    flex-direction: column;\n}\n\n.recomendadorButtonFixed {\n    margin: 0 auto;\n    background: #1D3557;\n    width: 80%;\n    text-align: center;\n    font-size: 10px;\n    color: #FFF;\n    padding: 2px 10px;\n    border-radius: 3px;\n}\n\n.recomendadorButtonFixed:after {\n    margin-top: -3px;\n    content: \"\u2192\";\n    padding: 0px 0px 0px 10px;\n}\n\n.recomendadorAlertFixed {\n    font-weight: 400;\n    text-align: center;\n    color: #484848;\n    font-size: 8px;\n}\n\n.recomendadorCloseFixed {\n    z-index: 99999;\n    display: none;\n    right: 0px;\n    left: inherit;\n    bottom: 99px;\n    position: fixed;\n    justify-content: center;\n    background: #F6F6F6;\n    width: 25px;\n    align-items: center;\n    height: 25px;\n    font-weight: 800;\n    border-radius: 50%;\n    border: 1px solid #EBEBEB;\n}\n\n.recomendadorV2Desc{\n    color: #000000;\n    margin: 20px 0px;\n}\n\n@media (max-width: 576px) {\n    .recomendadorV2Area {\n      padding: 10px;\n      max-width: 100%;\n    }\n  \n    .recomendadorV2Area1 img {\n      width: 100%;\n      border-radius: 6px;\n    }\n  \n    .recomendadorV2Area2 .recomendadorV2Type {\n      font-size: 9px;\n      letter-spacing: 1px;\n      margin: 8px 0;\n    }\n  \n    .recomendadorV2Title h2 {\n      font-size: 18px !important;\n      margin-bottom: 8px !important;\n      line-height: 1.2;\n    }\n  \n    .recomendadorV2Desc {\n      font-size: 14px;\n      margin: 8px 0 !important;\n      line-height: 1.4;\n    }\n  \n    .recomendadorV2Button {\n      font-size: 14px;\n      height: 40px;\n      padding: 0 12px;\n      max-width: 100%;\n      width: 100%;\n    }\n  \n    .recomendadorV2Button:after {\n      padding-left: 6px;\n    }\n  }\n  <\/style>\n        <div class=\"lazyblock-recomendador-v2-2jDGz wp-block-lazyblock-recomendador-v2\">\n        <a class=\"linkrecomendadorv2\" href=\"https:\/\/diariodocomercio.com.br\/mix\/bolsa-familia-deixara-de-existir-foi-confirmado\/\">\n            <div class=\"recomendadorV2Area\">\n            <div class=\"recomendadorV2Area1\">\n                <div class=\"recomendadorV2Img\">\n                <img class=\"lazyloaded\" decoding=\"async\" src=\"https:\/\/diariodocomercio.com.br\/mix\/wp-content\/uploads\/2025\/04\/bolsa-familia.jpg\" data-src=\"https:\/\/diariodocomercio.com.br\/mix\/wp-content\/uploads\/2025\/04\/bolsa-familia.jpg\" alt=\"\">\n                <\/div>\n            <\/div>\n            <div class=\"recomendadorV2Area2\">\n                <div class=\"recomendadorV2Type\">\n                    <span>BOLSA FAM\u00cdLIA<\/span>\n                <\/div>\n                <div class=\"recomendadorV2Title\">\n                <h2><span>Bolsa Fam\u00edlia deixar\u00e1 de existir? Foi confirmado!<\/span><\/h2>\n                <\/div>\n                <div class=\"recomendadorV2Desc\">\n                <span>Calma. Pelo menos por enquanto, o governo n\u00e3o deu nenhuma indica\u00e7\u00e3o que o Bolsa Fam\u00edlia vai acabar, mas programa teve \u2026<\/span>\n                <\/div>\n                <div class=\"recomendadorV2Button\">Leia mais<\/div>\n                <div class=\"recomendadorV2Alert\"><\/div>\n            <\/div>\n            <\/div>\n        <\/a>\n        <div>\n            <div style=\"z-index:99999;\" id=\"buttonClose\" onclick=\"closeRecomendadorFixed()\">\n            <div class=\"recomendadorCloseFixed\">X<\/div>\n            <\/div>\n            <a href=\"https:\/\/diariodocomercio.com.br\/mix\/bolsa-familia-deixara-de-existir-foi-confirmado\/\">\n            <div class=\"recomendadorFixedArea\">\n                <div id=\"recomendadorFixed\">\n                <div class=\"recomendadorLeftArea\">\n                    <div class=\"recomendadorImgFixed\">\n                    <img class=\"lazyload\" decoding=\"async\" src=\"https:\/\/diariodocomercio.com.br\/mix\/wp-content\/uploads\/2025\/04\/bolsa-familia.jpg\" alt=\"\">\n                    <\/div>\n                <\/div>\n                <div class=\"recomendadorRightArea\">\n                    <div class=\"recomendadorTitleFixed\">\n                    <h2><span>Bolsa Fam\u00edlia deixar\u00e1 de existir? Foi confirmado!<\/span><\/h2>\n                    <\/div>\n                    <div class=\"recomendadorButtonFixed\">Leia mais<\/div>\n                    <div class=\"recomendadorAlertFixed\"><\/div>\n                <\/div>\n                <\/div>\n            <\/div>\n            <\/a>\n        <\/div>\n        <\/div>\n","protected":false},"excerpt":{"rendered":"<p>Entenda o que significa &#8220;alerta laranja&#8221; do Inmet e confira quais \u00e1reas receberam ele nesta sexta-feira (26).<\/p>\n","protected":false},"author":6,"featured_media":5925,"comment_status":"closed","ping_status":"closed","sticky":false,"template":"","format":"standard","meta":{"jnews-multi-image_gallery":[],"jnews_single_post":{"format":"standard"},"jnews_primary_category":[],"jnews_social_meta":[],"jnews_override_counter":[],"jnews_post_split":[],"footnotes":""},"categories":[1],"tags":[],"class_list":["post-5924","post","type-post","status-publish","format-standard","has-post-thumbnail","hentry","category-geral"],"_referencia":"","_links":{"self":[{"href":"https:\/\/diariodocomercio.com.br\/mix\/wp-json\/wp\/v2\/posts\/5924","targetHints":{"allow":["GET"]}}],"collection":[{"href":"https:\/\/diariodocomercio.com.br\/mix\/wp-json\/wp\/v2\/posts"}],"about":[{"href":"https:\/\/diariodocomercio.com.br\/mix\/wp-json\/wp\/v2\/types\/post"}],"author":[{"embeddable":true,"href":"https:\/\/diariodocomercio.com.br\/mix\/wp-json\/wp\/v2\/users\/6"}],"replies":[{"embeddable":true,"href":"https:\/\/diariodocomercio.com.br\/mix\/wp-json\/wp\/v2\/comments?post=5924"}],"version-history":[{"count":1,"href":"https:\/\/diariodocomercio.com.br\/mix\/wp-json\/wp\/v2\/posts\/5924\/revisions"}],"predecessor-version":[{"id":5934,"href":"https:\/\/diariodocomercio.com.br\/mix\/wp-json\/wp\/v2\/posts\/5924\/revisions\/5934"}],"wp:featuredmedia":[{"embeddable":true,"href":"https:\/\/diariodocomercio.com.br\/mix\/wp-json\/wp\/v2\/media\/5925"}],"wp:attachment":[{"href":"https:\/\/diariodocomercio.com.br\/mix\/wp-json\/wp\/v2\/media?parent=5924"}],"wp:term":[{"taxonomy":"category","embeddable":true,"href":"https:\/\/diariodocomercio.com.br\/mix\/wp-json\/wp\/v2\/categories?post=5924"},{"taxonomy":"post_tag","embeddable":true,"href":"https:\/\/diariodocomercio.com.br\/mix\/wp-json\/wp\/v2\/tags?post=5924"}],"curies":[{"name":"wp","href":"https:\/\/api.w.org\/{rel}","templated":true}]}}