{"id":5933,"date":"2025-04-25T10:15:07","date_gmt":"2025-04-25T13:15:07","guid":{"rendered":"https:\/\/diariodocomercio.com.br\/mix\/?p=5933"},"modified":"2025-04-25T10:15:09","modified_gmt":"2025-04-25T13:15:09","slug":"saiba-quanto-o-papa-francisco-deixou-de-heranca-para-os-seus-herdeiros","status":"publish","type":"post","link":"https:\/\/diariodocomercio.com.br\/mix\/saiba-quanto-o-papa-francisco-deixou-de-heranca-para-os-seus-herdeiros\/","title":{"rendered":"Saiba quanto o Papa Francisco deixou de heran\u00e7a para os seus herdeiros"},"content":{"rendered":"\n<p>O falecimento do Papa Francisco na \u00faltima segunda-feira (21), marcou o fim de uma era na Igreja Cat\u00f3lica e reacendeu debates sobre a riqueza do Vaticano. Conhecido por sua postura cr\u00edtica em rela\u00e7\u00e3o \u00e0s desigualdades sociais e pela defesa de uma Igreja mais pr\u00f3xima dos pobres, o pont\u00edfice argentino Jorge Mario Bergoglio surpreendeu ao manter um patrim\u00f4nio pessoal praticamente inexistente: apenas cerca de <strong>100 d\u00f3lares<\/strong>.<\/p>\n\n\n\n<p>Ao contr\u00e1rio de muitos l\u00edderes mundiais, Francisco n\u00e3o possu\u00eda contas banc\u00e1rias nem bens em seu nome. Como membro da Companhia de Jesus, viveu segundo o voto de pobreza. Isso significa que ele n\u00e3o recebia sal\u00e1rio por seu cargo e todas as suas necessidades \u2014 como moradia, vestu\u00e1rio, alimenta\u00e7\u00e3o e transporte \u2014 eram custeadas diretamente pela Santa S\u00e9. Ainda que tivesse direito a um vencimento anual estimado em 384 mil libras (aproximadamente 3 milh\u00f5es de reais), ele recusou esse valor, optando por do\u00e1-lo a fundos e institui\u00e7\u00f5es de caridade.<\/p>\n\n\n\n<h2 class=\"wp-block-heading\"><strong>Uma vida de austeridade no cora\u00e7\u00e3o do Vaticano<\/strong><\/h2>\n\n\n\n<p>Em vez de residir no tradicional Pal\u00e1cio Apost\u00f3lico, Francisco escolheu viver na Casa Santa Marta, uma hospedaria simples dentro do Vaticano. Essa decis\u00e3o simbolizou seu compromisso com a simplicidade e a proximidade com os outros religiosos e fi\u00e9is. Al\u00e9m disso, ele tinha acesso ao Pal\u00e1cio de Castel Gandolfo, antiga resid\u00eancia de ver\u00e3o dos papas, mas preferiu n\u00e3o utiliz\u00e1-lo.<\/p>\n\n\n<div class=\"wp-block-image\">\n<figure class=\"aligncenter size-full is-resized\"><img decoding=\"async\" width=\"1200\" height=\"630\" src=\"https:\/\/diariodocomercio.com.br\/mix\/wp-content\/uploads\/2025\/04\/sta-marta.webp\" alt=\"\" class=\"wp-image-5936\" style=\"width:636px;height:auto\" srcset=\"https:\/\/diariodocomercio.com.br\/mix\/wp-content\/uploads\/2025\/04\/sta-marta.webp 1200w, https:\/\/diariodocomercio.com.br\/mix\/wp-content\/uploads\/2025\/04\/sta-marta-300x158.webp 300w, https:\/\/diariodocomercio.com.br\/mix\/wp-content\/uploads\/2025\/04\/sta-marta-768x403.webp 768w, https:\/\/diariodocomercio.com.br\/mix\/wp-content\/uploads\/2025\/04\/sta-marta-150x79.webp 150w, https:\/\/diariodocomercio.com.br\/mix\/wp-content\/uploads\/2025\/04\/sta-marta-750x394.webp 750w, https:\/\/diariodocomercio.com.br\/mix\/wp-content\/uploads\/2025\/04\/sta-marta-1140x599.webp 1140w\" sizes=\"(max-width: 1200px) 100vw, 1200px\" \/><figcaption class=\"wp-element-caption\">Instala\u00e7\u00f5es de onde o Papa morava (Foto: Reprodu\u00e7\u00e3o\/AFP)<\/figcaption><\/figure>\n<\/div>\n\n\n<p>Seu estilo de vida discreto contrasta com os n\u00fameros expressivos da pr\u00f3pria Santa S\u00e9. Estima-se que o patrim\u00f4nio do Vaticano esteja entre US$10 e US$15 bilh\u00f5es, com mais de 5 mil propriedades espalhadas pelo mundo, muitas delas alugadas por valores abaixo do mercado a funcion\u00e1rios da Igreja.<\/p>\n\n\n\n<h2 class=\"wp-block-heading\"><strong>E o herdeiro do Papa?<\/strong><\/h2>\n\n\n\n<p>Como n\u00e3o possu\u00eda bens nem contas pessoais, o Papa Francisco n\u00e3o deixou heran\u00e7a material a herdeiros. Sua &#8220;heran\u00e7a&#8221;, por assim dizer, est\u00e1 nas a\u00e7\u00f5es e no legado espiritual e social que construiu ao longo de seu pontificado: uma Igreja mais aberta, voltada ao di\u00e1logo, \u00e0 justi\u00e7a social e ao acolhimento dos mais vulner\u00e1veis.<\/p>\n\n\n\n<p>Sua escolha radical por uma vida sem posses \u00e9, ao mesmo tempo, um posicionamento pol\u00edtico e teol\u00f3gico. E, neste momento de transi\u00e7\u00e3o, esse exemplo se torna ainda mais poderoso \u2014 uma provoca\u00e7\u00e3o silenciosa \u00e0 forma como a f\u00e9 se relaciona com o poder e com o dinheiro.<\/p>\n","protected":false},"excerpt":{"rendered":"<p>O falecimento do Papa Francisco na \u00faltima segunda-feira (21), marcou o fim de uma era na Igreja Cat\u00f3lica e reacendeu debates sobre a riqueza do Vaticano. Conhecido por sua postura cr\u00edtica em rela\u00e7\u00e3o \u00e0s desigualdades sociais e pela defesa de uma Igreja mais pr\u00f3xima dos pobres, o pont\u00edfice argentino Jorge Mario Bergoglio surpreendeu ao manter [&hellip;]<\/p>\n","protected":false},"author":9,"featured_media":5937,"comment_status":"closed","ping_status":"closed","sticky":false,"template":"","format":"standard","meta":{"jnews-multi-image_gallery":[],"jnews_single_post":{"format":"standard"},"jnews_primary_category":[],"jnews_social_meta":[],"jnews_override_counter":[],"jnews_post_split":[],"footnotes":""},"categories":[1],"tags":[],"class_list":["post-5933","post","type-post","status-publish","format-standard","has-post-thumbnail","hentry","category-geral"],"_referencia":"","_links":{"self":[{"href":"https:\/\/diariodocomercio.com.br\/mix\/wp-json\/wp\/v2\/posts\/5933","targetHints":{"allow":["GET"]}}],"collection":[{"href":"https:\/\/diariodocomercio.com.br\/mix\/wp-json\/wp\/v2\/posts"}],"about":[{"href":"https:\/\/diariodocomercio.com.br\/mix\/wp-json\/wp\/v2\/types\/post"}],"author":[{"embeddable":true,"href":"https:\/\/diariodocomercio.com.br\/mix\/wp-json\/wp\/v2\/users\/9"}],"replies":[{"embeddable":true,"href":"https:\/\/diariodocomercio.com.br\/mix\/wp-json\/wp\/v2\/comments?post=5933"}],"version-history":[{"count":1,"href":"https:\/\/diariodocomercio.com.br\/mix\/wp-json\/wp\/v2\/posts\/5933\/revisions"}],"predecessor-version":[{"id":5938,"href":"https:\/\/diariodocomercio.com.br\/mix\/wp-json\/wp\/v2\/posts\/5933\/revisions\/5938"}],"wp:featuredmedia":[{"embeddable":true,"href":"https:\/\/diariodocomercio.com.br\/mix\/wp-json\/wp\/v2\/media\/5937"}],"wp:attachment":[{"href":"https:\/\/diariodocomercio.com.br\/mix\/wp-json\/wp\/v2\/media?parent=5933"}],"wp:term":[{"taxonomy":"category","embeddable":true,"href":"https:\/\/diariodocomercio.com.br\/mix\/wp-json\/wp\/v2\/categories?post=5933"},{"taxonomy":"post_tag","embeddable":true,"href":"https:\/\/diariodocomercio.com.br\/mix\/wp-json\/wp\/v2\/tags?post=5933"}],"curies":[{"name":"wp","href":"https:\/\/api.w.org\/{rel}","templated":true}]}}