{"id":5935,"date":"2025-04-25T10:31:35","date_gmt":"2025-04-25T13:31:35","guid":{"rendered":"https:\/\/diariodocomercio.com.br\/mix\/?p=5935"},"modified":"2025-04-25T10:31:37","modified_gmt":"2025-04-25T13:31:37","slug":"por-que-voce-fica-com-a-boca-seca-no-frio-4-dicas-para-hidratar-os-labios","status":"publish","type":"post","link":"https:\/\/diariodocomercio.com.br\/mix\/por-que-voce-fica-com-a-boca-seca-no-frio-4-dicas-para-hidratar-os-labios\/","title":{"rendered":"Por que voc\u00ea fica com a boca seca no frio? 4 dicas para hidratar os l\u00e1bios"},"content":{"rendered":"\n<p>Chegou o outono e as temperaturas j\u00e1 est\u00e3o caindo em boa parte do pa\u00eds. Com a temperatura mais amena, tamb\u00e9m vem um probleminha que irrita muita gente: a boca seca. Sabe quando voc\u00ea fica com os l\u00e1bios ressecados e rachados &#8211; e n\u00e3o resiste a arrancar aquela pelinha? Entenda por que isso acontece mais no frio e descubra quatro dicas para hidratar a boca.<\/p>\n\n\n\n<p>Como transpiramos menos no frio, a pele como um todo costuma ficar mais seca. Mas por que a boca fica pior? A dermatologista Juliana Fonte explicou ao Cuidados pela Vida que os l\u00e1bios t\u00eam uma pele mais fina e, diferente da maior parte do nosso corpo nessa \u00e9poca, eles ficam expostos aos ventos frios, \u00e0s baixas temperaturas e umidade. <\/p>\n\n\n\n<h2 class=\"wp-block-heading\">Quatro dicas para evitar a boca seca:<\/h2>\n\n\n\n<h3 class=\"wp-block-heading\">1. Nada de saliva<\/h3>\n\n\n\n<p>O nosso primeiro instinto quando sentimos os l\u00e1bios secos \u00e9 passar a l\u00edngua, mas essa \u00e9 uma m\u00e1 ideia. A saliva \u00e9 \u00e1cida e vai acabar piorando o ressecamento.<\/p>\n\n\n\n<h3 class=\"wp-block-heading\">2. \u00c1gua quente<\/h3>\n\n\n\n<p>\u00c9 dif\u00edcil, mas, mesmo no frio, \u00e9 importante evitar a \u00e1gua quente no rosto, j\u00e1 que ela vai ressecar e desidratar a sua pele e os seus l\u00e1bios, retirando os \u00f3leos naturais que deixam sua boca hidratada.<\/p>\n\n\n\n<h3 class=\"wp-block-heading\">3. Exposi\u00e7\u00e3o ao sol<\/h3>\n\n\n\n<p>Sim, todo mundo gosta de tomar um solzinho quando a temperatura abaixa, mas a exposi\u00e7\u00e3o solar tamb\u00e9m \u00e9 um fator que contribui para o ressecamento da boca. Mesmo no frio, n\u00e3o abandone o filtro solar, inclusive na boca.<\/p>\n\n\n\n<h3 class=\"wp-block-heading\">4. Escolha o protetor labial certo<\/h3>\n\n\n\n<p>N\u00f3s temos muitos protetores e hidratantes labiais no mercado&#8230; mas nem todos s\u00e3o uma boa op\u00e7\u00e3o. Segundo especialistas consultados pelo GLOBO, \u00e9 melhor fugir de protetores com cor ou perfume, j\u00e1 que eles podem acabar deixando a pele dos l\u00e1bios ainda mais irritada. Evite ingredientes como \u00e1cido salic\u00edlico &#8211; esfoliante -, mentol e hortel\u00e3-pimenta.<\/p>\n\n\n\n<p>Na hora de escolher um produto, procure hidratantes com ingredientes como vaselina, \u00f3leo de r\u00edcino, glicerina, ceramidas, manteiga de karit\u00e9, \u00f3leo de semente de c\u00e2nhamo, dimeticona e \u00f3leo mineral.<\/p>\n\n\n\n<style>@media (min-width: 992px) {\n    .recomendadorV2Area1 {\n        width: 280px;\n    }\n    .recomendadorV2Area2 {\n        padding: 0px 20px;\n        width: calc(100% - 280px);\n    }\n}\n\n@media (max-width: 992px) {\n    .recomendadorV2Button {\n        margin: 0 auto;\n    }\n    .recomendadorV2Area {\n        flex-direction: column;\n        text-align: center;\n    }\n    .recomendadorV2Area2 {\n        padding: 0px 20px;\n    }\n}\n\n.recomendadorV2Area {\n    background: #eeeeee3d;\n    border-radius: 10px;\n    padding: 15px;\n    display: flex;\n    margin: 15px auto;\n    border: 1px solid #00000014;\n    max-width: 800px;\n}\n\n.recomendadorV2Area1 img {\n    width: 280px;\n    height: auto;\n    border-radius: 8px;\n}\n\n.linkrecomendadorv2 {\n    text-decoration: none !important;\n}\n\n.recomendadorV2Area2 .recomendadorV2Type {\n    text-transform: uppercase;\n    font-weight: 500;\n    font-size: 11px;\n    letter-spacing: 2px;\n    color: #666;\n    margin: 12px 0;\n    display: block;\n}\n\n.recomendadorV2Title h2 {\n    padding-top: 0px !important;\n    margin: 0px !important;\n    border-left: none !important;\n    padding-left: 0px !important;\n    line-height: 1.3;\n    color: #000 !important;\n    font-size: 24px;\n    margin-bottom: 12px !important;\n}\n\n.recomendadorV2Desc {\n    color: #333;\n    margin: 12px 0px !important;\n    font-size: 15px;\n    line-height: 1.5;\n}\n\n.recomendadorV2Button {\n    width: auto;\n    max-width: 200px;\n    margin: 0;\n    display: inline-flex;\n    align-items: center;\n    background: #1D3557;\n    border-radius: 8px;\n    color: #fff;\n    height: 36px;\n    justify-content: center;\n    text-align: center;\n    font-size: 14px;\n    padding: 0 20px;\n    transition: background-color 0.2s ease;\n}\n\n.recomendadorV2Button:hover {\n    background: #2a4d7a;\n}\n\n.recomendadorV2Button:after {\n    margin-top: -2px;\n    content: \"\u2192\";\n    padding: 0px 0px 0px 8px;\n}\n\n.recomendadorV2Alert {\n    text-align: left;\n    font-size: 11px;\n    margin-top: 8px;\n    color: #666;\n}\n\n.recomendadorFixedArea {\n    width: 100%;\n    display: flex;\n    justify-content: center;\n    align-items: center;\n}\n\n@media (min-width: 992px) {\n    #recomendadorFixed {\n        width: 32% !important;\n        left: 5%;\n    }\n    .recomendadorCloseFixed{\n        right: inherit !important;\n        left: 378px !important;\n    }\n}\n\n#recomendadorFixed {\n    width: 90%;\n    box-shadow: 0 10px 20px 0px #00000057;\n    display: none;\n    height: 90px;\n    background: #F6F6F6;\n    position: fixed;\n    flex-direction: row;\n    bottom: 10px;\n    z-index: 9999;\n    border-radius: 16px;\n    padding: 7px 10px;\n}\n\n.recomendadorLeftArea {\n    width: 160px;\n}\n\n.recomendadorRightArea h2 {\n    padding-top: 0px;\n    margin: 2px 0px 4px 0px !important;\n    font-weight: 400;\n    text-align: center;\n    padding-left: 0px !important;\n    color: #000 !important;\n    border-left: none !important;\n    line-height: 20px;\n    font-size: 12px !important;\n}\n\n.recomendadorImgFixed {\n    overflow: hidden;\n    padding: 8px 6px;\n    height: 100%;\n}\n\n.recomendadorImgFixed img {\n    height: 100% !important;\n    border-radius: 16px;\n}\n\n.recomendadorRightArea {\n    padding-top: 6px;\n    display: flex;\n    width: calc(100% - 130px);\n    justify-content: space-between;\n    align-items: center;\n    flex-direction: column;\n}\n\n.recomendadorButtonFixed {\n    margin: 0 auto;\n    background: #1D3557;\n    width: 80%;\n    text-align: center;\n    font-size: 10px;\n    color: #FFF;\n    padding: 2px 10px;\n    border-radius: 3px;\n}\n\n.recomendadorButtonFixed:after {\n    margin-top: -3px;\n    content: \"\u2192\";\n    padding: 0px 0px 0px 10px;\n}\n\n.recomendadorAlertFixed {\n    font-weight: 400;\n    text-align: center;\n    color: #484848;\n    font-size: 8px;\n}\n\n.recomendadorCloseFixed {\n    z-index: 99999;\n    display: none;\n    right: 0px;\n    left: inherit;\n    bottom: 99px;\n    position: fixed;\n    justify-content: center;\n    background: #F6F6F6;\n    width: 25px;\n    align-items: center;\n    height: 25px;\n    font-weight: 800;\n    border-radius: 50%;\n    border: 1px solid #EBEBEB;\n}\n\n.recomendadorV2Desc{\n    color: #000000;\n    margin: 20px 0px;\n}\n\n@media (max-width: 576px) {\n    .recomendadorV2Area {\n      padding: 10px;\n      max-width: 100%;\n    }\n  \n    .recomendadorV2Area1 img {\n      width: 100%;\n      border-radius: 6px;\n    }\n  \n    .recomendadorV2Area2 .recomendadorV2Type {\n      font-size: 9px;\n      letter-spacing: 1px;\n      margin: 8px 0;\n    }\n  \n    .recomendadorV2Title h2 {\n      font-size: 18px !important;\n      margin-bottom: 8px !important;\n      line-height: 1.2;\n    }\n  \n    .recomendadorV2Desc {\n      font-size: 14px;\n      margin: 8px 0 !important;\n      line-height: 1.4;\n    }\n  \n    .recomendadorV2Button {\n      font-size: 14px;\n      height: 40px;\n      padding: 0 12px;\n      max-width: 100%;\n      width: 100%;\n    }\n  \n    .recomendadorV2Button:after {\n      padding-left: 6px;\n    }\n  }\n  <\/style>\n        <div class=\"lazyblock-recomendador-v2-2jDGz wp-block-lazyblock-recomendador-v2\">\n        <a class=\"linkrecomendadorv2\" href=\"https:\/\/diariodocomercio.com.br\/mix\/clima-o-que-significa-o-alerta-laranja-do-inmet\/\">\n            <div class=\"recomendadorV2Area\">\n            <div class=\"recomendadorV2Area1\">\n                <div class=\"recomendadorV2Img\">\n                <img class=\"lazyloaded\" decoding=\"async\" src=\"https:\/\/diariodocomercio.com.br\/mix\/wp-content\/uploads\/2025\/04\/inmet.jpg\" data-src=\"https:\/\/diariodocomercio.com.br\/mix\/wp-content\/uploads\/2025\/04\/inmet.jpg\" alt=\"\">\n                <\/div>\n            <\/div>\n            <div class=\"recomendadorV2Area2\">\n                <div class=\"recomendadorV2Type\">\n                    <span>CLIMA<\/span>\n                <\/div>\n                <div class=\"recomendadorV2Title\">\n                <h2><span>Clima: o que significa o &quot;alerta laranja&quot; do Inmet?<\/span><\/h2>\n                <\/div>\n                <div class=\"recomendadorV2Desc\">\n                <span>Entenda o que significa &quot;alerta laranja&quot; do Inmet e confira quais \u00e1reas receberam ele nesta sexta-feira (26).<\/span>\n                <\/div>\n                <div class=\"recomendadorV2Button\">Leia mais<\/div>\n                <div class=\"recomendadorV2Alert\"><\/div>\n            <\/div>\n            <\/div>\n        <\/a>\n        <div>\n            <div style=\"z-index:99999;\" id=\"buttonClose\" onclick=\"closeRecomendadorFixed()\">\n            <div class=\"recomendadorCloseFixed\">X<\/div>\n            <\/div>\n            <a href=\"https:\/\/diariodocomercio.com.br\/mix\/clima-o-que-significa-o-alerta-laranja-do-inmet\/\">\n            <div class=\"recomendadorFixedArea\">\n                <div id=\"recomendadorFixed\">\n                <div class=\"recomendadorLeftArea\">\n                    <div class=\"recomendadorImgFixed\">\n                    <img class=\"lazyload\" decoding=\"async\" src=\"https:\/\/diariodocomercio.com.br\/mix\/wp-content\/uploads\/2025\/04\/inmet.jpg\" alt=\"\">\n                    <\/div>\n                <\/div>\n                <div class=\"recomendadorRightArea\">\n                    <div class=\"recomendadorTitleFixed\">\n                    <h2><span>Clima: o que significa o &quot;alerta laranja&quot; do Inmet?<\/span><\/h2>\n                    <\/div>\n                    <div class=\"recomendadorButtonFixed\">Leia mais<\/div>\n                    <div class=\"recomendadorAlertFixed\"><\/div>\n                <\/div>\n                <\/div>\n            <\/div>\n            <\/a>\n        <\/div>\n        <\/div>\n\n\n\n<p><\/p>\n","protected":false},"excerpt":{"rendered":"<p>A temperatura come\u00e7ou a cair e voc\u00ea j\u00e1 est\u00e1 com aquele boca seca, com os l\u00e1bios ressecados e rachados? Confira quatro dicas para fugir disso.<\/p>\n","protected":false},"author":6,"featured_media":5939,"comment_status":"closed","ping_status":"closed","sticky":false,"template":"","format":"standard","meta":{"jnews-multi-image_gallery":[],"jnews_single_post":{"format":"standard"},"jnews_primary_category":[],"jnews_social_meta":[],"jnews_override_counter":[],"jnews_post_split":[],"footnotes":""},"categories":[1],"tags":[],"class_list":["post-5935","post","type-post","status-publish","format-standard","has-post-thumbnail","hentry","category-geral"],"_referencia":"","_links":{"self":[{"href":"https:\/\/diariodocomercio.com.br\/mix\/wp-json\/wp\/v2\/posts\/5935","targetHints":{"allow":["GET"]}}],"collection":[{"href":"https:\/\/diariodocomercio.com.br\/mix\/wp-json\/wp\/v2\/posts"}],"about":[{"href":"https:\/\/diariodocomercio.com.br\/mix\/wp-json\/wp\/v2\/types\/post"}],"author":[{"embeddable":true,"href":"https:\/\/diariodocomercio.com.br\/mix\/wp-json\/wp\/v2\/users\/6"}],"replies":[{"embeddable":true,"href":"https:\/\/diariodocomercio.com.br\/mix\/wp-json\/wp\/v2\/comments?post=5935"}],"version-history":[{"count":1,"href":"https:\/\/diariodocomercio.com.br\/mix\/wp-json\/wp\/v2\/posts\/5935\/revisions"}],"predecessor-version":[{"id":5941,"href":"https:\/\/diariodocomercio.com.br\/mix\/wp-json\/wp\/v2\/posts\/5935\/revisions\/5941"}],"wp:featuredmedia":[{"embeddable":true,"href":"https:\/\/diariodocomercio.com.br\/mix\/wp-json\/wp\/v2\/media\/5939"}],"wp:attachment":[{"href":"https:\/\/diariodocomercio.com.br\/mix\/wp-json\/wp\/v2\/media?parent=5935"}],"wp:term":[{"taxonomy":"category","embeddable":true,"href":"https:\/\/diariodocomercio.com.br\/mix\/wp-json\/wp\/v2\/categories?post=5935"},{"taxonomy":"post_tag","embeddable":true,"href":"https:\/\/diariodocomercio.com.br\/mix\/wp-json\/wp\/v2\/tags?post=5935"}],"curies":[{"name":"wp","href":"https:\/\/api.w.org\/{rel}","templated":true}]}}