{"id":5946,"date":"2025-04-25T10:53:10","date_gmt":"2025-04-25T13:53:10","guid":{"rendered":"https:\/\/diariodocomercio.com.br\/mix\/?p=5946"},"modified":"2025-04-25T10:53:12","modified_gmt":"2025-04-25T13:53:12","slug":"saiba-quando-sera-a-tao-esperada-prova-da-policia-federal","status":"publish","type":"post","link":"https:\/\/diariodocomercio.com.br\/mix\/saiba-quando-sera-a-tao-esperada-prova-da-policia-federal\/","title":{"rendered":"Saiba quando ser\u00e1 a t\u00e3o esperada prova da Pol\u00edcia Federal"},"content":{"rendered":"\n<p>O Concurso da Pol\u00edcia Federal (PF), um dos mais aguardados pelos concurseiros, j\u00e1 tem data marcada para as provas: ser\u00e1 em 27 de julho de 2025. A informa\u00e7\u00e3o foi confirmada com a divulga\u00e7\u00e3o do cronograma oficial, junto ao an\u00fancio do Cebraspe como banca organizadora.<\/p>\n\n\n\n<p>O edital est\u00e1 previsto para ser publicado a partir do dia 20 de maio, abrindo 1.000 vagas imediatas para cargos de n\u00edveis superior e m\u00e9dio, com sal\u00e1rios que podem chegar a R$ 26,3 mil.<\/p>\n\n\n\n<h2 class=\"wp-block-heading\"><strong>Vagas por cargo<\/strong><\/h2>\n\n\n\n<p>As oportunidades est\u00e3o distribu\u00eddas da seguinte forma:<\/p>\n\n\n\n<ul class=\"wp-block-list\">\n<li>Delegado: 120 vagas<\/li>\n\n\n\n<li>Perito Criminal: 69 vagas<\/li>\n\n\n\n<li>Agente: 630 vagas<\/li>\n\n\n\n<li>Escriv\u00e3o: 160 vagas<\/li>\n\n\n\n<li>Papiloscopista: 21 vagas<\/li>\n<\/ul>\n\n\n\n<p>Al\u00e9m disso, 192 vagas para a \u00e1rea administrativa tamb\u00e9m foram autorizadas, sendo 100 para n\u00edvel m\u00e9dio e 92 para n\u00edvel superior, com edital a ser divulgado em breve \u2014 tamb\u00e9m sob organiza\u00e7\u00e3o do Cebraspe.<\/p>\n\n\n\n<p>O resultado final para o cargo de Agente est\u00e1 previsto para ser divulgado at\u00e9 dezembro de 2025, e o in\u00edcio do curso de forma\u00e7\u00e3o ocorrer\u00e1 em 26 de janeiro de 2026. Para os demais cargos, o Curso de Forma\u00e7\u00e3o Profissional (CFP) deve come\u00e7ar em maio de 2026.<\/p>\n\n\n\n<h2 class=\"wp-block-heading\"><strong>Benef\u00edcios e reajustes<\/strong><\/h2>\n\n\n\n<p>A remunera\u00e7\u00e3o dos servidores da PF foi reajustada por meio da Lei N\u00ba 14.875\/2024, com aumentos programados em agosto de 2024, maio de 2025 e maio de 2026. Entre os benef\u00edcios adicionais, destacam-se:<\/p>\n\n\n\n<ul class=\"wp-block-list\">\n<li>Aux\u00edlio-alimenta\u00e7\u00e3o: R$ 1.000<\/li>\n\n\n\n<li>Aux\u00edlio sa\u00fade: R$ 215<\/li>\n\n\n\n<li>Assist\u00eancia pr\u00e9-escolar: R$ 484,90<\/li>\n\n\n\n<li>Adicional de fronteira: at\u00e9 R$ 2 mil por m\u00eas<\/li>\n<\/ul>\n\n\n\n<p>Todos os cargos exigem idade m\u00ednima de 18 anos, ensino superior completo, aptid\u00e3o f\u00edsica e mental e CNH categoria \u201cB\u201d, entre outros requisitos.<\/p>\n\n\n\n<p>A expectativa \u00e9 grande, especialmente ap\u00f3s o fim da validade do \u00faltimo edital, em 2023. Muitos candidatos j\u00e1 v\u00eam se preparando h\u00e1 meses, e a defini\u00e7\u00e3o do cronograma traz mais clareza para organizar os estudos.<\/p>\n\n\n\n<p>O concurso promete ser concorrido, e a estabilidade, os benef\u00edcios e o prest\u00edgio da carreira na Pol\u00edcia Federal continuam sendo grandes atrativos para quem sonha com uma vaga no servi\u00e7o p\u00fablico federal.<\/p>\n","protected":false},"excerpt":{"rendered":"<p>O Concurso da Pol\u00edcia Federal (PF), um dos mais aguardados pelos concurseiros, j\u00e1 tem data marcada para as provas: ser\u00e1 em 27 de julho de 2025. A informa\u00e7\u00e3o foi confirmada com a divulga\u00e7\u00e3o do cronograma oficial, junto ao an\u00fancio do Cebraspe como banca organizadora. O edital est\u00e1 previsto para ser publicado a partir do dia [&hellip;]<\/p>\n","protected":false},"author":9,"featured_media":5947,"comment_status":"closed","ping_status":"closed","sticky":false,"template":"","format":"standard","meta":{"jnews-multi-image_gallery":[],"jnews_single_post":{"format":"standard"},"jnews_primary_category":[],"jnews_social_meta":[],"jnews_override_counter":[],"jnews_post_split":[],"footnotes":""},"categories":[1],"tags":[],"class_list":["post-5946","post","type-post","status-publish","format-standard","has-post-thumbnail","hentry","category-geral"],"_referencia":"","_links":{"self":[{"href":"https:\/\/diariodocomercio.com.br\/mix\/wp-json\/wp\/v2\/posts\/5946","targetHints":{"allow":["GET"]}}],"collection":[{"href":"https:\/\/diariodocomercio.com.br\/mix\/wp-json\/wp\/v2\/posts"}],"about":[{"href":"https:\/\/diariodocomercio.com.br\/mix\/wp-json\/wp\/v2\/types\/post"}],"author":[{"embeddable":true,"href":"https:\/\/diariodocomercio.com.br\/mix\/wp-json\/wp\/v2\/users\/9"}],"replies":[{"embeddable":true,"href":"https:\/\/diariodocomercio.com.br\/mix\/wp-json\/wp\/v2\/comments?post=5946"}],"version-history":[{"count":1,"href":"https:\/\/diariodocomercio.com.br\/mix\/wp-json\/wp\/v2\/posts\/5946\/revisions"}],"predecessor-version":[{"id":5948,"href":"https:\/\/diariodocomercio.com.br\/mix\/wp-json\/wp\/v2\/posts\/5946\/revisions\/5948"}],"wp:featuredmedia":[{"embeddable":true,"href":"https:\/\/diariodocomercio.com.br\/mix\/wp-json\/wp\/v2\/media\/5947"}],"wp:attachment":[{"href":"https:\/\/diariodocomercio.com.br\/mix\/wp-json\/wp\/v2\/media?parent=5946"}],"wp:term":[{"taxonomy":"category","embeddable":true,"href":"https:\/\/diariodocomercio.com.br\/mix\/wp-json\/wp\/v2\/categories?post=5946"},{"taxonomy":"post_tag","embeddable":true,"href":"https:\/\/diariodocomercio.com.br\/mix\/wp-json\/wp\/v2\/tags?post=5946"}],"curies":[{"name":"wp","href":"https:\/\/api.w.org\/{rel}","templated":true}]}}