{"id":5949,"date":"2025-04-25T11:10:12","date_gmt":"2025-04-25T14:10:12","guid":{"rendered":"https:\/\/diariodocomercio.com.br\/mix\/?p=5949"},"modified":"2025-04-25T11:10:16","modified_gmt":"2025-04-25T14:10:16","slug":"governo-decide-trocar-o-vale-alimentacao-por-outro-beneficio","status":"publish","type":"post","link":"https:\/\/diariodocomercio.com.br\/mix\/governo-decide-trocar-o-vale-alimentacao-por-outro-beneficio\/","title":{"rendered":"Governo decide trocar o vale-alimenta\u00e7\u00e3o por outro benef\u00edcio"},"content":{"rendered":"\n<p>O governo federal est\u00e1 estudando uma mudan\u00e7a significativa no Programa de Alimenta\u00e7\u00e3o do Trabalhador (PAT): a substitui\u00e7\u00e3o do atual modelo de vale-refei\u00e7\u00e3o e vale-alimenta\u00e7\u00e3o por dep\u00f3sitos diretos via Pix em contas banc\u00e1rias criadas exclusivamente para esse fim. <\/p>\n\n\n\n<p>A medida est\u00e1 em debate no Pal\u00e1cio do Planalto e tem como objetivo reduzir os custos operacionais cobrados por empresas intermedi\u00e1rias, al\u00e9m de aumentar a efici\u00eancia do repasse. As informa\u00e7\u00f5es s\u00e3o da Folha de S. Paulo.<\/p>\n\n\n\n<h2 class=\"wp-block-heading\"><strong>Pagamento direto e sem descontos<\/strong><\/h2>\n\n\n\n<p>Hoje, o sistema de benef\u00edcios corporativos movimenta bilh\u00f5es de reais por ano e envolve taxas aplicadas por operadoras de cart\u00f5es, como Edenred e Pluxee. Ao eliminar esse elo da cadeia, o governo acredita que o valor destinado \u00e0 alimenta\u00e7\u00e3o poder\u00e1 ser repassado integralmente aos trabalhadores, sem descontos ou perdas ao longo do caminho.<\/p>\n\n\n\n<p>A proposta est\u00e1 sendo debatida entre os ministros Fernando Haddad (Fazenda), Rui Costa (Casa Civil), Luiz Marinho (Trabalho e Emprego) e o presidente do Banco Central, Gabriel Gal\u00edpolo. Segundo Haddad, uma primeira proposta de regulamenta\u00e7\u00e3o pode ser apresentada dentro de 30 dias, caso haja viabilidade jur\u00eddica.<\/p>\n\n\n\n<h2 class=\"wp-block-heading\"><strong>Liberdade de uso divide opini\u00f5es<\/strong><\/h2>\n\n\n\n<p>Um dos pontos mais sens\u00edveis da proposta \u00e9 a liberdade de uso dos valores transferidos via Pix. Diferente do modelo atual, que limita os gastos a estabelecimentos habilitados, o novo sistema poderia permitir a utiliza\u00e7\u00e3o para qualquer finalidade, o que gera diverg\u00eancias dentro do pr\u00f3prio governo.<\/p>\n\n\n\n<h2 class=\"wp-block-heading\"><strong>Rea\u00e7\u00e3o do mercado<\/strong><\/h2>\n\n\n\n<p>A not\u00edcia j\u00e1 impactou o setor: as a\u00e7\u00f5es da Edenred chegaram a cair 14% ap\u00f3s a divulga\u00e7\u00e3o dos estudos sobre a mudan\u00e7a. A concorrente, Pluxee tamb\u00e9m caiu 8,76%. Nas duas empresas representou a pior queda desde 2024. <\/p>\n\n\n\n<p>O Brasil representa uma fatia expressiva da receita de empresas do setor, aproximadamente 30% na Endered e 40% na Pluxee, o que explica a preocupa\u00e7\u00e3o. <\/p>\n\n\n\n<blockquote class=\"wp-block-quote is-layout-flow wp-block-quote-is-layout-flow\">\n<p>\u201cSe essa mudan\u00e7a for implementada, ser\u00e1 um obst\u00e1culo significativo para a Edenred\u201d, disse o analista Ben Slupecki, da Morningstar \u00e0 CNN.<\/p>\n<\/blockquote>\n\n\n\n<p>Enquanto isso, sindicatos e especialistas acompanham de perto as discuss\u00f5es que podem transformar um dos benef\u00edcios mais tradicionais do trabalhador brasileiro.<\/p>\n","protected":false},"excerpt":{"rendered":"<p>O governo federal est\u00e1 estudando uma mudan\u00e7a significativa no Programa de Alimenta\u00e7\u00e3o do Trabalhador (PAT): a substitui\u00e7\u00e3o do atual modelo de vale-refei\u00e7\u00e3o e vale-alimenta\u00e7\u00e3o por dep\u00f3sitos diretos via Pix em contas banc\u00e1rias criadas exclusivamente para esse fim. A medida est\u00e1 em debate no Pal\u00e1cio do Planalto e tem como objetivo reduzir os custos operacionais cobrados [&hellip;]<\/p>\n","protected":false},"author":9,"featured_media":5951,"comment_status":"closed","ping_status":"closed","sticky":false,"template":"","format":"standard","meta":{"jnews-multi-image_gallery":[],"jnews_single_post":{"format":"standard"},"jnews_primary_category":[],"jnews_social_meta":[],"jnews_override_counter":[],"jnews_post_split":[],"footnotes":""},"categories":[1],"tags":[],"class_list":["post-5949","post","type-post","status-publish","format-standard","has-post-thumbnail","hentry","category-geral"],"_referencia":"","_links":{"self":[{"href":"https:\/\/diariodocomercio.com.br\/mix\/wp-json\/wp\/v2\/posts\/5949","targetHints":{"allow":["GET"]}}],"collection":[{"href":"https:\/\/diariodocomercio.com.br\/mix\/wp-json\/wp\/v2\/posts"}],"about":[{"href":"https:\/\/diariodocomercio.com.br\/mix\/wp-json\/wp\/v2\/types\/post"}],"author":[{"embeddable":true,"href":"https:\/\/diariodocomercio.com.br\/mix\/wp-json\/wp\/v2\/users\/9"}],"replies":[{"embeddable":true,"href":"https:\/\/diariodocomercio.com.br\/mix\/wp-json\/wp\/v2\/comments?post=5949"}],"version-history":[{"count":1,"href":"https:\/\/diariodocomercio.com.br\/mix\/wp-json\/wp\/v2\/posts\/5949\/revisions"}],"predecessor-version":[{"id":5952,"href":"https:\/\/diariodocomercio.com.br\/mix\/wp-json\/wp\/v2\/posts\/5949\/revisions\/5952"}],"wp:featuredmedia":[{"embeddable":true,"href":"https:\/\/diariodocomercio.com.br\/mix\/wp-json\/wp\/v2\/media\/5951"}],"wp:attachment":[{"href":"https:\/\/diariodocomercio.com.br\/mix\/wp-json\/wp\/v2\/media?parent=5949"}],"wp:term":[{"taxonomy":"category","embeddable":true,"href":"https:\/\/diariodocomercio.com.br\/mix\/wp-json\/wp\/v2\/categories?post=5949"},{"taxonomy":"post_tag","embeddable":true,"href":"https:\/\/diariodocomercio.com.br\/mix\/wp-json\/wp\/v2\/tags?post=5949"}],"curies":[{"name":"wp","href":"https:\/\/api.w.org\/{rel}","templated":true}]}}