{"id":5953,"date":"2025-04-25T12:09:18","date_gmt":"2025-04-25T15:09:18","guid":{"rendered":"https:\/\/diariodocomercio.com.br\/mix\/?p=5953"},"modified":"2025-04-25T12:09:20","modified_gmt":"2025-04-25T15:09:20","slug":"video-que-mostra-papa-francisco-transformando-agua-em-vinho-surpreende-o-mundo","status":"publish","type":"post","link":"https:\/\/diariodocomercio.com.br\/mix\/video-que-mostra-papa-francisco-transformando-agua-em-vinho-surpreende-o-mundo\/","title":{"rendered":"V\u00eddeo que mostra Papa Francisco transformando \u00e1gua em vinho surpreende o mundo"},"content":{"rendered":"\n<p>Um v\u00eddeo criado por intelig\u00eancia artificial (IA) est\u00e1 comovendo e dividindo internautas ao redor do mundo. Publicado no perfil @tonight.with.ai no TikTok, o conte\u00fado mostra o Papa Francisco voando sobre nuvens, encontrando Jesus Cristo e transformando \u00e1gua em vinho \u2014 uma refer\u00eancia direta ao primeiro milagre b\u00edblico nas Bodas de Can\u00e1. <\/p>\n\n\n\n<p>A produ\u00e7\u00e3o viralizou rapidamente nas redes e j\u00e1 ultrapassou 13 milh\u00f5es de visualiza\u00e7\u00f5es. <\/p>\n\n\n\n<h2 class=\"wp-block-heading\"><strong>Emo\u00e7\u00e3o, humor e controv\u00e9rsia<\/strong><\/h2>\n\n\n\n<p>Na montagem feita pela IA, o Papa Francisco aparece sorridente ao lado da figura de Jesus e de Maria, m\u00e3e de Cristo, em um cen\u00e1rio celestial. Em clima descontra\u00eddo, os dois l\u00edderes religiosos tiram uma selfie com um smartphone, enquanto a trilha sonora \u2014 Knockin\u2019 on Heaven\u2019s Door, de Bob Dylan \u2014 intensifica o tom emocional. <\/p>\n\n\n\n<hr class=\"wp-block-separator has-alpha-channel-opacity\" \/>\n\n\n\n<blockquote class=\"tiktok-embed\" cite=\"https:\/\/www.tiktok.com\/@tonight.with.ai\/video\/7496188703010852118\" data-video-id=\"7496188703010852118\" style=\"max-width: 605px;min-width: 325px\"> <section> <a target=\"_blank\" title=\"@tonight.with.ai\" href=\"https:\/\/www.tiktok.com\/@tonight.with.ai?refer=embed\" rel=\"noopener\">@tonight.with.ai<\/a> Jesus performs miracles In Heaven with Pope Francis  \ud83d\udc40 part 1  @twai  <a title=\"popefrancis\" target=\"_blank\" href=\"https:\/\/www.tiktok.com\/tag\/popefrancis?refer=embed\" rel=\"noopener\">#popefrancis<\/a> <a title=\"fyp\" target=\"_blank\" href=\"https:\/\/www.tiktok.com\/tag\/fyp?refer=embed\" rel=\"noopener\">#fyp<\/a> <a target=\"_blank\" title=\"\u266c Knockin&#039; on Heaven&#039;s Door - Bob Dylan\" href=\"https:\/\/www.tiktok.com\/music\/Knockinon-Heaven&#039;s-Door-6696416275473631234?refer=embed\" rel=\"noopener\">\u266c Knockin&#039; on Heaven&#039;s Door &#8211; Bob Dylan<\/a> <\/section> <\/blockquote> <script async src=\"https:\/\/www.tiktok.com\/embed.js\"><\/script>\n\n\n\n<p>Veja o v\u00eddeo que est\u00e1 viralizando com o Papa (V\u00eddeo: Reprodu\u00e7\u00e3o\/Tik Tok\/@tonight.with.ai)<\/p>\n\n\n\n<hr class=\"wp-block-separator has-alpha-channel-opacity\" \/>\n\n\n\n<p>A m\u00fasica, lan\u00e7ada em 1973, fala sobre passagem e despedida, conectando-se diretamente ao falecimento do pont\u00edfice, ocorrido na \u00faltima segunda-feira (21), v\u00edtima de AVC e insufici\u00eancia card\u00edaca.<\/p>\n\n\n\n<p>Nos coment\u00e1rios do v\u00eddeo, rea\u00e7\u00f5es variam entre como\u00e7\u00e3o e preocupa\u00e7\u00e3o. \u201cMe emocionei, deu um conforto para o meu cora\u00e7\u00e3o esse v\u00eddeo\u201d, escreveu um usu\u00e1rio. Outros, no entanto, alertaram para os riscos da desinforma\u00e7\u00e3o com o uso da intelig\u00eancia artificial em temas religiosos e sens\u00edveis.<\/p>\n\n\n\n<h2 class=\"wp-block-heading\"><strong>Debate sobre limites da tecnologia<\/strong><\/h2>\n\n\n\n<p>Francisco faleceu na \u00faltima segunda-feira, 21 de abril, aos 88 anos, encerrando um papado que revolucionou a imagem da Igreja Cat\u00f3lica. &#8220;Sua vida foi dedicada ao servi\u00e7o do Senhor e dos pobres&#8221;, declarou o cardeal Kevin Farrell, camerlengo do Vaticano.<\/p>\n\n\n\n<p>O v\u00eddeo circula no mesmo per\u00edodo em que o mundo se despede oficialmente do Papa. O vel\u00f3rio atraiu milhares de fi\u00e9is e l\u00edderes pol\u00edticos \u00e0 Bas\u00edlica de S\u00e3o Pedro, no Vaticano, e o funeral est\u00e1 marcado para s\u00e1bado. Enquanto isso, nas redes, o conte\u00fado se espalha como s\u00edmbolo de homenagem \u2014 mas tamb\u00e9m como alerta.<\/p>\n\n\n\n<p>A populariza\u00e7\u00e3o de montagens com figuras p\u00fablicas falecidas levanta um ponto delicado sobre onde a criatividade pode ir sem ultrapassar os limites do respeito e da veracidade.<\/p>\n","protected":false},"excerpt":{"rendered":"<p>Um v\u00eddeo criado por intelig\u00eancia artificial (IA) est\u00e1 comovendo e dividindo internautas ao redor do mundo. Publicado no perfil @tonight.with.ai no TikTok, o conte\u00fado mostra o Papa Francisco voando sobre nuvens, encontrando Jesus Cristo e transformando \u00e1gua em vinho \u2014 uma refer\u00eancia direta ao primeiro milagre b\u00edblico nas Bodas de Can\u00e1. A produ\u00e7\u00e3o viralizou rapidamente [&hellip;]<\/p>\n","protected":false},"author":9,"featured_media":5954,"comment_status":"closed","ping_status":"closed","sticky":false,"template":"","format":"standard","meta":{"jnews-multi-image_gallery":[],"jnews_single_post":{"format":"standard"},"jnews_primary_category":[],"jnews_social_meta":[],"jnews_override_counter":[],"jnews_post_split":[],"footnotes":""},"categories":[1],"tags":[],"class_list":["post-5953","post","type-post","status-publish","format-standard","has-post-thumbnail","hentry","category-geral"],"_referencia":"","_links":{"self":[{"href":"https:\/\/diariodocomercio.com.br\/mix\/wp-json\/wp\/v2\/posts\/5953","targetHints":{"allow":["GET"]}}],"collection":[{"href":"https:\/\/diariodocomercio.com.br\/mix\/wp-json\/wp\/v2\/posts"}],"about":[{"href":"https:\/\/diariodocomercio.com.br\/mix\/wp-json\/wp\/v2\/types\/post"}],"author":[{"embeddable":true,"href":"https:\/\/diariodocomercio.com.br\/mix\/wp-json\/wp\/v2\/users\/9"}],"replies":[{"embeddable":true,"href":"https:\/\/diariodocomercio.com.br\/mix\/wp-json\/wp\/v2\/comments?post=5953"}],"version-history":[{"count":1,"href":"https:\/\/diariodocomercio.com.br\/mix\/wp-json\/wp\/v2\/posts\/5953\/revisions"}],"predecessor-version":[{"id":5955,"href":"https:\/\/diariodocomercio.com.br\/mix\/wp-json\/wp\/v2\/posts\/5953\/revisions\/5955"}],"wp:featuredmedia":[{"embeddable":true,"href":"https:\/\/diariodocomercio.com.br\/mix\/wp-json\/wp\/v2\/media\/5954"}],"wp:attachment":[{"href":"https:\/\/diariodocomercio.com.br\/mix\/wp-json\/wp\/v2\/media?parent=5953"}],"wp:term":[{"taxonomy":"category","embeddable":true,"href":"https:\/\/diariodocomercio.com.br\/mix\/wp-json\/wp\/v2\/categories?post=5953"},{"taxonomy":"post_tag","embeddable":true,"href":"https:\/\/diariodocomercio.com.br\/mix\/wp-json\/wp\/v2\/tags?post=5953"}],"curies":[{"name":"wp","href":"https:\/\/api.w.org\/{rel}","templated":true}]}}