{"id":5961,"date":"2025-04-25T13:52:08","date_gmt":"2025-04-25T16:52:08","guid":{"rendered":"https:\/\/diariodocomercio.com.br\/mix\/?p=5961"},"modified":"2025-04-25T13:52:11","modified_gmt":"2025-04-25T16:52:11","slug":"idosos-de-66-68-e-70-anos-nao-terao-mais-que-pagar-conta-de-luz","status":"publish","type":"post","link":"https:\/\/diariodocomercio.com.br\/mix\/idosos-de-66-68-e-70-anos-nao-terao-mais-que-pagar-conta-de-luz\/","title":{"rendered":"Idosos de 66, 68 e 70 anos n\u00e3o ter\u00e3o mais que pagar conta de luz"},"content":{"rendered":"\n<p>Se voc\u00ea j\u00e1 tem inveja dos idosos porque eles podem se aposentar e andar de \u00f4nibus de gra\u00e7a, prepare-se para ficar com ainda mais inveja. Idosos acima de 65 anos v\u00e3o poder solicitar a isen\u00e7\u00e3o ou desconto na conta de luz. Mas calma que tamb\u00e9m n\u00e3o \u00e9 t\u00e3o f\u00e1cil assim.<\/p>\n\n\n\n<p>Essa isen\u00e7\u00e3o n\u00e3o \u00e9 simplesmente para pessoas idosas. Para se enquadrar no programa Tarifa Social, \u00e9 preciso se encaixar em uma s\u00e9rie de crit\u00e9rios socioecon\u00f4micos. Confira:<\/p>\n\n\n\n<ul class=\"wp-block-list\">\n<li>Idosos acima de 65 anos e pessoas com defici\u00eancia que receber o BPC &#8211; o Benef\u00edcio de Presta\u00e7\u00e3o Continuada;<\/li>\n\n\n\n<li>Estar inscrito no Cadastro \u00danico;<\/li>\n\n\n\n<li>Ser quilombola ou ind\u00edgena;<\/li>\n\n\n\n<li>Ter renda familiar de at\u00e9 meio sal\u00e1rio m\u00ednimo por pessoa; ou<\/li>\n\n\n\n<li>Possuir renda familiar de at\u00e9 3 sal\u00e1rios m\u00ednimos no m\u00eas, desde que a fam\u00edlia tenha um membro com alguma defici\u00eancia que dependa de aparelho ligado a energia el\u00e9trica.<\/li>\n<\/ul>\n\n\n\n<h2 class=\"wp-block-heading\">Confira os descontos do Tarifa Social:<\/h2>\n\n\n\n<ul class=\"wp-block-list\">\n<li>De 0 a 30 kWh: 65% de desconto;<\/li>\n\n\n\n<li>De 31 kWh a 100 kWh: 40% de desconto;<\/li>\n\n\n\n<li>De 101 kWh a 220 kWh: 10% de desconto;<\/li>\n\n\n\n<li>Acima de 221 kWh: sem desconto.<\/li>\n<\/ul>\n\n\n\n<p><strong>Para fam\u00edlias ind\u00edgenas e quilombolas<\/strong><\/p>\n\n\n\n<ul class=\"wp-block-list\">\n<li>De 0 a 50 kWh: 100% de desconto;<\/li>\n\n\n\n<li>De 51 kWh a 100 kWh: 40% de desconto;<\/li>\n\n\n\n<li>De 101 kWh a 220 kWh: 10% de desconto;<\/li>\n\n\n\n<li>Acima de 221 kWh: sem desconto.<\/li>\n<\/ul>\n\n\n\n<h2 class=\"wp-block-heading\">Como conseguir desconto na conta de luz atrav\u00e9s do Tarifa Social?<\/h2>\n\n\n\n<p>Para fam\u00edlias participantes do Cadastro \u00danico que se encaixam nos crit\u00e9rios exigidos, o desconto \u00e9 concedido automaticamente. Se voc\u00ea ainda n\u00e3o se inscreveu no Cad\u00danico, precisa ir at\u00e9 o CRAS &#8211; Centro de Refer\u00eancia em Assist\u00eancia Social &#8211; mais pr\u00f3ximo, realizar a inscri\u00e7\u00e3o e fazer o pedido do desconto da Tarifa Social.<\/p>\n\n\n\n<style>@media (min-width: 992px) {\n    .recomendadorV2Area1 {\n        width: 280px;\n    }\n    .recomendadorV2Area2 {\n        padding: 0px 20px;\n        width: calc(100% - 280px);\n    }\n}\n\n@media (max-width: 992px) {\n    .recomendadorV2Button {\n        margin: 0 auto;\n    }\n    .recomendadorV2Area {\n        flex-direction: column;\n        text-align: center;\n    }\n    .recomendadorV2Area2 {\n        padding: 0px 20px;\n    }\n}\n\n.recomendadorV2Area {\n    background: #eeeeee3d;\n    border-radius: 10px;\n    padding: 15px;\n    display: flex;\n    margin: 15px auto;\n    border: 1px solid #00000014;\n    max-width: 800px;\n}\n\n.recomendadorV2Area1 img {\n    width: 280px;\n    height: auto;\n    border-radius: 8px;\n}\n\n.linkrecomendadorv2 {\n    text-decoration: none !important;\n}\n\n.recomendadorV2Area2 .recomendadorV2Type {\n    text-transform: uppercase;\n    font-weight: 500;\n    font-size: 11px;\n    letter-spacing: 2px;\n    color: #666;\n    margin: 12px 0;\n    display: block;\n}\n\n.recomendadorV2Title h2 {\n    padding-top: 0px !important;\n    margin: 0px !important;\n    border-left: none !important;\n    padding-left: 0px !important;\n    line-height: 1.3;\n    color: #000 !important;\n    font-size: 24px;\n    margin-bottom: 12px !important;\n}\n\n.recomendadorV2Desc {\n    color: #333;\n    margin: 12px 0px !important;\n    font-size: 15px;\n    line-height: 1.5;\n}\n\n.recomendadorV2Button {\n    width: auto;\n    max-width: 200px;\n    margin: 0;\n    display: inline-flex;\n    align-items: center;\n    background: #1D3557;\n    border-radius: 8px;\n    color: #fff;\n    height: 36px;\n    justify-content: center;\n    text-align: center;\n    font-size: 14px;\n    padding: 0 20px;\n    transition: background-color 0.2s ease;\n}\n\n.recomendadorV2Button:hover {\n    background: #2a4d7a;\n}\n\n.recomendadorV2Button:after {\n    margin-top: -2px;\n    content: \"\u2192\";\n    padding: 0px 0px 0px 8px;\n}\n\n.recomendadorV2Alert {\n    text-align: left;\n    font-size: 11px;\n    margin-top: 8px;\n    color: #666;\n}\n\n.recomendadorFixedArea {\n    width: 100%;\n    display: flex;\n    justify-content: center;\n    align-items: center;\n}\n\n@media (min-width: 992px) {\n    #recomendadorFixed {\n        width: 32% !important;\n        left: 5%;\n    }\n    .recomendadorCloseFixed{\n        right: inherit !important;\n        left: 378px !important;\n    }\n}\n\n#recomendadorFixed {\n    width: 90%;\n    box-shadow: 0 10px 20px 0px #00000057;\n    display: none;\n    height: 90px;\n    background: #F6F6F6;\n    position: fixed;\n    flex-direction: row;\n    bottom: 10px;\n    z-index: 9999;\n    border-radius: 16px;\n    padding: 7px 10px;\n}\n\n.recomendadorLeftArea {\n    width: 160px;\n}\n\n.recomendadorRightArea h2 {\n    padding-top: 0px;\n    margin: 2px 0px 4px 0px !important;\n    font-weight: 400;\n    text-align: center;\n    padding-left: 0px !important;\n    color: #000 !important;\n    border-left: none !important;\n    line-height: 20px;\n    font-size: 12px !important;\n}\n\n.recomendadorImgFixed {\n    overflow: hidden;\n    padding: 8px 6px;\n    height: 100%;\n}\n\n.recomendadorImgFixed img {\n    height: 100% !important;\n    border-radius: 16px;\n}\n\n.recomendadorRightArea {\n    padding-top: 6px;\n    display: flex;\n    width: calc(100% - 130px);\n    justify-content: space-between;\n    align-items: center;\n    flex-direction: column;\n}\n\n.recomendadorButtonFixed {\n    margin: 0 auto;\n    background: #1D3557;\n    width: 80%;\n    text-align: center;\n    font-size: 10px;\n    color: #FFF;\n    padding: 2px 10px;\n    border-radius: 3px;\n}\n\n.recomendadorButtonFixed:after {\n    margin-top: -3px;\n    content: \"\u2192\";\n    padding: 0px 0px 0px 10px;\n}\n\n.recomendadorAlertFixed {\n    font-weight: 400;\n    text-align: center;\n    color: #484848;\n    font-size: 8px;\n}\n\n.recomendadorCloseFixed {\n    z-index: 99999;\n    display: none;\n    right: 0px;\n    left: inherit;\n    bottom: 99px;\n    position: fixed;\n    justify-content: center;\n    background: #F6F6F6;\n    width: 25px;\n    align-items: center;\n    height: 25px;\n    font-weight: 800;\n    border-radius: 50%;\n    border: 1px solid #EBEBEB;\n}\n\n.recomendadorV2Desc{\n    color: #000000;\n    margin: 20px 0px;\n}\n\n@media (max-width: 576px) {\n    .recomendadorV2Area {\n      padding: 10px;\n      max-width: 100%;\n    }\n  \n    .recomendadorV2Area1 img {\n      width: 100%;\n      border-radius: 6px;\n    }\n  \n    .recomendadorV2Area2 .recomendadorV2Type {\n      font-size: 9px;\n      letter-spacing: 1px;\n      margin: 8px 0;\n    }\n  \n    .recomendadorV2Title h2 {\n      font-size: 18px !important;\n      margin-bottom: 8px !important;\n      line-height: 1.2;\n    }\n  \n    .recomendadorV2Desc {\n      font-size: 14px;\n      margin: 8px 0 !important;\n      line-height: 1.4;\n    }\n  \n    .recomendadorV2Button {\n      font-size: 14px;\n      height: 40px;\n      padding: 0 12px;\n      max-width: 100%;\n      width: 100%;\n    }\n  \n    .recomendadorV2Button:after {\n      padding-left: 6px;\n    }\n  }\n  <\/style>\n        <div class=\"lazyblock-recomendador-v2-2jDGz wp-block-lazyblock-recomendador-v2\">\n        <a class=\"linkrecomendadorv2\" href=\"https:\/\/diariodocomercio.com.br\/mix\/governo-decide-trocar-o-vale-alimentacao-por-outro-beneficio\/\">\n            <div class=\"recomendadorV2Area\">\n            <div class=\"recomendadorV2Area1\">\n                <div class=\"recomendadorV2Img\">\n                <img class=\"lazyloaded\" decoding=\"async\" src=\"https:\/\/diariodocomercio.com.br\/mix\/wp-content\/uploads\/2025\/04\/vale-alimentacao-substituido-por-pix.jpg\" data-src=\"https:\/\/diariodocomercio.com.br\/mix\/wp-content\/uploads\/2025\/04\/vale-alimentacao-substituido-por-pix.jpg\" alt=\"\">\n                <\/div>\n            <\/div>\n            <div class=\"recomendadorV2Area2\">\n                <div class=\"recomendadorV2Type\">\n                    <span>GOVERNO<\/span>\n                <\/div>\n                <div class=\"recomendadorV2Title\">\n                <h2><span>Governo decide trocar o vale-alimenta\u00e7\u00e3o por outro benef\u00edcio<\/span><\/h2>\n                <\/div>\n                <div class=\"recomendadorV2Desc\">\n                <span>O governo federal est\u00e1 estudando uma mudan\u00e7a significativa no Programa de Alimenta\u00e7\u00e3o do Trabalhador (PAT): a substitui\u00e7\u00e3o do atual modelo \u2026<\/span>\n                <\/div>\n                <div class=\"recomendadorV2Button\">Leia mais<\/div>\n                <div class=\"recomendadorV2Alert\"><\/div>\n            <\/div>\n            <\/div>\n        <\/a>\n        <div>\n            <div style=\"z-index:99999;\" id=\"buttonClose\" onclick=\"closeRecomendadorFixed()\">\n            <div class=\"recomendadorCloseFixed\">X<\/div>\n            <\/div>\n            <a href=\"https:\/\/diariodocomercio.com.br\/mix\/governo-decide-trocar-o-vale-alimentacao-por-outro-beneficio\/\">\n            <div class=\"recomendadorFixedArea\">\n                <div id=\"recomendadorFixed\">\n                <div class=\"recomendadorLeftArea\">\n                    <div class=\"recomendadorImgFixed\">\n                    <img class=\"lazyload\" decoding=\"async\" src=\"https:\/\/diariodocomercio.com.br\/mix\/wp-content\/uploads\/2025\/04\/vale-alimentacao-substituido-por-pix.jpg\" alt=\"\">\n                    <\/div>\n                <\/div>\n                <div class=\"recomendadorRightArea\">\n                    <div class=\"recomendadorTitleFixed\">\n                    <h2><span>Governo decide trocar o vale-alimenta\u00e7\u00e3o por outro benef\u00edcio<\/span><\/h2>\n                    <\/div>\n                    <div class=\"recomendadorButtonFixed\">Leia mais<\/div>\n                    <div class=\"recomendadorAlertFixed\"><\/div>\n                <\/div>\n                <\/div>\n            <\/div>\n            <\/a>\n        <\/div>\n        <\/div>\n\n\n\n<p><\/p>\n","protected":false},"excerpt":{"rendered":"<p>Idosos com mais 65 anos podem solicitar isen\u00e7\u00e3o ou desconto na conta de luz atrav\u00e9s da Tarifa Social. Entenda os crit\u00e9rios para participar.<\/p>\n","protected":false},"author":6,"featured_media":4251,"comment_status":"closed","ping_status":"closed","sticky":false,"template":"","format":"standard","meta":{"jnews-multi-image_gallery":[],"jnews_single_post":{"format":"standard"},"jnews_primary_category":[],"jnews_social_meta":[],"jnews_override_counter":[],"jnews_post_split":[],"footnotes":""},"categories":[1],"tags":[],"class_list":["post-5961","post","type-post","status-publish","format-standard","has-post-thumbnail","hentry","category-geral"],"_referencia":"","_links":{"self":[{"href":"https:\/\/diariodocomercio.com.br\/mix\/wp-json\/wp\/v2\/posts\/5961","targetHints":{"allow":["GET"]}}],"collection":[{"href":"https:\/\/diariodocomercio.com.br\/mix\/wp-json\/wp\/v2\/posts"}],"about":[{"href":"https:\/\/diariodocomercio.com.br\/mix\/wp-json\/wp\/v2\/types\/post"}],"author":[{"embeddable":true,"href":"https:\/\/diariodocomercio.com.br\/mix\/wp-json\/wp\/v2\/users\/6"}],"replies":[{"embeddable":true,"href":"https:\/\/diariodocomercio.com.br\/mix\/wp-json\/wp\/v2\/comments?post=5961"}],"version-history":[{"count":1,"href":"https:\/\/diariodocomercio.com.br\/mix\/wp-json\/wp\/v2\/posts\/5961\/revisions"}],"predecessor-version":[{"id":5971,"href":"https:\/\/diariodocomercio.com.br\/mix\/wp-json\/wp\/v2\/posts\/5961\/revisions\/5971"}],"wp:featuredmedia":[{"embeddable":true,"href":"https:\/\/diariodocomercio.com.br\/mix\/wp-json\/wp\/v2\/media\/4251"}],"wp:attachment":[{"href":"https:\/\/diariodocomercio.com.br\/mix\/wp-json\/wp\/v2\/media?parent=5961"}],"wp:term":[{"taxonomy":"category","embeddable":true,"href":"https:\/\/diariodocomercio.com.br\/mix\/wp-json\/wp\/v2\/categories?post=5961"},{"taxonomy":"post_tag","embeddable":true,"href":"https:\/\/diariodocomercio.com.br\/mix\/wp-json\/wp\/v2\/tags?post=5961"}],"curies":[{"name":"wp","href":"https:\/\/api.w.org\/{rel}","templated":true}]}}