{"id":6051,"date":"2025-04-28T09:46:48","date_gmt":"2025-04-28T12:46:48","guid":{"rendered":"https:\/\/diariodocomercio.com.br\/mix\/?p=6051"},"modified":"2025-04-28T09:46:50","modified_gmt":"2025-04-28T12:46:50","slug":"conheca-todos-os-135-concorrentes-para-se-tornar-o-novo-papa","status":"publish","type":"post","link":"https:\/\/diariodocomercio.com.br\/mix\/conheca-todos-os-135-concorrentes-para-se-tornar-o-novo-papa\/","title":{"rendered":"Conhe\u00e7a todos os 135 concorrentes para se tornar o novo Papa"},"content":{"rendered":"\n<p>Com a morte do Papa Francisco na \u00faltima semana, a Igreja Cat\u00f3lica se prepara para um novo cap\u00edtulo em sua hist\u00f3ria. O conclave que escolher\u00e1 o pr\u00f3ximo pont\u00edfice deve come\u00e7ar entre os dias 6 e 11 de maio, seguindo as regras do Vaticano que determinam a realiza\u00e7\u00e3o da elei\u00e7\u00e3o entre 15 e 20 dias ap\u00f3s o falecimento de um papa.<\/p>\n\n\n\n<p>No total, 135 cardeais est\u00e3o aptos a votar e tamb\u00e9m a serem escolhidos para ocupar o trono de S\u00e3o Pedro, entre eles sete brasileiros.<\/p>\n\n\n\n<h2 class=\"wp-block-heading\"><strong>Como ser\u00e1 o processo de escolha<\/strong><\/h2>\n\n\n\n<p>O conclave acontecer\u00e1 dentro da Capela Sistina, no Vaticano, em um ambiente de absoluto sigilo. Apenas cardeais com menos de 80 anos podem participar como eleitores. Embora haja 252 cardeais no total, apenas os que est\u00e3o abaixo desse limite et\u00e1rio poder\u00e3o votar, segundo as regras estabelecidas.<\/p>\n\n\n\n<p>A tradi\u00e7\u00e3o manda que os cardeais fa\u00e7am um juramento de segredo antes de serem enclausurados na chamada \u201czona de Conclave\u201d. Durante o processo, eles ficam completamente isolados do mundo exterior, sem acesso a telefones, televis\u00e3o ou internet.<\/p>\n\n\n\n<p>As vota\u00e7\u00f5es s\u00e3o realizadas em sess\u00f5es pela manh\u00e3 e \u00e0 tarde, com at\u00e9 quatro rodadas de vota\u00e7\u00e3o por dia. Para que um novo papa seja eleito, \u00e9 necess\u00e1rio conquistar dois ter\u00e7os dos votos. <\/p>\n\n\n\n<p>Caso n\u00e3o haja consenso at\u00e9 o terceiro dia, uma pausa para ora\u00e7\u00f5es \u00e9 realizada, e se ainda assim o impasse persistir, outras medidas s\u00e3o tomadas \u2014 como a realiza\u00e7\u00e3o de um \u201csegundo turno\u201d entre os dois cardeais mais votados, ap\u00f3s 34 escrut\u00ednios.<\/p>\n\n\n\n<h2 class=\"wp-block-heading\"><strong>O cen\u00e1rio atual: brasileiros na disputa<\/strong><\/h2>\n\n\n\n<p>Entre os 135 eleitores, sete s\u00e3o brasileiros. Dom Paulo Cezar Costa, atual cardeal-arcebispo de Bras\u00edlia, \u00e9 um dos nomes que representa o Brasil no conclave. Outros tr\u00eas representantes nasceram em cidades de Santa Catarina: Gaspar, Forquilhinha e Mafra.<\/p>\n\n\n<div class=\"wp-block-image\">\n<figure class=\"aligncenter size-large is-resized\"><img decoding=\"async\" width=\"1200\" height=\"600\" src=\"https:\/\/diariodocomercio.com.br\/mix\/wp-content\/uploads\/2025\/04\/cardeais-brasileiros-1200x600.jpg\" alt=\"\" class=\"wp-image-6052\" style=\"width:654px;height:auto\" srcset=\"https:\/\/diariodocomercio.com.br\/mix\/wp-content\/uploads\/2025\/04\/cardeais-brasileiros-1200x600.jpg 1200w, https:\/\/diariodocomercio.com.br\/mix\/wp-content\/uploads\/2025\/04\/cardeais-brasileiros-300x150.jpg 300w, https:\/\/diariodocomercio.com.br\/mix\/wp-content\/uploads\/2025\/04\/cardeais-brasileiros-768x384.jpg 768w, https:\/\/diariodocomercio.com.br\/mix\/wp-content\/uploads\/2025\/04\/cardeais-brasileiros-1536x768.jpg 1536w, https:\/\/diariodocomercio.com.br\/mix\/wp-content\/uploads\/2025\/04\/cardeais-brasileiros-150x75.jpg 150w, https:\/\/diariodocomercio.com.br\/mix\/wp-content\/uploads\/2025\/04\/cardeais-brasileiros-360x180.jpg 360w, https:\/\/diariodocomercio.com.br\/mix\/wp-content\/uploads\/2025\/04\/cardeais-brasileiros-750x375.jpg 750w, https:\/\/diariodocomercio.com.br\/mix\/wp-content\/uploads\/2025\/04\/cardeais-brasileiros-1140x570.jpg 1140w, https:\/\/diariodocomercio.com.br\/mix\/wp-content\/uploads\/2025\/04\/cardeais-brasileiros.jpg 1600w\" sizes=\"(max-width: 1200px) 100vw, 1200px\" \/><figcaption class=\"wp-element-caption\">Cardeais brasileiros antes da cerim\u00f4nia de sepultamento de Papa Francisco (Foto: Reprodu\u00e7\u00e3o\/Instagram\/Dom Orani Jo\u00e3o Tempesta)<\/figcaption><\/figure>\n<\/div>\n\n\n<p>O cardeal Raymundo Damasceno, apesar de j\u00e1 estar em Roma e ser eleg\u00edvel para ser escolhido papa, n\u00e3o poder\u00e1 votar devido \u00e0 idade \u2014 ele tem 88 anos.<\/p>\n\n\n\n<h2 class=\"wp-block-heading\"><strong>O que esperar do novo conclave<\/strong><\/h2>\n\n\n\n<p>A expectativa \u00e9 de que o novo papa reflita os desafios atuais da Igreja e dialogue com as transforma\u00e7\u00f5es da sociedade moderna. Assim como ocorreu em 2013, quando o argentino Jorge Mario Bergoglio foi escolhido e se tornou o Papa Francisco em apenas 28 horas de conclave, existe a possibilidade de uma elei\u00e7\u00e3o r\u00e1pida, mas tamb\u00e9m pode haver demora caso n\u00e3o se alcance consenso nos primeiros dias.<\/p>\n\n\n\n<p>A Igreja Cat\u00f3lica, com seus cerca de 1,4 bilh\u00e3o de fi\u00e9is no mundo todo, volta seus olhos para o Vaticano. Nos pr\u00f3ximos dias, o futuro espiritual da institui\u00e7\u00e3o ser\u00e1 moldado por 135 homens, em um processo que combina tradi\u00e7\u00e3o, f\u00e9 e decis\u00f5es que podem impactar gera\u00e7\u00f5es.<\/p>\n","protected":false},"excerpt":{"rendered":"<p>Com a morte do Papa Francisco na \u00faltima semana, a Igreja Cat\u00f3lica se prepara para um novo cap\u00edtulo em sua hist\u00f3ria. O conclave que escolher\u00e1 o pr\u00f3ximo pont\u00edfice deve come\u00e7ar entre os dias 6 e 11 de maio, seguindo as regras do Vaticano que determinam a realiza\u00e7\u00e3o da elei\u00e7\u00e3o entre 15 e 20 dias ap\u00f3s [&hellip;]<\/p>\n","protected":false},"author":9,"featured_media":6053,"comment_status":"closed","ping_status":"closed","sticky":false,"template":"","format":"standard","meta":{"jnews-multi-image_gallery":[],"jnews_single_post":{"format":"standard"},"jnews_primary_category":[],"jnews_social_meta":[],"jnews_override_counter":[],"jnews_post_split":[],"footnotes":""},"categories":[1],"tags":[],"class_list":["post-6051","post","type-post","status-publish","format-standard","has-post-thumbnail","hentry","category-geral"],"_referencia":"","_links":{"self":[{"href":"https:\/\/diariodocomercio.com.br\/mix\/wp-json\/wp\/v2\/posts\/6051","targetHints":{"allow":["GET"]}}],"collection":[{"href":"https:\/\/diariodocomercio.com.br\/mix\/wp-json\/wp\/v2\/posts"}],"about":[{"href":"https:\/\/diariodocomercio.com.br\/mix\/wp-json\/wp\/v2\/types\/post"}],"author":[{"embeddable":true,"href":"https:\/\/diariodocomercio.com.br\/mix\/wp-json\/wp\/v2\/users\/9"}],"replies":[{"embeddable":true,"href":"https:\/\/diariodocomercio.com.br\/mix\/wp-json\/wp\/v2\/comments?post=6051"}],"version-history":[{"count":1,"href":"https:\/\/diariodocomercio.com.br\/mix\/wp-json\/wp\/v2\/posts\/6051\/revisions"}],"predecessor-version":[{"id":6054,"href":"https:\/\/diariodocomercio.com.br\/mix\/wp-json\/wp\/v2\/posts\/6051\/revisions\/6054"}],"wp:featuredmedia":[{"embeddable":true,"href":"https:\/\/diariodocomercio.com.br\/mix\/wp-json\/wp\/v2\/media\/6053"}],"wp:attachment":[{"href":"https:\/\/diariodocomercio.com.br\/mix\/wp-json\/wp\/v2\/media?parent=6051"}],"wp:term":[{"taxonomy":"category","embeddable":true,"href":"https:\/\/diariodocomercio.com.br\/mix\/wp-json\/wp\/v2\/categories?post=6051"},{"taxonomy":"post_tag","embeddable":true,"href":"https:\/\/diariodocomercio.com.br\/mix\/wp-json\/wp\/v2\/tags?post=6051"}],"curies":[{"name":"wp","href":"https:\/\/api.w.org\/{rel}","templated":true}]}}