{"id":6073,"date":"2025-04-28T12:08:35","date_gmt":"2025-04-28T15:08:35","guid":{"rendered":"https:\/\/diariodocomercio.com.br\/mix\/?p=6073"},"modified":"2025-04-28T12:08:37","modified_gmt":"2025-04-28T15:08:37","slug":"suspensao-da-cnh-e-multa-alta-detran-aprova-nova-lei-de-transito","status":"publish","type":"post","link":"https:\/\/diariodocomercio.com.br\/mix\/suspensao-da-cnh-e-multa-alta-detran-aprova-nova-lei-de-transito\/","title":{"rendered":"Suspens\u00e3o da CNH e multa alta: Detran aprova nova lei de tr\u00e2nsito"},"content":{"rendered":"\n<p>A Comiss\u00e3o de Via\u00e7\u00e3o e Transportes (CVT) da C\u00e2mara dos Deputados aprovou, na \u00faltima quarta-feira (23), um projeto de lei (PL) que endurece as puni\u00e7\u00f5es para os motoristas envolvidos no abandono de animais. De acordo com o texto do projeto, utilizar um ve\u00edculo para abandonar ou auxiliar o abandono de animais ser\u00e1 considerado infra\u00e7\u00e3o grav\u00edssima, resultando na suspens\u00e3o da Carteira Nacional de Habilita\u00e7\u00e3o (CNH) no m\u00ednimo por 12 meses.<\/p>\n\n\n\n<p>Se o abandono envolver c\u00e3es ou gatos, a suspens\u00e3o poder\u00e1 ser estendida para at\u00e9 18 meses. Al\u00e9m da suspens\u00e3o da carteira, a medida prev\u00ea multa pesada para os infratores.<\/p>\n\n\n<div class=\"wp-block-image\">\n<figure class=\"aligncenter size-full is-resized\"><img decoding=\"async\" width=\"690\" height=\"983\" src=\"https:\/\/diariodocomercio.com.br\/mix\/wp-content\/uploads\/2025\/04\/desktop.jpg\" alt=\"\" class=\"wp-image-6074\" style=\"width:412px;height:auto\" srcset=\"https:\/\/diariodocomercio.com.br\/mix\/wp-content\/uploads\/2025\/04\/desktop.jpg 690w, https:\/\/diariodocomercio.com.br\/mix\/wp-content\/uploads\/2025\/04\/desktop-211x300.jpg 211w, https:\/\/diariodocomercio.com.br\/mix\/wp-content\/uploads\/2025\/04\/desktop-150x214.jpg 150w\" sizes=\"(max-width: 690px) 100vw, 690px\" \/><figcaption class=\"wp-element-caption\">Cartaz sobre abandono de animais (Reprodu\u00e7\u00e3o\/Ag\u00eancia C\u00e2mara)<\/figcaption><\/figure>\n<\/div>\n\n\n<h2 class=\"wp-block-heading\"><strong>Mudan\u00e7as no C\u00f3digo de Tr\u00e2nsito<\/strong><\/h2>\n\n\n\n<p>O projeto que est\u00e1 tramitando altera o artigo 263 do C\u00f3digo de Tr\u00e2nsito Brasileiro. A proposta aprovada foi um substitutivo do deputado Ricardo Ayres (Republicanos-TO) ao Projeto de Lei 25\/24, que est\u00e1 passando por outras comiss\u00f5es junto com outras tr\u00eas proposi\u00e7\u00f5es (PLs 236\/24, 951\/24 e 257\/24). <\/p>\n\n\n\n<p>A iniciativa do PL \u00e9 de autoria dos deputados Delegado Matheus Laiola (Uni\u00e3o-PR), Marcelo Queiroz (PP-RJ), Delegado Bruno Lima (PP-SP), Silvye Alves (Uni\u00e3o-GO) e C\u00e9lio Studart (PSD-CE).<\/p>\n\n\n\n<p>O relator do projeto, Ricardo Ayres, defendeu que o abandono de animais \u00e9 facilitado pelo uso de autom\u00f3veis e por isso deve ser combatido com mais rigor, e destacou tamb\u00e9m que excluir os infratores do tr\u00e2nsito pode ajudar a evitar reincid\u00eancias da infra\u00e7\u00e3o.<\/p>\n\n\n\n<h2 class=\"wp-block-heading\"><strong>Pr\u00f3ximos passos<\/strong><\/h2>\n\n\n\n<p>O projeto, que j\u00e1 passou pela Comiss\u00e3o de Meio Ambiente e Desenvolvimento Sustent\u00e1vel, agora segue para an\u00e1lise na Comiss\u00e3o de Constitui\u00e7\u00e3o e Justi\u00e7a e de Cidadania (CCJ). Ap\u00f3s essa etapa na comiss\u00e3o, ser\u00e1 votado no Plen\u00e1rio da C\u00e2mara e, posteriormente, enviado ao Senado.<\/p>\n\n\n\n<p>Caso aprovado em definitivo, o projeto representar\u00e1 uma mudan\u00e7a significativa no combate \u00e0 crueldade contra animais, estabelecendo penas mais severas para os respons\u00e1veis. A expectativa dos parlamentares \u00e9 que a nova lei funcione como um instrumento de conscientiza\u00e7\u00e3o e tamb\u00e9m de repress\u00e3o, desestimulando pr\u00e1ticas de abandono que, al\u00e9m de cru\u00e9is, causam s\u00e9rios impactos \u00e0 sa\u00fade p\u00fablica e ao meio ambiente.<\/p>\n","protected":false},"excerpt":{"rendered":"<p>A Comiss\u00e3o de Via\u00e7\u00e3o e Transportes (CVT) da C\u00e2mara dos Deputados aprovou, na \u00faltima quarta-feira (23), um projeto de lei (PL) que endurece as puni\u00e7\u00f5es para os motoristas envolvidos no abandono de animais. De acordo com o texto do projeto, utilizar um ve\u00edculo para abandonar ou auxiliar o abandono de animais ser\u00e1 considerado infra\u00e7\u00e3o grav\u00edssima, [&hellip;]<\/p>\n","protected":false},"author":9,"featured_media":6075,"comment_status":"closed","ping_status":"closed","sticky":false,"template":"","format":"standard","meta":{"jnews-multi-image_gallery":[],"jnews_single_post":{"format":"standard"},"jnews_primary_category":[],"jnews_social_meta":[],"jnews_override_counter":[],"jnews_post_split":[],"footnotes":""},"categories":[1],"tags":[],"class_list":["post-6073","post","type-post","status-publish","format-standard","has-post-thumbnail","hentry","category-geral"],"_referencia":"","_links":{"self":[{"href":"https:\/\/diariodocomercio.com.br\/mix\/wp-json\/wp\/v2\/posts\/6073","targetHints":{"allow":["GET"]}}],"collection":[{"href":"https:\/\/diariodocomercio.com.br\/mix\/wp-json\/wp\/v2\/posts"}],"about":[{"href":"https:\/\/diariodocomercio.com.br\/mix\/wp-json\/wp\/v2\/types\/post"}],"author":[{"embeddable":true,"href":"https:\/\/diariodocomercio.com.br\/mix\/wp-json\/wp\/v2\/users\/9"}],"replies":[{"embeddable":true,"href":"https:\/\/diariodocomercio.com.br\/mix\/wp-json\/wp\/v2\/comments?post=6073"}],"version-history":[{"count":1,"href":"https:\/\/diariodocomercio.com.br\/mix\/wp-json\/wp\/v2\/posts\/6073\/revisions"}],"predecessor-version":[{"id":6076,"href":"https:\/\/diariodocomercio.com.br\/mix\/wp-json\/wp\/v2\/posts\/6073\/revisions\/6076"}],"wp:featuredmedia":[{"embeddable":true,"href":"https:\/\/diariodocomercio.com.br\/mix\/wp-json\/wp\/v2\/media\/6075"}],"wp:attachment":[{"href":"https:\/\/diariodocomercio.com.br\/mix\/wp-json\/wp\/v2\/media?parent=6073"}],"wp:term":[{"taxonomy":"category","embeddable":true,"href":"https:\/\/diariodocomercio.com.br\/mix\/wp-json\/wp\/v2\/categories?post=6073"},{"taxonomy":"post_tag","embeddable":true,"href":"https:\/\/diariodocomercio.com.br\/mix\/wp-json\/wp\/v2\/tags?post=6073"}],"curies":[{"name":"wp","href":"https:\/\/api.w.org\/{rel}","templated":true}]}}