{"id":6087,"date":"2025-04-28T13:44:26","date_gmt":"2025-04-28T16:44:26","guid":{"rendered":"https:\/\/diariodocomercio.com.br\/mix\/?p=6087"},"modified":"2025-04-28T13:44:28","modified_gmt":"2025-04-28T16:44:28","slug":"pena-de-ate-2-anos-primeira-lei-sobre-o-uso-de-inteligencia-artificial-foi-aprovada","status":"publish","type":"post","link":"https:\/\/diariodocomercio.com.br\/mix\/pena-de-ate-2-anos-primeira-lei-sobre-o-uso-de-inteligencia-artificial-foi-aprovada\/","title":{"rendered":"Pena de at\u00e9 2 anos: Primeira lei sobre o uso de Intelig\u00eancia Artificial foi aprovada"},"content":{"rendered":"\n<p>O Brasil acaba de dar um passo in\u00e9dito na regulamenta\u00e7\u00e3o do uso de Intelig\u00eancia Artificial em crimes contra a mulher. Foi sancionada a Lei 15.123\/25, que agrava a pena para casos de viol\u00eancia psicol\u00f3gica cometidos com o uso de tecnologias que alterem a imagem ou a voz da v\u00edtima, como os deepfakes. A nova legisla\u00e7\u00e3o, assinada pelo presidente Luiz In\u00e1cio Lula da Silva, foi publicada no Di\u00e1rio Oficial da Uni\u00e3o na \u00faltima sexta-feira (25).<\/p>\n\n\n\n<p>A partir de agora, a pena de reclus\u00e3o de seis meses a dois anos, j\u00e1 prevista para o crime de viol\u00eancia psicol\u00f3gica, poder\u00e1 ser aumentada em at\u00e9 metade se for comprovado o uso de IA ou de qualquer recurso tecnol\u00f3gico para a pr\u00e1tica do delito. O projeto \u00e9 de autoria da deputada Jandira Feghali (PCdoB-RJ) e foi aprovado em mar\u00e7o pelo Senado, com relatoria da senadora Daniella Ribeiro (PSD-PB).<\/p>\n\n\n\n<p>Segundo Jandira Feghali, a proposta \u00e9 uma resposta urgente \u00e0 crescente utiliza\u00e7\u00e3o de tecnologias para a produ\u00e7\u00e3o de deepfakes \u2014 v\u00eddeos, \u00e1udios ou imagens falsificados que simulam situa\u00e7\u00f5es \u00edntimas para humilhar, constranger ou chantagear mulheres e meninas. <\/p>\n\n\n\n<p>&#8220;A intelig\u00eancia artificial consegue colocar voz, rosto e corpos de meninas, adolescentes e mulheres em conte\u00fados simulados com extrema precis\u00e3o, afetando a reputa\u00e7\u00e3o, a dignidade e a sa\u00fade psicol\u00f3gica das v\u00edtimas&#8221;, afirmou a parlamentar.<\/p>\n\n\n<div class=\"wp-block-image\">\n<figure class=\"aligncenter size-full\"><img decoding=\"async\" width=\"768\" height=\"473\" src=\"https:\/\/diariodocomercio.com.br\/mix\/wp-content\/uploads\/2025\/04\/img20250423165537180-768x473-1.jpg\" alt=\"\" class=\"wp-image-6089\" srcset=\"https:\/\/diariodocomercio.com.br\/mix\/wp-content\/uploads\/2025\/04\/img20250423165537180-768x473-1.jpg 768w, https:\/\/diariodocomercio.com.br\/mix\/wp-content\/uploads\/2025\/04\/img20250423165537180-768x473-1-300x185.jpg 300w, https:\/\/diariodocomercio.com.br\/mix\/wp-content\/uploads\/2025\/04\/img20250423165537180-768x473-1-150x92.jpg 150w, https:\/\/diariodocomercio.com.br\/mix\/wp-content\/uploads\/2025\/04\/img20250423165537180-768x473-1-750x462.jpg 750w\" sizes=\"(max-width: 768px) 100vw, 768px\" \/><figcaption class=\"wp-element-caption\">Jandira Feghali, autora da proposta da Lei (Foto: Reprodu\u00e7\u00e3o\/Bruno Spada\/C\u00e2mara dos Deputados)<\/figcaption><\/figure>\n<\/div>\n\n\n<h2 class=\"wp-block-heading\"><strong>Viol\u00eancia psicol\u00f3gica e o impacto da tecnologia<\/strong><\/h2>\n\n\n\n<p>De acordo com o C\u00f3digo Penal, a viol\u00eancia psicol\u00f3gica contra a mulher se caracteriza por causar dano emocional que prejudique o pleno desenvolvimento, a autonomia e o bem-estar da v\u00edtima, podendo ocorrer por meio de amea\u00e7as, manipula\u00e7\u00e3o, humilha\u00e7\u00e3o, chantagem, entre outros meios.<\/p>\n\n\n\n<p>O uso de deepfakes tem ampliado o alcance desse tipo de agress\u00e3o, ao disseminar conte\u00fados falsos que visam degradar a imagem p\u00fablica das v\u00edtimas. Muitas vezes, essas pr\u00e1ticas envolvem pornografia falsa e s\u00e3o utilizadas como ferramenta de controle e intimida\u00e7\u00e3o.<\/p>\n\n\n\n<h2 class=\"wp-block-heading\"><strong>N\u00fameros alarmantes<\/strong><\/h2>\n\n\n\n<p>O relat\u00f3rio mais recente do Anu\u00e1rio Brasileiro de Seguran\u00e7a P\u00fablica, divulgado em julho de 2024, revelou que mais de 1,2 milh\u00e3o de mulheres sofreram agress\u00f5es no Brasil apenas em 2023. Destas, mais de 37% relataram algum tipo de viol\u00eancia, incluindo viol\u00eancia psicol\u00f3gica, stalking, amea\u00e7as e feminic\u00eddio.<\/p>\n\n\n\n<p>O projeto aprovado tramitou em conjunto com o PL 1.238\/2024, que trata do chamado \u201cestupro virtual\u201d \u2014 reconhecendo como estupro crimes cometidos no ambiente digital, mesmo sem contato f\u00edsico direto. Nesse caso, a pena pode chegar a at\u00e9 30 anos de reclus\u00e3o em casos agravados.<\/p>\n\n\n\n<p>Com a san\u00e7\u00e3o da nova lei, o Brasil passa a integrar o seleto grupo de pa\u00edses que come\u00e7am a criar dispositivos legais espec\u00edficos para o combate aos crimes digitais envolvendo Intelig\u00eancia Artificial, especialmente no enfrentamento da viol\u00eancia de g\u00eanero.<\/p>\n","protected":false},"excerpt":{"rendered":"<p>O Brasil acaba de dar um passo in\u00e9dito na regulamenta\u00e7\u00e3o do uso de Intelig\u00eancia Artificial em crimes contra a mulher. Foi sancionada a Lei 15.123\/25, que agrava a pena para casos de viol\u00eancia psicol\u00f3gica cometidos com o uso de tecnologias que alterem a imagem ou a voz da v\u00edtima, como os deepfakes. A nova legisla\u00e7\u00e3o, [&hellip;]<\/p>\n","protected":false},"author":9,"featured_media":6088,"comment_status":"closed","ping_status":"closed","sticky":false,"template":"","format":"standard","meta":{"jnews-multi-image_gallery":[],"jnews_single_post":{"format":"standard"},"jnews_primary_category":[],"jnews_social_meta":[],"jnews_override_counter":[],"jnews_post_split":[],"footnotes":""},"categories":[1],"tags":[],"class_list":["post-6087","post","type-post","status-publish","format-standard","has-post-thumbnail","hentry","category-geral"],"_referencia":"","_links":{"self":[{"href":"https:\/\/diariodocomercio.com.br\/mix\/wp-json\/wp\/v2\/posts\/6087","targetHints":{"allow":["GET"]}}],"collection":[{"href":"https:\/\/diariodocomercio.com.br\/mix\/wp-json\/wp\/v2\/posts"}],"about":[{"href":"https:\/\/diariodocomercio.com.br\/mix\/wp-json\/wp\/v2\/types\/post"}],"author":[{"embeddable":true,"href":"https:\/\/diariodocomercio.com.br\/mix\/wp-json\/wp\/v2\/users\/9"}],"replies":[{"embeddable":true,"href":"https:\/\/diariodocomercio.com.br\/mix\/wp-json\/wp\/v2\/comments?post=6087"}],"version-history":[{"count":1,"href":"https:\/\/diariodocomercio.com.br\/mix\/wp-json\/wp\/v2\/posts\/6087\/revisions"}],"predecessor-version":[{"id":6090,"href":"https:\/\/diariodocomercio.com.br\/mix\/wp-json\/wp\/v2\/posts\/6087\/revisions\/6090"}],"wp:featuredmedia":[{"embeddable":true,"href":"https:\/\/diariodocomercio.com.br\/mix\/wp-json\/wp\/v2\/media\/6088"}],"wp:attachment":[{"href":"https:\/\/diariodocomercio.com.br\/mix\/wp-json\/wp\/v2\/media?parent=6087"}],"wp:term":[{"taxonomy":"category","embeddable":true,"href":"https:\/\/diariodocomercio.com.br\/mix\/wp-json\/wp\/v2\/categories?post=6087"},{"taxonomy":"post_tag","embeddable":true,"href":"https:\/\/diariodocomercio.com.br\/mix\/wp-json\/wp\/v2\/tags?post=6087"}],"curies":[{"name":"wp","href":"https:\/\/api.w.org\/{rel}","templated":true}]}}