{"id":6325,"date":"2025-04-30T13:36:19","date_gmt":"2025-04-30T16:36:19","guid":{"rendered":"https:\/\/diariodocomercio.com.br\/mix\/?p=6325"},"modified":"2025-05-05T13:52:58","modified_gmt":"2025-05-05T16:52:58","slug":"receita-federal-deve-comecar-a-cobrar-novo-imposto-e-revolta-brasileiros","status":"publish","type":"post","link":"https:\/\/diariodocomercio.com.br\/mix\/receita-federal-deve-comecar-a-cobrar-novo-imposto-e-revolta-brasileiros\/","title":{"rendered":"Receita Federal deve come\u00e7ar a cobrar novo imposto e revolta brasileiros"},"content":{"rendered":"\n<p>As declara\u00e7\u00f5es do Imposto de Renda come\u00e7aram no dia 17 de mar\u00e7o e devem ser enviadas at\u00e9 o dia 30 de maio, prazo final estipulado pela Receita Federal, para receber sem atrasos. Durante esse per\u00edodo, foram discutidas algumas medidas sobre o IR e uma delas foi aprovada pelo Supremo Tribunal Federal (STF), sobre a possibilidade de cobran\u00e7a de Imposto de Renda no caso de doa\u00e7\u00e3o de um im\u00f3vel com valoriza\u00e7\u00e3o de mercado como forma de antecipa\u00e7\u00e3o de heran\u00e7a.<\/p>\n\n\n\n<p>Desde que o STF passou a discutir esse assunto, gerou pol\u00eamica em v\u00e1rios setores, inclusive entre os membros do Supremo. Nos \u00faltimos anos, as duas turmas da Corte deram ganhos de causa tanto para Uni\u00e3o como para contribuintes, em casos muito similares. Mas, a partir da nova resolu\u00e7\u00e3o, os ministros decidiram unificar o entendimento, escolhendo um caso cujo desfecho resultar\u00e1 numa tese a ser seguida por todos os tribunais do pa\u00eds.<\/p>\n\n\n\n<style>@media (min-width: 992px) {\n    .recomendadorV2Area1 {\n        width: 280px;\n    }\n    .recomendadorV2Area2 {\n        padding: 0px 20px;\n        width: calc(100% - 280px);\n    }\n}\n\n@media (max-width: 992px) {\n    .recomendadorV2Button {\n        margin: 0 auto;\n    }\n    .recomendadorV2Area {\n        flex-direction: column;\n        text-align: center;\n    }\n    .recomendadorV2Area2 {\n        padding: 0px 20px;\n    }\n}\n\n.recomendadorV2Area {\n    background: #eeeeee3d;\n    border-radius: 10px;\n    padding: 15px;\n    display: flex;\n    margin: 15px auto;\n    border: 1px solid #00000014;\n    max-width: 800px;\n}\n\n.recomendadorV2Area1 img {\n    width: 280px;\n    height: auto;\n    border-radius: 8px;\n}\n\n.linkrecomendadorv2 {\n    text-decoration: none !important;\n}\n\n.recomendadorV2Area2 .recomendadorV2Type {\n    text-transform: uppercase;\n    font-weight: 500;\n    font-size: 11px;\n    letter-spacing: 2px;\n    color: #666;\n    margin: 12px 0;\n    display: block;\n}\n\n.recomendadorV2Title h2 {\n    padding-top: 0px !important;\n    margin: 0px !important;\n    border-left: none !important;\n    padding-left: 0px !important;\n    line-height: 1.3;\n    color: #000 !important;\n    font-size: 24px;\n    margin-bottom: 12px !important;\n}\n\n.recomendadorV2Desc {\n    color: #333;\n    margin: 12px 0px !important;\n    font-size: 15px;\n    line-height: 1.5;\n}\n\n.recomendadorV2Button {\n    width: auto;\n    max-width: 200px;\n    margin: 0;\n    display: inline-flex;\n    align-items: center;\n    background: #1D3557;\n    border-radius: 8px;\n    color: #fff;\n    height: 36px;\n    justify-content: center;\n    text-align: center;\n    font-size: 14px;\n    padding: 0 20px;\n    transition: background-color 0.2s ease;\n}\n\n.recomendadorV2Button:hover {\n    background: #2a4d7a;\n}\n\n.recomendadorV2Button:after {\n    margin-top: -2px;\n    content: \"\u2192\";\n    padding: 0px 0px 0px 8px;\n}\n\n.recomendadorV2Alert {\n    text-align: left;\n    font-size: 11px;\n    margin-top: 8px;\n    color: #666;\n}\n\n.recomendadorFixedArea {\n    width: 100%;\n    display: flex;\n    justify-content: center;\n    align-items: center;\n}\n\n@media (min-width: 992px) {\n    #recomendadorFixed {\n        width: 32% !important;\n        left: 5%;\n    }\n    .recomendadorCloseFixed{\n        right: inherit !important;\n        left: 378px !important;\n    }\n}\n\n#recomendadorFixed {\n    width: 90%;\n    box-shadow: 0 10px 20px 0px #00000057;\n    display: none;\n    height: 90px;\n    background: #F6F6F6;\n    position: fixed;\n    flex-direction: row;\n    bottom: 10px;\n    z-index: 9999;\n    border-radius: 16px;\n    padding: 7px 10px;\n}\n\n.recomendadorLeftArea {\n    width: 160px;\n}\n\n.recomendadorRightArea h2 {\n    padding-top: 0px;\n    margin: 2px 0px 4px 0px !important;\n    font-weight: 400;\n    text-align: center;\n    padding-left: 0px !important;\n    color: #000 !important;\n    border-left: none !important;\n    line-height: 20px;\n    font-size: 12px !important;\n}\n\n.recomendadorImgFixed {\n    overflow: hidden;\n    padding: 8px 6px;\n    height: 100%;\n}\n\n.recomendadorImgFixed img {\n    height: 100% !important;\n    border-radius: 16px;\n}\n\n.recomendadorRightArea {\n    padding-top: 6px;\n    display: flex;\n    width: calc(100% - 130px);\n    justify-content: space-between;\n    align-items: center;\n    flex-direction: column;\n}\n\n.recomendadorButtonFixed {\n    margin: 0 auto;\n    background: #1D3557;\n    width: 80%;\n    text-align: center;\n    font-size: 10px;\n    color: #FFF;\n    padding: 2px 10px;\n    border-radius: 3px;\n}\n\n.recomendadorButtonFixed:after {\n    margin-top: -3px;\n    content: \"\u2192\";\n    padding: 0px 0px 0px 10px;\n}\n\n.recomendadorAlertFixed {\n    font-weight: 400;\n    text-align: center;\n    color: #484848;\n    font-size: 8px;\n}\n\n.recomendadorCloseFixed {\n    z-index: 99999;\n    display: none;\n    right: 0px;\n    left: inherit;\n    bottom: 99px;\n    position: fixed;\n    justify-content: center;\n    background: #F6F6F6;\n    width: 25px;\n    align-items: center;\n    height: 25px;\n    font-weight: 800;\n    border-radius: 50%;\n    border: 1px solid #EBEBEB;\n}\n\n.recomendadorV2Desc{\n    color: #000000;\n    margin: 20px 0px;\n}\n\n@media (max-width: 576px) {\n    .recomendadorV2Area {\n      padding: 10px;\n      max-width: 100%;\n    }\n  \n    .recomendadorV2Area1 img {\n      width: 100%;\n      border-radius: 6px;\n    }\n  \n    .recomendadorV2Area2 .recomendadorV2Type {\n      font-size: 9px;\n      letter-spacing: 1px;\n      margin: 8px 0;\n    }\n  \n    .recomendadorV2Title h2 {\n      font-size: 18px !important;\n      margin-bottom: 8px !important;\n      line-height: 1.2;\n    }\n  \n    .recomendadorV2Desc {\n      font-size: 14px;\n      margin: 8px 0 !important;\n      line-height: 1.4;\n    }\n  \n    .recomendadorV2Button {\n      font-size: 14px;\n      height: 40px;\n      padding: 0 12px;\n      max-width: 100%;\n      width: 100%;\n    }\n  \n    .recomendadorV2Button:after {\n      padding-left: 6px;\n    }\n  }\n  <\/style>\n        <div class=\"lazyblock-recomendador-v2-2jDGz wp-block-lazyblock-recomendador-v2\">\n        <a class=\"linkrecomendadorv2\" href=\"https:\/\/diariodocomercio.com.br\/mix\/uber-passa-por-alteracao-e-novas-regras-ja-estao-valendo-voce-pode-exigir-ar-condicionado\/\">\n            <div class=\"recomendadorV2Area\">\n            <div class=\"recomendadorV2Area1\">\n                <div class=\"recomendadorV2Img\">\n                <img class=\"lazyloaded\" decoding=\"async\" src=\"https:\/\/mix.diariodocomercio.com.br\/wp-content\/uploads\/2025\/02\/uber-1140x570.jpg\" data-src=\"https:\/\/mix.diariodocomercio.com.br\/wp-content\/uploads\/2025\/02\/uber-1140x570.jpg\" alt=\"\">\n                <\/div>\n            <\/div>\n            <div class=\"recomendadorV2Area2\">\n                <div class=\"recomendadorV2Type\">\n                    <span>COMUNICADO<\/span>\n                <\/div>\n                <div class=\"recomendadorV2Title\">\n                <h2><span>Uber passa por altera\u00e7\u00e3o e novas regras j\u00e1 est\u00e3o valendo<\/span><\/h2>\n                <\/div>\n                <div class=\"recomendadorV2Desc\">\n                <span>Um detalhe mudou e virou regra para motoristas e passageiros em 2025<\/span>\n                <\/div>\n                <div class=\"recomendadorV2Button\">Confira!<\/div>\n                <div class=\"recomendadorV2Alert\"><\/div>\n            <\/div>\n            <\/div>\n        <\/a>\n        <div>\n            <div style=\"z-index:99999;\" id=\"buttonClose\" onclick=\"closeRecomendadorFixed()\">\n            <div class=\"recomendadorCloseFixed\">X<\/div>\n            <\/div>\n            <a href=\"https:\/\/diariodocomercio.com.br\/mix\/uber-passa-por-alteracao-e-novas-regras-ja-estao-valendo-voce-pode-exigir-ar-condicionado\/\">\n            <div class=\"recomendadorFixedArea\">\n                <div id=\"recomendadorFixed\">\n                <div class=\"recomendadorLeftArea\">\n                    <div class=\"recomendadorImgFixed\">\n                    <img class=\"lazyload\" decoding=\"async\" src=\"https:\/\/mix.diariodocomercio.com.br\/wp-content\/uploads\/2025\/02\/uber-1140x570.jpg\" alt=\"\">\n                    <\/div>\n                <\/div>\n                <div class=\"recomendadorRightArea\">\n                    <div class=\"recomendadorTitleFixed\">\n                    <h2><span>Uber passa por altera\u00e7\u00e3o e novas regras j\u00e1 est\u00e3o valendo<\/span><\/h2>\n                    <\/div>\n                    <div class=\"recomendadorButtonFixed\">Confira!<\/div>\n                    <div class=\"recomendadorAlertFixed\"><\/div>\n                <\/div>\n                <\/div>\n            <\/div>\n            <\/a>\n        <\/div>\n        <\/div>\n\n\n\n<h2 class=\"wp-block-heading\">Entenda melhor como ser\u00e1 o Imposto de Renda para heran\u00e7a antecipada<\/h2>\n\n\n\n<p>Essa nova regra afetar\u00e1 advogados tributaristas de todas as partes, visto que s\u00e3o respons\u00e1veis por atender milhares de pessoas f\u00edsicas que buscam barrar a cobran\u00e7a do IR sobre a antecipa\u00e7\u00e3o de heran\u00e7a. Um dos argumentos utilizados contra essa decis\u00e3o \u00e9 de que n\u00e3o h\u00e1 renda a ser taxada, uma vez que na doa\u00e7\u00e3o de um bem ocorre na verdade uma subtra\u00e7\u00e3o de patrim\u00f4nio, e n\u00e3o acr\u00e9scimo.<\/p>\n\n\n\n<p>Em contrapartida, a Procuradoria-Geral da Fazenda Nacional &#8211; PGFN refor\u00e7a ao STF que a cobran\u00e7a do IR se justifica, pois quando a pessoa passa a ter direito ao bem, ela ser\u00e1 detentora do capital em si, que passa a ser valorizado. Dessa forma, a cobran\u00e7a seria gerada sobre isso, e n\u00e3o sobre a transa\u00e7\u00e3o da doa\u00e7\u00e3o em si.\u00a0<\/p>\n","protected":false},"excerpt":{"rendered":"<p>As declara\u00e7\u00f5es do Imposto de Renda come\u00e7aram no dia 17 de mar\u00e7o e devem ser enviadas at\u00e9 o dia 30 de maio, prazo final estipulado pela Receita Federal, para receber sem atrasos. Durante esse per\u00edodo, foram discutidas algumas medidas sobre o IR e uma delas foi aprovada pelo Supremo Tribunal Federal (STF), sobre a possibilidade [&hellip;]<\/p>\n","protected":false},"author":7,"featured_media":2519,"comment_status":"closed","ping_status":"closed","sticky":false,"template":"","format":"standard","meta":{"jnews-multi-image_gallery":[],"jnews_single_post":{"format":"standard"},"jnews_primary_category":[],"jnews_social_meta":[],"jnews_override_counter":[],"jnews_post_split":[],"footnotes":""},"categories":[1],"tags":[],"class_list":["post-6325","post","type-post","status-publish","format-standard","has-post-thumbnail","hentry","category-geral"],"_referencia":"","_links":{"self":[{"href":"https:\/\/diariodocomercio.com.br\/mix\/wp-json\/wp\/v2\/posts\/6325","targetHints":{"allow":["GET"]}}],"collection":[{"href":"https:\/\/diariodocomercio.com.br\/mix\/wp-json\/wp\/v2\/posts"}],"about":[{"href":"https:\/\/diariodocomercio.com.br\/mix\/wp-json\/wp\/v2\/types\/post"}],"author":[{"embeddable":true,"href":"https:\/\/diariodocomercio.com.br\/mix\/wp-json\/wp\/v2\/users\/7"}],"replies":[{"embeddable":true,"href":"https:\/\/diariodocomercio.com.br\/mix\/wp-json\/wp\/v2\/comments?post=6325"}],"version-history":[{"count":2,"href":"https:\/\/diariodocomercio.com.br\/mix\/wp-json\/wp\/v2\/posts\/6325\/revisions"}],"predecessor-version":[{"id":6596,"href":"https:\/\/diariodocomercio.com.br\/mix\/wp-json\/wp\/v2\/posts\/6325\/revisions\/6596"}],"wp:featuredmedia":[{"embeddable":true,"href":"https:\/\/diariodocomercio.com.br\/mix\/wp-json\/wp\/v2\/media\/2519"}],"wp:attachment":[{"href":"https:\/\/diariodocomercio.com.br\/mix\/wp-json\/wp\/v2\/media?parent=6325"}],"wp:term":[{"taxonomy":"category","embeddable":true,"href":"https:\/\/diariodocomercio.com.br\/mix\/wp-json\/wp\/v2\/categories?post=6325"},{"taxonomy":"post_tag","embeddable":true,"href":"https:\/\/diariodocomercio.com.br\/mix\/wp-json\/wp\/v2\/tags?post=6325"}],"curies":[{"name":"wp","href":"https:\/\/api.w.org\/{rel}","templated":true}]}}