{"id":7147,"date":"2025-05-12T15:56:03","date_gmt":"2025-05-12T18:56:03","guid":{"rendered":"https:\/\/diariodocomercio.com.br\/mix\/?p=7147"},"modified":"2025-05-12T15:56:05","modified_gmt":"2025-05-12T18:56:05","slug":"inep-vai-fazer-comunicado-crucial-sobre-o-enem-hoje","status":"publish","type":"post","link":"https:\/\/diariodocomercio.com.br\/mix\/inep-vai-fazer-comunicado-crucial-sobre-o-enem-hoje\/","title":{"rendered":"INEP vai fazer comunicado crucial sobre o Enem hoje"},"content":{"rendered":"\n<p>O Instituto Nacional de Estudos e Pesquisas Educacionais An\u00edsio Teixeira (INEP) vai liberar nesta segunda-feira (12), \u00e0s 17h, um dos comunicados mais aguardados pelos estudantes brasileiros: o resultado dos pedidos de isen\u00e7\u00e3o da taxa de inscri\u00e7\u00e3o do Enem 2025.<\/p>\n\n\n\n<p>A informa\u00e7\u00e3o poder\u00e1 ser acessada por meio da P\u00e1gina do Participante, mesma plataforma onde os candidatos tamb\u00e9m poder\u00e3o conferir, no mesmo hor\u00e1rio, as respostas \u00e0s justificativas de aus\u00eancia para quem faltou \u00e0 edi\u00e7\u00e3o de 2024 e deseja nova gratuidade neste ano.<\/p>\n\n\n\n<h2 class=\"wp-block-heading\"><strong>Aten\u00e7\u00e3o aos prazos<\/strong><\/h2>\n\n\n\n<p>Os participantes que tiverem a isen\u00e7\u00e3o negada ou justificativa de aus\u00eancia recusada poder\u00e3o entrar com recurso at\u00e9 sexta-feira, dia 16 de maio, tamb\u00e9m pela P\u00e1gina do Participante. O resultado final dos recursos ser\u00e1 divulgado no dia 22 de maio.<\/p>\n\n\n\n<p>\u00c9 importante destacar que a aprova\u00e7\u00e3o da isen\u00e7\u00e3o n\u00e3o garante a inscri\u00e7\u00e3o autom\u00e1tica no Enem. Todos os interessados dever\u00e3o se inscrever entre os dias 26 de maio e 6 de junho, independentemente do status da taxa.<\/p>\n\n\n\n<h2 class=\"wp-block-heading\"><strong>Quem tem direito \u00e0 isen\u00e7\u00e3o?<\/strong><\/h2>\n\n\n\n<p>T\u00eam direito ao benef\u00edcio os candidatos que:<\/p>\n\n\n\n<ul class=\"wp-block-list\">\n<li>Est\u00e3o matriculados na 3\u00aa s\u00e9rie do ensino m\u00e9dio em escola p\u00fablica;<\/li>\n\n\n\n<li>Cursaram todo o ensino m\u00e9dio em escola p\u00fablica ou como bolsistas integrais em escola privada;<\/li>\n\n\n\n<li>Est\u00e3o inscritos no Cad\u00danico e possuem renda familiar de at\u00e9 tr\u00eas sal\u00e1rios m\u00ednimos ou per capita de at\u00e9 meio sal\u00e1rio m\u00ednimo;<\/li>\n\n\n\n<li>Participam do programa P\u00e9-de-Meia, do Minist\u00e9rio da Educa\u00e7\u00e3o.<\/li>\n<\/ul>\n\n\n\n<p>Aqueles que n\u00e3o se enquadrarem nesses crit\u00e9rios, ou tiverem o pedido recusado mesmo ap\u00f3s recurso, dever\u00e3o pagar a taxa de R$ 85 para realizar o exame.<\/p>\n\n\n\n<h2 class=\"wp-block-heading\"><strong>Enem 2025: o que vem por a\u00ed<\/strong><\/h2>\n\n\n\n<p>As provas do Enem 2025 est\u00e3o marcadas para os dias 9 e 16 de novembro. No primeiro domingo, os participantes responder\u00e3o quest\u00f5es de linguagens, ci\u00eancias humanas e reda\u00e7\u00e3o. No segundo dia, ser\u00e1 a vez das \u00e1reas de matem\u00e1tica e ci\u00eancias da natureza.<\/p>\n\n\n\n<p>O exame segue sendo a principal porta de entrada para o ensino superior no Brasil, por meio de programas como Sisu, Prouni e Fies, al\u00e9m de ser aceito por dezenas de universidades em Portugal.<\/p>\n","protected":false},"excerpt":{"rendered":"<p>O Instituto Nacional de Estudos e Pesquisas Educacionais An\u00edsio Teixeira (INEP) vai liberar nesta segunda-feira (12), \u00e0s 17h, um dos comunicados mais aguardados pelos estudantes brasileiros: o resultado dos pedidos de isen\u00e7\u00e3o da taxa de inscri\u00e7\u00e3o do Enem 2025. A informa\u00e7\u00e3o poder\u00e1 ser acessada por meio da P\u00e1gina do Participante, mesma plataforma onde os candidatos [&hellip;]<\/p>\n","protected":false},"author":9,"featured_media":5475,"comment_status":"closed","ping_status":"closed","sticky":false,"template":"","format":"standard","meta":{"jnews-multi-image_gallery":[],"jnews_single_post":{"format":"standard"},"jnews_primary_category":[],"jnews_social_meta":[],"jnews_override_counter":[],"jnews_post_split":[],"footnotes":""},"categories":[1],"tags":[],"class_list":["post-7147","post","type-post","status-publish","format-standard","has-post-thumbnail","hentry","category-geral"],"_referencia":"","_links":{"self":[{"href":"https:\/\/diariodocomercio.com.br\/mix\/wp-json\/wp\/v2\/posts\/7147","targetHints":{"allow":["GET"]}}],"collection":[{"href":"https:\/\/diariodocomercio.com.br\/mix\/wp-json\/wp\/v2\/posts"}],"about":[{"href":"https:\/\/diariodocomercio.com.br\/mix\/wp-json\/wp\/v2\/types\/post"}],"author":[{"embeddable":true,"href":"https:\/\/diariodocomercio.com.br\/mix\/wp-json\/wp\/v2\/users\/9"}],"replies":[{"embeddable":true,"href":"https:\/\/diariodocomercio.com.br\/mix\/wp-json\/wp\/v2\/comments?post=7147"}],"version-history":[{"count":1,"href":"https:\/\/diariodocomercio.com.br\/mix\/wp-json\/wp\/v2\/posts\/7147\/revisions"}],"predecessor-version":[{"id":7153,"href":"https:\/\/diariodocomercio.com.br\/mix\/wp-json\/wp\/v2\/posts\/7147\/revisions\/7153"}],"wp:featuredmedia":[{"embeddable":true,"href":"https:\/\/diariodocomercio.com.br\/mix\/wp-json\/wp\/v2\/media\/5475"}],"wp:attachment":[{"href":"https:\/\/diariodocomercio.com.br\/mix\/wp-json\/wp\/v2\/media?parent=7147"}],"wp:term":[{"taxonomy":"category","embeddable":true,"href":"https:\/\/diariodocomercio.com.br\/mix\/wp-json\/wp\/v2\/categories?post=7147"},{"taxonomy":"post_tag","embeddable":true,"href":"https:\/\/diariodocomercio.com.br\/mix\/wp-json\/wp\/v2\/tags?post=7147"}],"curies":[{"name":"wp","href":"https:\/\/api.w.org\/{rel}","templated":true}]}}