{"id":7151,"date":"2025-05-12T16:20:08","date_gmt":"2025-05-12T19:20:08","guid":{"rendered":"https:\/\/diariodocomercio.com.br\/mix\/?p=7151"},"modified":"2025-05-12T16:20:11","modified_gmt":"2025-05-12T19:20:11","slug":"brasileiro-do-real-madrid-nao-gostou-nada-da-escolha-de-ancelotti-na-selecao","status":"publish","type":"post","link":"https:\/\/diariodocomercio.com.br\/mix\/brasileiro-do-real-madrid-nao-gostou-nada-da-escolha-de-ancelotti-na-selecao\/","title":{"rendered":"Brasileiro do Real Madrid n\u00e3o gostou nada da escolha de Ancelotti na sele\u00e7\u00e3o"},"content":{"rendered":"\n<p>Assim como o previsto, o t\u00e9cnico Carlo Ancelotti deixou o comando do Real Madrid ap\u00f3s o cl\u00e1ssico contra o Barcelona, pela La Liga. Nesta segunda-feira (12\/05), a CBF confirmou a contrata\u00e7\u00e3o do treinador italiano, algo que estava em cogita\u00e7\u00e3o desde a sa\u00edda de Tite da Sele\u00e7\u00e3o Brasileira. Embora seja um nome relevante para o futebol, alguns internautas usaram as redes sociais para expor a possibilidade de um jogador perder ainda mais espa\u00e7o com a camisa verde e amarela, diante do hist\u00f3rico com o Ancelotti.<\/p>\n\n\n\n<p>Que \u00e9 o caso de Endrick, ex-jogador do Palmeiras que teve um destaque internacional e fechou um contrato milion\u00e1rio com o Real Madrid. Apesar das especula\u00e7\u00f5es em cima do jovem atacante, o camisa 16 dos Gal\u00e1cticos n\u00e3o conseguiu ter o espa\u00e7o sonhado como titular do time, diante das op\u00e7\u00f5es que Ancelotti tinha. Embora tenha feito gols importantes na Copa del Rey, Endrick n\u00e3o agradou 100% o t\u00e9cnico e isso pode afetar sua frequ\u00eancia com a Sele\u00e7\u00e3o Brasileira.\u00a0Lembrando que, at\u00e9 o momento, Endrick n\u00e3o se manisfetou sobre a contrata\u00e7\u00e3o de Ancelotti e todos os coment\u00e1rios sobre o assunto foram feitos por internautas. <\/p>\n\n\n\n<figure class=\"wp-block-image size-large is-resized\"><img decoding=\"async\" width=\"1200\" height=\"675\" src=\"https:\/\/diariodocomercio.com.br\/mix\/wp-content\/uploads\/2025\/05\/WhatsApp-Image-2025-05-12-at-16.17.55-1200x675.jpeg\" alt=\"\" class=\"wp-image-7154\" style=\"width:612px;height:auto\" srcset=\"https:\/\/diariodocomercio.com.br\/mix\/wp-content\/uploads\/2025\/05\/WhatsApp-Image-2025-05-12-at-16.17.55-1200x675.jpeg 1200w, https:\/\/diariodocomercio.com.br\/mix\/wp-content\/uploads\/2025\/05\/WhatsApp-Image-2025-05-12-at-16.17.55-300x169.jpeg 300w, https:\/\/diariodocomercio.com.br\/mix\/wp-content\/uploads\/2025\/05\/WhatsApp-Image-2025-05-12-at-16.17.55-768x432.jpeg 768w, https:\/\/diariodocomercio.com.br\/mix\/wp-content\/uploads\/2025\/05\/WhatsApp-Image-2025-05-12-at-16.17.55-1536x864.jpeg 1536w, https:\/\/diariodocomercio.com.br\/mix\/wp-content\/uploads\/2025\/05\/WhatsApp-Image-2025-05-12-at-16.17.55-150x84.jpeg 150w, https:\/\/diariodocomercio.com.br\/mix\/wp-content\/uploads\/2025\/05\/WhatsApp-Image-2025-05-12-at-16.17.55-750x422.jpeg 750w, https:\/\/diariodocomercio.com.br\/mix\/wp-content\/uploads\/2025\/05\/WhatsApp-Image-2025-05-12-at-16.17.55-1140x641.jpeg 1140w, https:\/\/diariodocomercio.com.br\/mix\/wp-content\/uploads\/2025\/05\/WhatsApp-Image-2025-05-12-at-16.17.55.jpeg 1600w\" sizes=\"(max-width: 1200px) 100vw, 1200px\" \/><figcaption class=\"wp-element-caption\">Cr\u00e9ditos: Getty Images<\/figcaption><\/figure>\n\n\n\n<h2 class=\"wp-block-heading\">Conflitos de Ancelotti com Endrick no Real Madrid\u00a0<\/h2>\n\n\n\n<p>Desde que Endrick estreou no Real Madrid, n\u00e3o teve o mesmo empenho dentro de campo, quando comparado aos momentos decisivos no Palmeiras. Mas, al\u00e9m disso, o nome do jogador tamb\u00e9m foi alvo de contesta\u00e7\u00e3o por parte de Carlo Ancelotti, que criticou algumas atitudes que o jovem teve, principalmente quando tentou dar uma cavadinha durante um jogo contra o Getafe.&nbsp;<\/p>\n\n\n\n<p>Na ocasi\u00e3o, o treinador italiano n\u00e3o poupou palavras e afirmou que a conclus\u00e3o de Endrick \u00e9 considerada \u201cde teatro\u201d e isso fez com que rumores na Espanha ganhassem ainda mais for\u00e7a, com a possibilidade dele ficar na &#8220;geladeira&#8221; do time merengue pela falha. Esse \u00e9 um dos eventos que ocorreram entre os dois e que podem influenciar na poss\u00edvel escolha de Ancelotti na pr\u00f3xima escala\u00e7\u00e3o pela Sele\u00e7\u00e3o Brasileira. Vale ressaltar que, quando Dorival J\u00fanior estava \u00e0 frente da Canarinha, Endrick n\u00e3o foi prioridade nas \u00faltimas convoca\u00e7\u00f5es e perdeu um espa\u00e7o significativo na sele\u00e7\u00e3o, algo que ter\u00e1 que lutar para voltar a ser relacionado.&nbsp;<\/p>\n","protected":false},"excerpt":{"rendered":"<p>Assim como o previsto, o t\u00e9cnico Carlo Ancelotti deixou o comando do Real Madrid ap\u00f3s o cl\u00e1ssico contra o Barcelona, pela La Liga. Nesta segunda-feira (12\/05), a CBF confirmou a contrata\u00e7\u00e3o do treinador italiano, algo que estava em cogita\u00e7\u00e3o desde a sa\u00edda de Tite da Sele\u00e7\u00e3o Brasileira. Embora seja um nome relevante para o futebol, [&hellip;]<\/p>\n","protected":false},"author":7,"featured_media":7152,"comment_status":"closed","ping_status":"closed","sticky":false,"template":"","format":"standard","meta":{"jnews-multi-image_gallery":[],"jnews_single_post":{"format":"standard"},"jnews_primary_category":[],"jnews_social_meta":[],"jnews_override_counter":[],"jnews_post_split":[],"footnotes":""},"categories":[1],"tags":[],"class_list":["post-7151","post","type-post","status-publish","format-standard","has-post-thumbnail","hentry","category-geral"],"_referencia":"","_links":{"self":[{"href":"https:\/\/diariodocomercio.com.br\/mix\/wp-json\/wp\/v2\/posts\/7151","targetHints":{"allow":["GET"]}}],"collection":[{"href":"https:\/\/diariodocomercio.com.br\/mix\/wp-json\/wp\/v2\/posts"}],"about":[{"href":"https:\/\/diariodocomercio.com.br\/mix\/wp-json\/wp\/v2\/types\/post"}],"author":[{"embeddable":true,"href":"https:\/\/diariodocomercio.com.br\/mix\/wp-json\/wp\/v2\/users\/7"}],"replies":[{"embeddable":true,"href":"https:\/\/diariodocomercio.com.br\/mix\/wp-json\/wp\/v2\/comments?post=7151"}],"version-history":[{"count":1,"href":"https:\/\/diariodocomercio.com.br\/mix\/wp-json\/wp\/v2\/posts\/7151\/revisions"}],"predecessor-version":[{"id":7155,"href":"https:\/\/diariodocomercio.com.br\/mix\/wp-json\/wp\/v2\/posts\/7151\/revisions\/7155"}],"wp:featuredmedia":[{"embeddable":true,"href":"https:\/\/diariodocomercio.com.br\/mix\/wp-json\/wp\/v2\/media\/7152"}],"wp:attachment":[{"href":"https:\/\/diariodocomercio.com.br\/mix\/wp-json\/wp\/v2\/media?parent=7151"}],"wp:term":[{"taxonomy":"category","embeddable":true,"href":"https:\/\/diariodocomercio.com.br\/mix\/wp-json\/wp\/v2\/categories?post=7151"},{"taxonomy":"post_tag","embeddable":true,"href":"https:\/\/diariodocomercio.com.br\/mix\/wp-json\/wp\/v2\/tags?post=7151"}],"curies":[{"name":"wp","href":"https:\/\/api.w.org\/{rel}","templated":true}]}}