{"id":7156,"date":"2025-05-12T16:36:53","date_gmt":"2025-05-12T19:36:53","guid":{"rendered":"https:\/\/diariodocomercio.com.br\/mix\/?p=7156"},"modified":"2025-05-12T16:36:55","modified_gmt":"2025-05-12T19:36:55","slug":"mudanca-na-lei-proibe-o-despejo-de-inquilinos-mesmo-apos-o-termino-do-contrato","status":"publish","type":"post","link":"https:\/\/diariodocomercio.com.br\/mix\/mudanca-na-lei-proibe-o-despejo-de-inquilinos-mesmo-apos-o-termino-do-contrato\/","title":{"rendered":"Mudan\u00e7a na lei pro\u00edbe o despejo de inquilinos mesmo ap\u00f3s o t\u00e9rmino do contrato"},"content":{"rendered":"\n<p>No Brasil, \u00e9 permitido retomar a um im\u00f3vel, quando o propriet\u00e1rio aguarda o fim do contrato, dando a chance de \u201cdespejar\u201d o inquilino, desde que siga os procedimentos legais estabelecidos pela Lei do Inquilinato (Lei n\u00ba 8.245\/91). Esse problema tamb\u00e9m \u00e9 recorrente em outros pa\u00edses, como no caso da Argentina, que teve a Lei de Alugu\u00e9is revogada e isso fez com que muitos moradores de aluguel ficassem em d\u00favida sobre quais seriam os seus direitos .<\/p>\n\n\n\n<p>Para quem aluga uma propriedade pelas cidades argentinas, saiba que existem disposi\u00e7\u00f5es legais, muitas vezes desconhecidas, que protegem os inquilinos e d\u00e3o a chance de n\u00e3o precisarem sair da resid\u00eancia, mesmo que n\u00e3o haja renova\u00e7\u00e3o de contrato. De acordo com a lei do pa\u00eds, quando o contrato de aluguel chega ao fim e o propriet\u00e1rio n\u00e3o iniciou um processo formal de despejo, o inquilino tem o direito de continuar ocupando a resid\u00eancia.&nbsp;<\/p>\n\n\n\n<style>@media (min-width: 992px) {\n    .recomendadorV2Area1 {\n        width: 280px;\n    }\n    .recomendadorV2Area2 {\n        padding: 0px 20px;\n        width: calc(100% - 280px);\n    }\n}\n\n@media (max-width: 992px) {\n    .recomendadorV2Button {\n        margin: 0 auto;\n    }\n    .recomendadorV2Area {\n        flex-direction: column;\n        text-align: center;\n    }\n    .recomendadorV2Area2 {\n        padding: 0px 20px;\n    }\n}\n\n.recomendadorV2Area {\n    background: #eeeeee3d;\n    border-radius: 10px;\n    padding: 15px;\n    display: flex;\n    margin: 15px auto;\n    border: 1px solid #00000014;\n    max-width: 800px;\n}\n\n.recomendadorV2Area1 img {\n    width: 280px;\n    height: auto;\n    border-radius: 8px;\n}\n\n.linkrecomendadorv2 {\n    text-decoration: none !important;\n}\n\n.recomendadorV2Area2 .recomendadorV2Type {\n    text-transform: uppercase;\n    font-weight: 500;\n    font-size: 11px;\n    letter-spacing: 2px;\n    color: #666;\n    margin: 12px 0;\n    display: block;\n}\n\n.recomendadorV2Title h2 {\n    padding-top: 0px !important;\n    margin: 0px !important;\n    border-left: none !important;\n    padding-left: 0px !important;\n    line-height: 1.3;\n    color: #000 !important;\n    font-size: 24px;\n    margin-bottom: 12px !important;\n}\n\n.recomendadorV2Desc {\n    color: #333;\n    margin: 12px 0px !important;\n    font-size: 15px;\n    line-height: 1.5;\n}\n\n.recomendadorV2Button {\n    width: auto;\n    max-width: 200px;\n    margin: 0;\n    display: inline-flex;\n    align-items: center;\n    background: #1D3557;\n    border-radius: 8px;\n    color: #fff;\n    height: 36px;\n    justify-content: center;\n    text-align: center;\n    font-size: 14px;\n    padding: 0 20px;\n    transition: background-color 0.2s ease;\n}\n\n.recomendadorV2Button:hover {\n    background: #2a4d7a;\n}\n\n.recomendadorV2Button:after {\n    margin-top: -2px;\n    content: \"\u2192\";\n    padding: 0px 0px 0px 8px;\n}\n\n.recomendadorV2Alert {\n    text-align: left;\n    font-size: 11px;\n    margin-top: 8px;\n    color: #666;\n}\n\n.recomendadorFixedArea {\n    width: 100%;\n    display: flex;\n    justify-content: center;\n    align-items: center;\n}\n\n@media (min-width: 992px) {\n    #recomendadorFixed {\n        width: 32% !important;\n        left: 5%;\n    }\n    .recomendadorCloseFixed{\n        right: inherit !important;\n        left: 378px !important;\n    }\n}\n\n#recomendadorFixed {\n    width: 90%;\n    box-shadow: 0 10px 20px 0px #00000057;\n    display: none;\n    height: 90px;\n    background: #F6F6F6;\n    position: fixed;\n    flex-direction: row;\n    bottom: 10px;\n    z-index: 9999;\n    border-radius: 16px;\n    padding: 7px 10px;\n}\n\n.recomendadorLeftArea {\n    width: 160px;\n}\n\n.recomendadorRightArea h2 {\n    padding-top: 0px;\n    margin: 2px 0px 4px 0px !important;\n    font-weight: 400;\n    text-align: center;\n    padding-left: 0px !important;\n    color: #000 !important;\n    border-left: none !important;\n    line-height: 20px;\n    font-size: 12px !important;\n}\n\n.recomendadorImgFixed {\n    overflow: hidden;\n    padding: 8px 6px;\n    height: 100%;\n}\n\n.recomendadorImgFixed img {\n    height: 100% !important;\n    border-radius: 16px;\n}\n\n.recomendadorRightArea {\n    padding-top: 6px;\n    display: flex;\n    width: calc(100% - 130px);\n    justify-content: space-between;\n    align-items: center;\n    flex-direction: column;\n}\n\n.recomendadorButtonFixed {\n    margin: 0 auto;\n    background: #1D3557;\n    width: 80%;\n    text-align: center;\n    font-size: 10px;\n    color: #FFF;\n    padding: 2px 10px;\n    border-radius: 3px;\n}\n\n.recomendadorButtonFixed:after {\n    margin-top: -3px;\n    content: \"\u2192\";\n    padding: 0px 0px 0px 10px;\n}\n\n.recomendadorAlertFixed {\n    font-weight: 400;\n    text-align: center;\n    color: #484848;\n    font-size: 8px;\n}\n\n.recomendadorCloseFixed {\n    z-index: 99999;\n    display: none;\n    right: 0px;\n    left: inherit;\n    bottom: 99px;\n    position: fixed;\n    justify-content: center;\n    background: #F6F6F6;\n    width: 25px;\n    align-items: center;\n    height: 25px;\n    font-weight: 800;\n    border-radius: 50%;\n    border: 1px solid #EBEBEB;\n}\n\n.recomendadorV2Desc{\n    color: #000000;\n    margin: 20px 0px;\n}\n\n@media (max-width: 576px) {\n    .recomendadorV2Area {\n      padding: 10px;\n      max-width: 100%;\n    }\n  \n    .recomendadorV2Area1 img {\n      width: 100%;\n      border-radius: 6px;\n    }\n  \n    .recomendadorV2Area2 .recomendadorV2Type {\n      font-size: 9px;\n      letter-spacing: 1px;\n      margin: 8px 0;\n    }\n  \n    .recomendadorV2Title h2 {\n      font-size: 18px !important;\n      margin-bottom: 8px !important;\n      line-height: 1.2;\n    }\n  \n    .recomendadorV2Desc {\n      font-size: 14px;\n      margin: 8px 0 !important;\n      line-height: 1.4;\n    }\n  \n    .recomendadorV2Button {\n      font-size: 14px;\n      height: 40px;\n      padding: 0 12px;\n      max-width: 100%;\n      width: 100%;\n    }\n  \n    .recomendadorV2Button:after {\n      padding-left: 6px;\n    }\n  }\n  <\/style>\n        <div class=\"lazyblock-recomendador-v2-2jDGz wp-block-lazyblock-recomendador-v2\">\n        <a class=\"linkrecomendadorv2\" href=\"https:\/\/diariodocomercio.com.br\/mix\/uber-passa-por-alteracao-e-novas-regras-ja-estao-valendo-voce-pode-exigir-ar-condicionado\/\">\n            <div class=\"recomendadorV2Area\">\n            <div class=\"recomendadorV2Area1\">\n                <div class=\"recomendadorV2Img\">\n                <img class=\"lazyloaded\" decoding=\"async\" src=\"https:\/\/mix.diariodocomercio.com.br\/wp-content\/uploads\/2025\/02\/uber-1140x570.jpg\" data-src=\"https:\/\/mix.diariodocomercio.com.br\/wp-content\/uploads\/2025\/02\/uber-1140x570.jpg\" alt=\"\">\n                <\/div>\n            <\/div>\n            <div class=\"recomendadorV2Area2\">\n                <div class=\"recomendadorV2Type\">\n                    <span>COMUNICADO<\/span>\n                <\/div>\n                <div class=\"recomendadorV2Title\">\n                <h2><span>Uber passa por altera\u00e7\u00e3o e novas regras j\u00e1 est\u00e3o valendo<\/span><\/h2>\n                <\/div>\n                <div class=\"recomendadorV2Desc\">\n                <span>Um detalhe mudou e virou regra para motoristas e passageiros em 2025<\/span>\n                <\/div>\n                <div class=\"recomendadorV2Button\">Confira!<\/div>\n                <div class=\"recomendadorV2Alert\"><\/div>\n            <\/div>\n            <\/div>\n        <\/a>\n        <div>\n            <div style=\"z-index:99999;\" id=\"buttonClose\" onclick=\"closeRecomendadorFixed()\">\n            <div class=\"recomendadorCloseFixed\">X<\/div>\n            <\/div>\n            <a href=\"https:\/\/diariodocomercio.com.br\/mix\/uber-passa-por-alteracao-e-novas-regras-ja-estao-valendo-voce-pode-exigir-ar-condicionado\/\">\n            <div class=\"recomendadorFixedArea\">\n                <div id=\"recomendadorFixed\">\n                <div class=\"recomendadorLeftArea\">\n                    <div class=\"recomendadorImgFixed\">\n                    <img class=\"lazyload\" decoding=\"async\" src=\"https:\/\/mix.diariodocomercio.com.br\/wp-content\/uploads\/2025\/02\/uber-1140x570.jpg\" alt=\"\">\n                    <\/div>\n                <\/div>\n                <div class=\"recomendadorRightArea\">\n                    <div class=\"recomendadorTitleFixed\">\n                    <h2><span>Uber passa por altera\u00e7\u00e3o e novas regras j\u00e1 est\u00e3o valendo<\/span><\/h2>\n                    <\/div>\n                    <div class=\"recomendadorButtonFixed\">Confira!<\/div>\n                    <div class=\"recomendadorAlertFixed\"><\/div>\n                <\/div>\n                <\/div>\n            <\/div>\n            <\/a>\n        <\/div>\n        <\/div>\n\n\n\n<h2 class=\"wp-block-heading\">Entenda melhor como funciona a Lei de Alugu\u00e9is na Argentina\u00a0<\/h2>\n\n\n\n<p>O presidente Javier Milei atrav\u00e9s de um Decreto de Necessidade e Urg\u00eancia (DNU), alterou alguns pontos na Lei de Alugu\u00e9is da Argentina e as&nbsp; as regras para os contratos de aluguel voltaram a ser regidas pelo C\u00f3digo Civil e Comercial da Na\u00e7\u00e3o, fazendo com que a comunica\u00e7\u00e3o entre o locador e locat\u00e1rio seja mais direta. Entre as principais mudan\u00e7as, foram na forma de pagamento, pois os alugu\u00e9is podem ser estipulados em moeda nacional (pesos argentinos) ou em moeda estrangeira (d\u00f3lares, euros, etc.), conforme o acordo entre as partes.<\/p>\n\n\n\n<p>A revoga\u00e7\u00e3o da lei tem sido associada a um aumento da oferta de im\u00f3veis para aluguel, j\u00e1 que os propriet\u00e1rios se sentem mais seguros e flex\u00edveis para negociar. Com a possibilidade dos inquilinos terem mais seguran\u00e7a de moradia, isso tamb\u00e9m tem impulsionado o mercado imobili\u00e1rio argentino.&nbsp;<\/p>\n","protected":false},"excerpt":{"rendered":"<p>No Brasil, \u00e9 permitido retomar a um im\u00f3vel, quando o propriet\u00e1rio aguarda o fim do contrato, dando a chance de \u201cdespejar\u201d o inquilino, desde que siga os procedimentos legais estabelecidos pela Lei do Inquilinato (Lei n\u00ba 8.245\/91). Esse problema tamb\u00e9m \u00e9 recorrente em outros pa\u00edses, como no caso da Argentina, que teve a Lei de [&hellip;]<\/p>\n","protected":false},"author":7,"featured_media":7157,"comment_status":"closed","ping_status":"closed","sticky":false,"template":"","format":"standard","meta":{"jnews-multi-image_gallery":[],"jnews_single_post":{"format":"standard"},"jnews_primary_category":[],"jnews_social_meta":[],"jnews_override_counter":[],"jnews_post_split":[],"footnotes":""},"categories":[1],"tags":[],"class_list":["post-7156","post","type-post","status-publish","format-standard","has-post-thumbnail","hentry","category-geral"],"_referencia":"","_links":{"self":[{"href":"https:\/\/diariodocomercio.com.br\/mix\/wp-json\/wp\/v2\/posts\/7156","targetHints":{"allow":["GET"]}}],"collection":[{"href":"https:\/\/diariodocomercio.com.br\/mix\/wp-json\/wp\/v2\/posts"}],"about":[{"href":"https:\/\/diariodocomercio.com.br\/mix\/wp-json\/wp\/v2\/types\/post"}],"author":[{"embeddable":true,"href":"https:\/\/diariodocomercio.com.br\/mix\/wp-json\/wp\/v2\/users\/7"}],"replies":[{"embeddable":true,"href":"https:\/\/diariodocomercio.com.br\/mix\/wp-json\/wp\/v2\/comments?post=7156"}],"version-history":[{"count":2,"href":"https:\/\/diariodocomercio.com.br\/mix\/wp-json\/wp\/v2\/posts\/7156\/revisions"}],"predecessor-version":[{"id":7159,"href":"https:\/\/diariodocomercio.com.br\/mix\/wp-json\/wp\/v2\/posts\/7156\/revisions\/7159"}],"wp:featuredmedia":[{"embeddable":true,"href":"https:\/\/diariodocomercio.com.br\/mix\/wp-json\/wp\/v2\/media\/7157"}],"wp:attachment":[{"href":"https:\/\/diariodocomercio.com.br\/mix\/wp-json\/wp\/v2\/media?parent=7156"}],"wp:term":[{"taxonomy":"category","embeddable":true,"href":"https:\/\/diariodocomercio.com.br\/mix\/wp-json\/wp\/v2\/categories?post=7156"},{"taxonomy":"post_tag","embeddable":true,"href":"https:\/\/diariodocomercio.com.br\/mix\/wp-json\/wp\/v2\/tags?post=7156"}],"curies":[{"name":"wp","href":"https:\/\/api.w.org\/{rel}","templated":true}]}}