{"id":7209,"date":"2025-05-17T08:17:00","date_gmt":"2025-05-17T11:17:00","guid":{"rendered":"https:\/\/diariodocomercio.com.br\/mix\/?p=7209"},"modified":"2025-05-12T21:10:52","modified_gmt":"2025-05-13T00:10:52","slug":"foi-confirmado-5-atores-de-todo-mundo-odeia-o-chris-morreram","status":"publish","type":"post","link":"https:\/\/diariodocomercio.com.br\/mix\/foi-confirmado-5-atores-de-todo-mundo-odeia-o-chris-morreram\/","title":{"rendered":"Foi confirmado: 5 atores de Todo Mundo Odeia o Chris morreram"},"content":{"rendered":"\n<p>&#8220;Todo Mundo Odeio o Chris&#8221; (2005-2009) fez parte da forma\u00e7\u00e3o de muitos brasileiros, que cresceram assistindo aos epis\u00f3dios &#8211; com a ic\u00f4nica dublagem br &#8211; nas tardes da SBT ou da Record. Baseada na vida do comediante Chris Rock, a s\u00e9rie acompanha o cotidiano de Chris, um garoto negro do Brooklyn, e de sua fam\u00edlia. Relembre cinco atores da s\u00e9rie que j\u00e1 faleceram:<\/p>\n\n\n\n<h2 class=\"wp-block-heading\">1. Reynaldo Rey (Sr. Lester)<\/h2>\n\n\n\n<p>O ator que apareceu na segunda temporada da s\u00e9rie tamb\u00e9m esteve em produ\u00e7\u00f5es como &#8220;Sexta-Feira em Apuros&#8221; (1995) e &#8220;Homens Brancos N\u00e3o Sabem Enterrar&#8221; (1992). Ele faleceu em 2015, aos 75 anos de idade, devido a complica\u00e7\u00f5es de um derrame, segundo o que o seu empres\u00e1rio informou na \u00e9poca.<\/p>\n\n\n\n<figure class=\"wp-block-image size-large\"><img decoding=\"async\" width=\"1200\" height=\"675\" src=\"https:\/\/diariodocomercio.com.br\/mix\/wp-content\/uploads\/2025\/05\/todo-mundo-odeia-o-chris-1-1200x675.webp\" alt=\"todo mundo odeia o chris\" class=\"wp-image-7211\" srcset=\"https:\/\/diariodocomercio.com.br\/mix\/wp-content\/uploads\/2025\/05\/todo-mundo-odeia-o-chris-1-1200x675.webp 1200w, https:\/\/diariodocomercio.com.br\/mix\/wp-content\/uploads\/2025\/05\/todo-mundo-odeia-o-chris-1-300x169.webp 300w, https:\/\/diariodocomercio.com.br\/mix\/wp-content\/uploads\/2025\/05\/todo-mundo-odeia-o-chris-1-768x432.webp 768w, https:\/\/diariodocomercio.com.br\/mix\/wp-content\/uploads\/2025\/05\/todo-mundo-odeia-o-chris-1-150x84.webp 150w, https:\/\/diariodocomercio.com.br\/mix\/wp-content\/uploads\/2025\/05\/todo-mundo-odeia-o-chris-1-750x422.webp 750w, https:\/\/diariodocomercio.com.br\/mix\/wp-content\/uploads\/2025\/05\/todo-mundo-odeia-o-chris-1-1140x641.webp 1140w, https:\/\/diariodocomercio.com.br\/mix\/wp-content\/uploads\/2025\/05\/todo-mundo-odeia-o-chris-1.webp 1280w\" sizes=\"(max-width: 1200px) 100vw, 1200px\" \/><figcaption class=\"wp-element-caption\">Imagem: reprodu\u00e7\u00e3o<\/figcaption><\/figure>\n\n\n\n<h2 class=\"wp-block-heading\">2. Clarence Williams III (Sr. Tate)<\/h2>\n\n\n\n<p>Outros projetos do ator foram &#8220;A Filha do General&#8221; (1999) e &#8220;Jogo Duro&#8221; (2000). Clarence Williams III apareceu na primeira e terceira temporada da s\u00e9rie. Ele faleceu em 2021, aos 81 anos, ap\u00f3s uma batalha contra o c\u00e2ncer de c\u00f3lon.<\/p>\n\n\n\n<figure class=\"wp-block-image size-large\"><img decoding=\"async\" width=\"1200\" height=\"675\" src=\"https:\/\/diariodocomercio.com.br\/mix\/wp-content\/uploads\/2025\/05\/todo-mundo-odeia-o-chris-2-1200x675.png\" alt=\"todo mundo odeia o chris\" class=\"wp-image-7212\" srcset=\"https:\/\/diariodocomercio.com.br\/mix\/wp-content\/uploads\/2025\/05\/todo-mundo-odeia-o-chris-2-1200x675.png 1200w, https:\/\/diariodocomercio.com.br\/mix\/wp-content\/uploads\/2025\/05\/todo-mundo-odeia-o-chris-2-300x169.png 300w, https:\/\/diariodocomercio.com.br\/mix\/wp-content\/uploads\/2025\/05\/todo-mundo-odeia-o-chris-2-768x432.png 768w, https:\/\/diariodocomercio.com.br\/mix\/wp-content\/uploads\/2025\/05\/todo-mundo-odeia-o-chris-2-150x84.png 150w, https:\/\/diariodocomercio.com.br\/mix\/wp-content\/uploads\/2025\/05\/todo-mundo-odeia-o-chris-2-750x422.png 750w, https:\/\/diariodocomercio.com.br\/mix\/wp-content\/uploads\/2025\/05\/todo-mundo-odeia-o-chris-2-1140x641.png 1140w, https:\/\/diariodocomercio.com.br\/mix\/wp-content\/uploads\/2025\/05\/todo-mundo-odeia-o-chris-2.png 1280w\" sizes=\"(max-width: 1200px) 100vw, 1200px\" \/><figcaption class=\"wp-element-caption\">Imagem: reprodu\u00e7\u00e3o<\/figcaption><\/figure>\n\n\n\n<h2 class=\"wp-block-heading\">3. Ricky Harris (Malvo)<\/h2>\n\n\n\n<p>O ator apareceu em cinco epis\u00f3dios como o criminoso Malvo, que se tornava uma pedra no sapato do protagonista Chris. Harris morreu com apenas 54 anos, em 2016, v\u00edtima de um ataque card\u00edaco. Outros projetos do seu curr\u00edculo s\u00e3o &#8220;Fogo Contra Fogo&#8221; (1995) e &#8220;Tempestade&#8221; (1998).<\/p>\n\n\n\n<figure class=\"wp-block-image size-large\"><img decoding=\"async\" width=\"1200\" height=\"675\" src=\"https:\/\/diariodocomercio.com.br\/mix\/wp-content\/uploads\/2025\/05\/todo-mundo-odeia-o-chris-3-1200x675.jpg\" alt=\"todo mundo odeia o chris\" class=\"wp-image-7213\" srcset=\"https:\/\/diariodocomercio.com.br\/mix\/wp-content\/uploads\/2025\/05\/todo-mundo-odeia-o-chris-3-1200x675.jpg 1200w, https:\/\/diariodocomercio.com.br\/mix\/wp-content\/uploads\/2025\/05\/todo-mundo-odeia-o-chris-3-300x169.jpg 300w, https:\/\/diariodocomercio.com.br\/mix\/wp-content\/uploads\/2025\/05\/todo-mundo-odeia-o-chris-3-768x432.jpg 768w, https:\/\/diariodocomercio.com.br\/mix\/wp-content\/uploads\/2025\/05\/todo-mundo-odeia-o-chris-3-150x84.jpg 150w, https:\/\/diariodocomercio.com.br\/mix\/wp-content\/uploads\/2025\/05\/todo-mundo-odeia-o-chris-3-750x422.jpg 750w, https:\/\/diariodocomercio.com.br\/mix\/wp-content\/uploads\/2025\/05\/todo-mundo-odeia-o-chris-3-1140x641.jpg 1140w, https:\/\/diariodocomercio.com.br\/mix\/wp-content\/uploads\/2025\/05\/todo-mundo-odeia-o-chris-3.jpg 1222w\" sizes=\"(max-width: 1200px) 100vw, 1200px\" \/><figcaption class=\"wp-element-caption\">Imagem: reprodu\u00e7\u00e3o<\/figcaption><\/figure>\n\n\n\n<h2 class=\"wp-block-heading\">4. Vivian Smallwood<\/h2>\n\n\n\n<p>A atriz, que tamb\u00e9m apareceu em produ\u00e7\u00f5es como &#8220;Vizinhan\u00e7a do Barulho&#8221; (1996) e &#8220;Her\u00f3is por Acaso&#8221; (1996), faleceu em 2017, de causas naturais. Ela tinha 84 anos.<\/p>\n\n\n\n<figure class=\"wp-block-image size-large\"><img decoding=\"async\" width=\"1200\" height=\"675\" src=\"https:\/\/diariodocomercio.com.br\/mix\/wp-content\/uploads\/2025\/05\/todo-mundo-odeia-o-chris-4-1200x675.webp\" alt=\"todo mundo odeia o chris\" class=\"wp-image-7214\" srcset=\"https:\/\/diariodocomercio.com.br\/mix\/wp-content\/uploads\/2025\/05\/todo-mundo-odeia-o-chris-4-1200x675.webp 1200w, https:\/\/diariodocomercio.com.br\/mix\/wp-content\/uploads\/2025\/05\/todo-mundo-odeia-o-chris-4-300x169.webp 300w, https:\/\/diariodocomercio.com.br\/mix\/wp-content\/uploads\/2025\/05\/todo-mundo-odeia-o-chris-4-768x432.webp 768w, https:\/\/diariodocomercio.com.br\/mix\/wp-content\/uploads\/2025\/05\/todo-mundo-odeia-o-chris-4-150x84.webp 150w, https:\/\/diariodocomercio.com.br\/mix\/wp-content\/uploads\/2025\/05\/todo-mundo-odeia-o-chris-4-750x422.webp 750w, https:\/\/diariodocomercio.com.br\/mix\/wp-content\/uploads\/2025\/05\/todo-mundo-odeia-o-chris-4-1140x641.webp 1140w, https:\/\/diariodocomercio.com.br\/mix\/wp-content\/uploads\/2025\/05\/todo-mundo-odeia-o-chris-4.webp 1280w\" sizes=\"(max-width: 1200px) 100vw, 1200px\" \/><figcaption class=\"wp-element-caption\">Imagem: reprodu\u00e7\u00e3o<\/figcaption><\/figure>\n\n\n\n<h2 class=\"wp-block-heading\">5. Johnny Palermo (Frank Di Paolo)<\/h2>\n\n\n\n<p>O ator mais novo da lista, Johnny Palermo faleceu quando tinha apenas 27 anos, em um acidente de carro ao lado da sua namorada, que tamb\u00e9m faleceu. Ele tamb\u00e9m aparece em &#8220;Days of Our Lives&#8221; (2005) e &#8220;As Regras do Amor&#8221; (2009).<\/p>\n\n\n\n<figure class=\"wp-block-image size-large\"><img decoding=\"async\" width=\"1200\" height=\"675\" src=\"https:\/\/diariodocomercio.com.br\/mix\/wp-content\/uploads\/2025\/05\/todo-mundo-odeia-o-chris-5-1200x675.jpg\" alt=\"todo mundo odeia o chris\" class=\"wp-image-7215\" srcset=\"https:\/\/diariodocomercio.com.br\/mix\/wp-content\/uploads\/2025\/05\/todo-mundo-odeia-o-chris-5-1200x675.jpg 1200w, https:\/\/diariodocomercio.com.br\/mix\/wp-content\/uploads\/2025\/05\/todo-mundo-odeia-o-chris-5-300x169.jpg 300w, https:\/\/diariodocomercio.com.br\/mix\/wp-content\/uploads\/2025\/05\/todo-mundo-odeia-o-chris-5-768x432.jpg 768w, https:\/\/diariodocomercio.com.br\/mix\/wp-content\/uploads\/2025\/05\/todo-mundo-odeia-o-chris-5-150x84.jpg 150w, https:\/\/diariodocomercio.com.br\/mix\/wp-content\/uploads\/2025\/05\/todo-mundo-odeia-o-chris-5-750x422.jpg 750w, https:\/\/diariodocomercio.com.br\/mix\/wp-content\/uploads\/2025\/05\/todo-mundo-odeia-o-chris-5-1140x641.jpg 1140w, https:\/\/diariodocomercio.com.br\/mix\/wp-content\/uploads\/2025\/05\/todo-mundo-odeia-o-chris-5.jpg 1280w\" sizes=\"(max-width: 1200px) 100vw, 1200px\" \/><figcaption class=\"wp-element-caption\">Imagem: reprodu\u00e7\u00e3o<\/figcaption><\/figure>\n\n\n\n<style>@media (min-width: 992px) {\n    .recomendadorV2Area1 {\n        width: 280px;\n    }\n    .recomendadorV2Area2 {\n        padding: 0px 20px;\n        width: calc(100% - 280px);\n    }\n}\n\n@media (max-width: 992px) {\n    .recomendadorV2Button {\n        margin: 0 auto;\n    }\n    .recomendadorV2Area {\n        flex-direction: column;\n        text-align: center;\n    }\n    .recomendadorV2Area2 {\n        padding: 0px 20px;\n    }\n}\n\n.recomendadorV2Area {\n    background: #eeeeee3d;\n    border-radius: 10px;\n    padding: 15px;\n    display: flex;\n    margin: 15px auto;\n    border: 1px solid #00000014;\n    max-width: 800px;\n}\n\n.recomendadorV2Area1 img {\n    width: 280px;\n    height: auto;\n    border-radius: 8px;\n}\n\n.linkrecomendadorv2 {\n    text-decoration: none !important;\n}\n\n.recomendadorV2Area2 .recomendadorV2Type {\n    text-transform: uppercase;\n    font-weight: 500;\n    font-size: 11px;\n    letter-spacing: 2px;\n    color: #666;\n    margin: 12px 0;\n    display: block;\n}\n\n.recomendadorV2Title h2 {\n    padding-top: 0px !important;\n    margin: 0px !important;\n    border-left: none !important;\n    padding-left: 0px !important;\n    line-height: 1.3;\n    color: #000 !important;\n    font-size: 24px;\n    margin-bottom: 12px !important;\n}\n\n.recomendadorV2Desc {\n    color: #333;\n    margin: 12px 0px !important;\n    font-size: 15px;\n    line-height: 1.5;\n}\n\n.recomendadorV2Button {\n    width: auto;\n    max-width: 200px;\n    margin: 0;\n    display: inline-flex;\n    align-items: center;\n    background: #1D3557;\n    border-radius: 8px;\n    color: #fff;\n    height: 36px;\n    justify-content: center;\n    text-align: center;\n    font-size: 14px;\n    padding: 0 20px;\n    transition: background-color 0.2s ease;\n}\n\n.recomendadorV2Button:hover {\n    background: #2a4d7a;\n}\n\n.recomendadorV2Button:after {\n    margin-top: -2px;\n    content: \"\u2192\";\n    padding: 0px 0px 0px 8px;\n}\n\n.recomendadorV2Alert {\n    text-align: left;\n    font-size: 11px;\n    margin-top: 8px;\n    color: #666;\n}\n\n.recomendadorFixedArea {\n    width: 100%;\n    display: flex;\n    justify-content: center;\n    align-items: center;\n}\n\n@media (min-width: 992px) {\n    #recomendadorFixed {\n        width: 32% !important;\n        left: 5%;\n    }\n    .recomendadorCloseFixed{\n        right: inherit !important;\n        left: 378px !important;\n    }\n}\n\n#recomendadorFixed {\n    width: 90%;\n    box-shadow: 0 10px 20px 0px #00000057;\n    display: none;\n    height: 90px;\n    background: #F6F6F6;\n    position: fixed;\n    flex-direction: row;\n    bottom: 10px;\n    z-index: 9999;\n    border-radius: 16px;\n    padding: 7px 10px;\n}\n\n.recomendadorLeftArea {\n    width: 160px;\n}\n\n.recomendadorRightArea h2 {\n    padding-top: 0px;\n    margin: 2px 0px 4px 0px !important;\n    font-weight: 400;\n    text-align: center;\n    padding-left: 0px !important;\n    color: #000 !important;\n    border-left: none !important;\n    line-height: 20px;\n    font-size: 12px !important;\n}\n\n.recomendadorImgFixed {\n    overflow: hidden;\n    padding: 8px 6px;\n    height: 100%;\n}\n\n.recomendadorImgFixed img {\n    height: 100% !important;\n    border-radius: 16px;\n}\n\n.recomendadorRightArea {\n    padding-top: 6px;\n    display: flex;\n    width: calc(100% - 130px);\n    justify-content: space-between;\n    align-items: center;\n    flex-direction: column;\n}\n\n.recomendadorButtonFixed {\n    margin: 0 auto;\n    background: #1D3557;\n    width: 80%;\n    text-align: center;\n    font-size: 10px;\n    color: #FFF;\n    padding: 2px 10px;\n    border-radius: 3px;\n}\n\n.recomendadorButtonFixed:after {\n    margin-top: -3px;\n    content: \"\u2192\";\n    padding: 0px 0px 0px 10px;\n}\n\n.recomendadorAlertFixed {\n    font-weight: 400;\n    text-align: center;\n    color: #484848;\n    font-size: 8px;\n}\n\n.recomendadorCloseFixed {\n    z-index: 99999;\n    display: none;\n    right: 0px;\n    left: inherit;\n    bottom: 99px;\n    position: fixed;\n    justify-content: center;\n    background: #F6F6F6;\n    width: 25px;\n    align-items: center;\n    height: 25px;\n    font-weight: 800;\n    border-radius: 50%;\n    border: 1px solid #EBEBEB;\n}\n\n.recomendadorV2Desc{\n    color: #000000;\n    margin: 20px 0px;\n}\n\n@media (max-width: 576px) {\n    .recomendadorV2Area {\n      padding: 10px;\n      max-width: 100%;\n    }\n  \n    .recomendadorV2Area1 img {\n      width: 100%;\n      border-radius: 6px;\n    }\n  \n    .recomendadorV2Area2 .recomendadorV2Type {\n      font-size: 9px;\n      letter-spacing: 1px;\n      margin: 8px 0;\n    }\n  \n    .recomendadorV2Title h2 {\n      font-size: 18px !important;\n      margin-bottom: 8px !important;\n      line-height: 1.2;\n    }\n  \n    .recomendadorV2Desc {\n      font-size: 14px;\n      margin: 8px 0 !important;\n      line-height: 1.4;\n    }\n  \n    .recomendadorV2Button {\n      font-size: 14px;\n      height: 40px;\n      padding: 0 12px;\n      max-width: 100%;\n      width: 100%;\n    }\n  \n    .recomendadorV2Button:after {\n      padding-left: 6px;\n    }\n  }\n  <\/style>\n        <div class=\"lazyblock-recomendador-v2-2jDGz wp-block-lazyblock-recomendador-v2\">\n        <a class=\"linkrecomendadorv2\" href=\"https:\/\/diariodocomercio.com.br\/mix\/amazon-vai-liberar-filmes-mais-esperados-de-2025-em-maio\/\">\n            <div class=\"recomendadorV2Area\">\n            <div class=\"recomendadorV2Area1\">\n                <div class=\"recomendadorV2Img\">\n                <img class=\"lazyloaded\" decoding=\"async\" src=\"https:\/\/diariodocomercio.com.br\/mix\/wp-content\/uploads\/2025\/05\/prime-video-logo.jpg\" data-src=\"https:\/\/diariodocomercio.com.br\/mix\/wp-content\/uploads\/2025\/05\/prime-video-logo.jpg\" alt=\"\">\n                <\/div>\n            <\/div>\n            <div class=\"recomendadorV2Area2\">\n                <div class=\"recomendadorV2Type\">\n                    <span>STREAMING<\/span>\n                <\/div>\n                <div class=\"recomendadorV2Title\">\n                <h2><span>Amazon vai liberar filmes mais esperados de 2025 em maio<\/span><\/h2>\n                <\/div>\n                <div class=\"recomendadorV2Desc\">\n                <span>Confira sete destaques entre as novidades do Amazon Prime Video de maio, incluindo alguns dos maiores sucessos do ano passado.<\/span>\n                <\/div>\n                <div class=\"recomendadorV2Button\">Leia mais<\/div>\n                <div class=\"recomendadorV2Alert\"><\/div>\n            <\/div>\n            <\/div>\n        <\/a>\n        <div>\n            <div style=\"z-index:99999;\" id=\"buttonClose\" onclick=\"closeRecomendadorFixed()\">\n            <div class=\"recomendadorCloseFixed\">X<\/div>\n            <\/div>\n            <a href=\"https:\/\/diariodocomercio.com.br\/mix\/amazon-vai-liberar-filmes-mais-esperados-de-2025-em-maio\/\">\n            <div class=\"recomendadorFixedArea\">\n                <div id=\"recomendadorFixed\">\n                <div class=\"recomendadorLeftArea\">\n                    <div class=\"recomendadorImgFixed\">\n                    <img class=\"lazyload\" decoding=\"async\" src=\"https:\/\/diariodocomercio.com.br\/mix\/wp-content\/uploads\/2025\/05\/prime-video-logo.jpg\" alt=\"\">\n                    <\/div>\n                <\/div>\n                <div class=\"recomendadorRightArea\">\n                    <div class=\"recomendadorTitleFixed\">\n                    <h2><span>Amazon vai liberar filmes mais esperados de 2025 em maio<\/span><\/h2>\n                    <\/div>\n                    <div class=\"recomendadorButtonFixed\">Leia mais<\/div>\n                    <div class=\"recomendadorAlertFixed\"><\/div>\n                <\/div>\n                <\/div>\n            <\/div>\n            <\/a>\n        <\/div>\n        <\/div>\n","protected":false},"excerpt":{"rendered":"<p>Muitos brasileiros cresceram assistindo &#8220;Todo Mundo Odeia o Chris&#8221; &#8211; com a ic\u00f4nica dublagem br &#8211; nas tardes da SBT ou da Record.<\/p>\n","protected":false},"author":6,"featured_media":7210,"comment_status":"closed","ping_status":"closed","sticky":false,"template":"","format":"standard","meta":{"jnews-multi-image_gallery":[],"jnews_single_post":{"format":"standard"},"jnews_primary_category":[],"jnews_social_meta":[],"jnews_override_counter":[],"jnews_post_split":[],"footnotes":""},"categories":[1],"tags":[],"class_list":["post-7209","post","type-post","status-publish","format-standard","has-post-thumbnail","hentry","category-geral"],"_referencia":"","_links":{"self":[{"href":"https:\/\/diariodocomercio.com.br\/mix\/wp-json\/wp\/v2\/posts\/7209","targetHints":{"allow":["GET"]}}],"collection":[{"href":"https:\/\/diariodocomercio.com.br\/mix\/wp-json\/wp\/v2\/posts"}],"about":[{"href":"https:\/\/diariodocomercio.com.br\/mix\/wp-json\/wp\/v2\/types\/post"}],"author":[{"embeddable":true,"href":"https:\/\/diariodocomercio.com.br\/mix\/wp-json\/wp\/v2\/users\/6"}],"replies":[{"embeddable":true,"href":"https:\/\/diariodocomercio.com.br\/mix\/wp-json\/wp\/v2\/comments?post=7209"}],"version-history":[{"count":1,"href":"https:\/\/diariodocomercio.com.br\/mix\/wp-json\/wp\/v2\/posts\/7209\/revisions"}],"predecessor-version":[{"id":7216,"href":"https:\/\/diariodocomercio.com.br\/mix\/wp-json\/wp\/v2\/posts\/7209\/revisions\/7216"}],"wp:featuredmedia":[{"embeddable":true,"href":"https:\/\/diariodocomercio.com.br\/mix\/wp-json\/wp\/v2\/media\/7210"}],"wp:attachment":[{"href":"https:\/\/diariodocomercio.com.br\/mix\/wp-json\/wp\/v2\/media?parent=7209"}],"wp:term":[{"taxonomy":"category","embeddable":true,"href":"https:\/\/diariodocomercio.com.br\/mix\/wp-json\/wp\/v2\/categories?post=7209"},{"taxonomy":"post_tag","embeddable":true,"href":"https:\/\/diariodocomercio.com.br\/mix\/wp-json\/wp\/v2\/tags?post=7209"}],"curies":[{"name":"wp","href":"https:\/\/api.w.org\/{rel}","templated":true}]}}