{"id":7270,"date":"2025-05-13T12:33:35","date_gmt":"2025-05-13T15:33:35","guid":{"rendered":"https:\/\/diariodocomercio.com.br\/mix\/?p=7270"},"modified":"2025-05-13T12:33:37","modified_gmt":"2025-05-13T15:33:37","slug":"heranca-deixada-por-stephen-hawking-e-de-cair-o-queixo","status":"publish","type":"post","link":"https:\/\/diariodocomercio.com.br\/mix\/heranca-deixada-por-stephen-hawking-e-de-cair-o-queixo\/","title":{"rendered":"Heran\u00e7a deixada por Stephen Hawking \u00e9 de cair o queixo"},"content":{"rendered":"\n<p>Stephen Hawking foi mais do que um dos maiores f\u00edsicos te\u00f3ricos do s\u00e9culo XX \u2014 ele foi um s\u00edmbolo de supera\u00e7\u00e3o humana, genialidade e impacto cultural. Diagnosticado aos 21 anos com Esclerose Lateral Amiotr\u00f3fica (ELA), uma condi\u00e7\u00e3o degenerativa rara, Hawking desafiou todas as probabilidades ao viver mais de 50 anos ap\u00f3s o diagn\u00f3stico e se tornar um dos nomes mais respeitados da ci\u00eancia moderna.<\/p>\n\n\n\n<p>Autor do best-seller <em>Uma Breve Hist\u00f3ria do Tempo<\/em>, Hawking conquistou o mundo com seu pensamento revolucion\u00e1rio sobre buracos negros, cosmologia e as origens do universo. Foi agraciado com pr\u00eamios como a Medalha Copley, o Pr\u00eamio Wolf e a Medalha Presidencial da Liberdade dos EUA, al\u00e9m de ocupar a prestigiosa cadeira de Matem\u00e1tica Lucasiana em Cambridge \u2014 a mesma que pertenceu a Isaac Newton.<\/p>\n\n\n\n<p>Quando faleceu em 14 de mar\u00e7o de 2018, aos 76 anos, ele n\u00e3o apenas deixou um legado cient\u00edfico imensur\u00e1vel, mas tamb\u00e9m uma heran\u00e7a material que surpreende at\u00e9 mesmo seus admiradores mais fi\u00e9is.<\/p>\n\n\n\n<h2 class=\"wp-block-heading\"><strong>Fortuna milion\u00e1ria e testamento assinado com o polegar<\/strong><\/h2>\n\n\n\n<p>Segundo registros oficiais, Stephen Hawking deixou uma fortuna estimada em \u00a316,3 milh\u00f5es (cerca de R$ 105 milh\u00f5es). Incapaz de assinar com a m\u00e3o devido \u00e0 progress\u00e3o da ELA, ele usou seu polegar para validar legalmente o testamento, assinado em 2007.<\/p>\n\n\n\n<p>O documento de 13 p\u00e1ginas direciona a maior parte de sua riqueza a um fundo fiduci\u00e1rio para seus tr\u00eas filhos \u2014 Robert, Lucy e Timothy \u2014 e seus netos. Mais do que dinheiro, Hawking deixou tamb\u00e9m objetos pessoais com valor simb\u00f3lico inestim\u00e1vel: Robert herdou um rel\u00f3gio, Timothy uma estante girat\u00f3ria de livros e Lucy uma escrivaninha antiga.<\/p>\n\n\n<div class=\"wp-block-image\">\n<figure class=\"aligncenter size-full is-resized\"><img decoding=\"async\" width=\"268\" height=\"188\" src=\"https:\/\/diariodocomercio.com.br\/mix\/wp-content\/uploads\/2025\/05\/images.jpeg\" alt=\"\" class=\"wp-image-7271\" style=\"width:582px;height:auto\" srcset=\"https:\/\/diariodocomercio.com.br\/mix\/wp-content\/uploads\/2025\/05\/images.jpeg 268w, https:\/\/diariodocomercio.com.br\/mix\/wp-content\/uploads\/2025\/05\/images-150x105.jpeg 150w\" sizes=\"(max-width: 268px) 100vw, 268px\" \/><figcaption class=\"wp-element-caption\">Casamento de Stephen Hawking e Jane Hawking (Reprodu\u00e7\u00e3o\/Wikimedia Commons) <\/figcaption><\/figure>\n<\/div>\n\n\n<p>Seus pr\u00eamios acad\u00eamicos, 13 doutorados honor\u00e1rios e medalhas \u2014 incluindo a prestigiosa Companion of Honour e a Medalha Presidencial da Liberdade \u2014 foram divididos entre os filhos. A fiel assistente pessoal Judith Croasdell, que trabalhou com ele por d\u00e9cadas, recebeu um presente especial: \u00a310 mil em reconhecimento por sua dedica\u00e7\u00e3o.<\/p>\n\n\n\n<h2 class=\"wp-block-heading\"><strong>Legado al\u00e9m da ci\u00eancia: cultura, cinema e eternidade<\/strong><\/h2>\n\n\n\n<p>A hist\u00f3ria de Stephen Hawking chegou \u00e0s telas do cinema em 2014, com o filme <em>A Teoria de Tudo<\/em>. O longa foi um sucesso de bilheteria e cr\u00edtica, rendendo ao ator Eddie Redmayne o Oscar de Melhor Ator por sua interpreta\u00e7\u00e3o emocionante do f\u00edsico.<\/p>\n\n\n\n<p>Mesmo com sua fama internacional, Hawking manteve posi\u00e7\u00f5es firmes sobre temas complexos como religi\u00e3o, afirmando que <em>\u201creligi\u00e3o \u00e9 uma f\u00e1bula para pessoas com medo do escuro\u201d<\/em>.<\/p>\n\n\n\n<p>Ap\u00f3s sua morte, suas cinzas foram enterradas na Abadia de Westminster, no &#8220;Esquina dos Cientistas&#8221;, ao lado de gigantes como Isaac Newton e Charles Darwin \u2014 um reconhecimento final \u00e0 grandiosidade de sua contribui\u00e7\u00e3o ao conhecimento humano.<\/p>\n","protected":false},"excerpt":{"rendered":"<p>Stephen Hawking foi mais do que um dos maiores f\u00edsicos te\u00f3ricos do s\u00e9culo XX \u2014 ele foi um s\u00edmbolo de supera\u00e7\u00e3o humana, genialidade e impacto cultural. Diagnosticado aos 21 anos com Esclerose Lateral Amiotr\u00f3fica (ELA), uma condi\u00e7\u00e3o degenerativa rara, Hawking desafiou todas as probabilidades ao viver mais de 50 anos ap\u00f3s o diagn\u00f3stico e se [&hellip;]<\/p>\n","protected":false},"author":9,"featured_media":7272,"comment_status":"closed","ping_status":"closed","sticky":false,"template":"","format":"standard","meta":{"jnews-multi-image_gallery":[],"jnews_single_post":{"format":"standard"},"jnews_primary_category":[],"jnews_social_meta":[],"jnews_override_counter":[],"jnews_post_split":[],"footnotes":""},"categories":[1],"tags":[],"class_list":["post-7270","post","type-post","status-publish","format-standard","has-post-thumbnail","hentry","category-geral"],"_referencia":"","_links":{"self":[{"href":"https:\/\/diariodocomercio.com.br\/mix\/wp-json\/wp\/v2\/posts\/7270","targetHints":{"allow":["GET"]}}],"collection":[{"href":"https:\/\/diariodocomercio.com.br\/mix\/wp-json\/wp\/v2\/posts"}],"about":[{"href":"https:\/\/diariodocomercio.com.br\/mix\/wp-json\/wp\/v2\/types\/post"}],"author":[{"embeddable":true,"href":"https:\/\/diariodocomercio.com.br\/mix\/wp-json\/wp\/v2\/users\/9"}],"replies":[{"embeddable":true,"href":"https:\/\/diariodocomercio.com.br\/mix\/wp-json\/wp\/v2\/comments?post=7270"}],"version-history":[{"count":1,"href":"https:\/\/diariodocomercio.com.br\/mix\/wp-json\/wp\/v2\/posts\/7270\/revisions"}],"predecessor-version":[{"id":7273,"href":"https:\/\/diariodocomercio.com.br\/mix\/wp-json\/wp\/v2\/posts\/7270\/revisions\/7273"}],"wp:featuredmedia":[{"embeddable":true,"href":"https:\/\/diariodocomercio.com.br\/mix\/wp-json\/wp\/v2\/media\/7272"}],"wp:attachment":[{"href":"https:\/\/diariodocomercio.com.br\/mix\/wp-json\/wp\/v2\/media?parent=7270"}],"wp:term":[{"taxonomy":"category","embeddable":true,"href":"https:\/\/diariodocomercio.com.br\/mix\/wp-json\/wp\/v2\/categories?post=7270"},{"taxonomy":"post_tag","embeddable":true,"href":"https:\/\/diariodocomercio.com.br\/mix\/wp-json\/wp\/v2\/tags?post=7270"}],"curies":[{"name":"wp","href":"https:\/\/api.w.org\/{rel}","templated":true}]}}