{"id":7322,"date":"2025-05-13T19:13:40","date_gmt":"2025-05-13T22:13:40","guid":{"rendered":"https:\/\/diariodocomercio.com.br\/mix\/?p=7322"},"modified":"2025-05-13T19:13:42","modified_gmt":"2025-05-13T22:13:42","slug":"luto-ex-presidente-acaba-de-falecer-de-cancer","status":"publish","type":"post","link":"https:\/\/diariodocomercio.com.br\/mix\/luto-ex-presidente-acaba-de-falecer-de-cancer\/","title":{"rendered":"Luto: Ex-presidente acaba de falecer de c\u00e2ncer"},"content":{"rendered":"\n<p>Em comunicado \u00e0 imprensa, o atual presidente uruguaio, Yamand\u00fa Orsi, anunciou nesta ter\u00e7a-feira (13\/05), o falecimento de Jos\u00e9 Alberto \u201cPepe\u201d Mujica Cordano, aos 89 anos. Ex-presidente do Uruguai, Mujica foi s\u00edmbolo de resist\u00eancia ao ser guerrilheiro e \u00edcone da esquerda latino-americana.<em> &#8220;Com profunda dor comunicamos que faleceu nosso companheiro Pepe Mujica. Presidente, militante, refer\u00eancia, lideran\u00e7a. Vamos sentir muito sua falta, velho querido! Obrigado por tudo que nos deste e por teu profundo amor pelo seu povo&#8221;,<\/em> escreveu Orsi.<\/p>\n\n\n\n<p>Carinhosamente chamado de \u201cDon\u201d Pepe, estava prestes a completar 90 anos no dia 20 de maio, mas estava passando por s\u00e9rios problemas de sa\u00fade, desde que recebeu o diagn\u00f3stico de c\u00e2ncer no es\u00f4fago. A partir desse momento, passou a ter uma vida mais reclusa, com raras apari\u00e7\u00f5es, enquanto viveu seus \u00faltimos dias na sua ch\u00e1cara nos arredores de Montevid\u00e9u.<\/p>\n\n\n\n<h2 class=\"wp-block-heading\">Import\u00e2ncia de Pepe Mujica para a hist\u00f3ria do Uruguai\u00a0<\/h2>\n\n\n\n<p>Ativista pol\u00edtico, Mujica participou de momentos importantes na luta contra a ditadura militar uruguaia (1973-1985), tendo em sua trajet\u00f3ria pris\u00e3o e tortura, tornando-se um s\u00edmbolo de resist\u00eancia, enquanto lutou pela democracia no pa\u00eds. Ap\u00f3s a redemocratiza\u00e7\u00e3o, Mujica integrou a Frente Ampla, coaliz\u00e3o de esquerda que desempenhou um papel crucial na consolida\u00e7\u00e3o da democracia uruguaia.<\/p>\n\n\n\n<p>Em 2010, foi eleito presidente do pa\u00eds e ficou marcado por implementar pol\u00edticas progressistas que marcaram a hist\u00f3ria do Uruguai, como a legaliza\u00e7\u00e3o do aborto, o casamento entre pessoas do mesmo sexo e a regulamenta\u00e7\u00e3o da produ\u00e7\u00e3o e venda de maconha, permitindo que o pa\u00eds se tornasse refer\u00eancia na Am\u00e9rica Latina.&nbsp;<\/p>\n","protected":false},"excerpt":{"rendered":"<p>Em comunicado \u00e0 imprensa, o atual presidente uruguaio, Yamand\u00fa Orsi, anunciou nesta ter\u00e7a-feira (13\/05), o falecimento de Jos\u00e9 Alberto \u201cPepe\u201d Mujica Cordano, aos 89 anos. Ex-presidente do Uruguai, Mujica foi s\u00edmbolo de resist\u00eancia ao ser guerrilheiro e \u00edcone da esquerda latino-americana. &#8220;Com profunda dor comunicamos que faleceu nosso companheiro Pepe Mujica. Presidente, militante, refer\u00eancia, lideran\u00e7a. [&hellip;]<\/p>\n","protected":false},"author":7,"featured_media":7323,"comment_status":"closed","ping_status":"closed","sticky":false,"template":"","format":"standard","meta":{"jnews-multi-image_gallery":[],"jnews_single_post":{"format":"standard"},"jnews_primary_category":[],"jnews_social_meta":[],"jnews_override_counter":[],"jnews_post_split":[],"footnotes":""},"categories":[1],"tags":[],"class_list":["post-7322","post","type-post","status-publish","format-standard","has-post-thumbnail","hentry","category-geral"],"_referencia":"","_links":{"self":[{"href":"https:\/\/diariodocomercio.com.br\/mix\/wp-json\/wp\/v2\/posts\/7322","targetHints":{"allow":["GET"]}}],"collection":[{"href":"https:\/\/diariodocomercio.com.br\/mix\/wp-json\/wp\/v2\/posts"}],"about":[{"href":"https:\/\/diariodocomercio.com.br\/mix\/wp-json\/wp\/v2\/types\/post"}],"author":[{"embeddable":true,"href":"https:\/\/diariodocomercio.com.br\/mix\/wp-json\/wp\/v2\/users\/7"}],"replies":[{"embeddable":true,"href":"https:\/\/diariodocomercio.com.br\/mix\/wp-json\/wp\/v2\/comments?post=7322"}],"version-history":[{"count":1,"href":"https:\/\/diariodocomercio.com.br\/mix\/wp-json\/wp\/v2\/posts\/7322\/revisions"}],"predecessor-version":[{"id":7324,"href":"https:\/\/diariodocomercio.com.br\/mix\/wp-json\/wp\/v2\/posts\/7322\/revisions\/7324"}],"wp:featuredmedia":[{"embeddable":true,"href":"https:\/\/diariodocomercio.com.br\/mix\/wp-json\/wp\/v2\/media\/7323"}],"wp:attachment":[{"href":"https:\/\/diariodocomercio.com.br\/mix\/wp-json\/wp\/v2\/media?parent=7322"}],"wp:term":[{"taxonomy":"category","embeddable":true,"href":"https:\/\/diariodocomercio.com.br\/mix\/wp-json\/wp\/v2\/categories?post=7322"},{"taxonomy":"post_tag","embeddable":true,"href":"https:\/\/diariodocomercio.com.br\/mix\/wp-json\/wp\/v2\/tags?post=7322"}],"curies":[{"name":"wp","href":"https:\/\/api.w.org\/{rel}","templated":true}]}}