{"id":7332,"date":"2025-05-13T19:42:26","date_gmt":"2025-05-13T22:42:26","guid":{"rendered":"https:\/\/diariodocomercio.com.br\/mix\/?p=7332"},"modified":"2025-05-13T19:42:29","modified_gmt":"2025-05-13T22:42:29","slug":"brasileiros-vao-receber-pix-do-governo-so-por-existirem","status":"publish","type":"post","link":"https:\/\/diariodocomercio.com.br\/mix\/brasileiros-vao-receber-pix-do-governo-so-por-existirem\/","title":{"rendered":"Brasileiros v\u00e3o receber PIX do Governo s\u00f3 por existirem"},"content":{"rendered":"\n<p>O per\u00edodo de envio da declara\u00e7\u00e3o do Imposto de Renda come\u00e7ou no dia 17 de mar\u00e7o e a Receita Federal colocou como prazo final de recebimento dos documentos no dia 30 de maio. Quem j\u00e1 enviou as declara\u00e7\u00f5es, ter\u00e1 mais chances de receber suas restitui\u00e7\u00f5es, conforme a RF vai analisando e liberando os valores que devem retornar ao contribuinte.&nbsp;<\/p>\n\n\n\n<p>Existe uma ordem priorit\u00e1ria para receber a restitui\u00e7\u00e3o, mas a Receita Federal afirma que, quanto mais cedo enviar a declara\u00e7\u00e3o, mais r\u00e1pido os valores retornam ao bolso do contribuinte, como forma de incentivo. Para isso, foi criado um cronograma que revela quando ser\u00e3o distribu\u00eddos os lotes das restitui\u00e7\u00f5es, que foram divididos em cinco partes.&nbsp;<\/p>\n\n\n\n<h2 class=\"wp-block-heading\">Confira abaixo o calend\u00e1rio da restitui\u00e7\u00e3o do Imposto de Renda<\/h2>\n\n\n\n<ul class=\"wp-block-list\">\n<li>Primeiro lote das restitui\u00e7\u00f5es: 30\/05\/2025<\/li>\n\n\n\n<li>Segundo lote das restitui\u00e7\u00f5es: 30\/06\/2025<\/li>\n\n\n\n<li>Terceiro lote das restitui\u00e7\u00f5es: 31\/07\/2025<\/li>\n\n\n\n<li>Quarto lote das restitui\u00e7\u00f5es: 29\/08\/2025<\/li>\n\n\n\n<li>Quinto lote das restitui\u00e7\u00f5es: 30\/09\/2025<\/li>\n<\/ul>\n\n\n\n<h2 class=\"wp-block-heading\">Como saber quando ser\u00e1 a restitui\u00e7\u00e3o do IR<\/h2>\n\n\n\n<p>\u00c9 poss\u00edvel acompanhar o andamento da declara\u00e7\u00e3o pelo <a href=\"https:\/\/www.gov.br\/receitafederal\/pt-br\/assuntos\/meu-imposto-de-renda\" target=\"_blank\" rel=\"noopener\">site da Receita Federal<\/a>, na op\u00e7\u00e3o \u201cMeu Imposto de Renda\u201d e, em seguida, clicar em \u201cConsultar a Restitui\u00e7\u00e3o\u201d. Embora seja poss\u00edvel visualizar o valor a ser restitu\u00eddo, n\u00e3o h\u00e1 como saber, no momento do envio da declara\u00e7\u00e3o, em qual lote o pagamento ser\u00e1 efetuado.<\/p>\n\n\n\n<h2 class=\"wp-block-heading\">Saiba qual \u00e9 a ordem da fila de prioridades para restitui\u00e7\u00e3o\u00a0<\/h2>\n\n\n\n<ul class=\"wp-block-list\">\n<li>Contribuintes com 80 anos ou mais.<\/li>\n\n\n\n<li>Contribuintes com idade entre 60 e 79 anos, contribuintes com defici\u00eancia e contribuintes com mol\u00e9stias graves.<\/li>\n\n\n\n<li>Contribuintes cuja maior fonte de renda seja o magist\u00e9rio.<\/li>\n\n\n\n<li>Contribuintes que utilizaram a declara\u00e7\u00e3o pr\u00e9-preenchida e optaram por receber a restitui\u00e7\u00e3o via Pix (com CPF como chave)<\/li>\n\n\n\n<li>Contribuintes que utilizaram a declara\u00e7\u00e3o pr\u00e9-preenchida ou optaram por receber a restitui\u00e7\u00e3o via Pix.<\/li>\n\n\n\n<li>Demais contribuintes.<\/li>\n<\/ul>\n","protected":false},"excerpt":{"rendered":"<p>O per\u00edodo de envio da declara\u00e7\u00e3o do Imposto de Renda come\u00e7ou no dia 17 de mar\u00e7o e a Receita Federal colocou como prazo final de recebimento dos documentos no dia 30 de maio. Quem j\u00e1 enviou as declara\u00e7\u00f5es, ter\u00e1 mais chances de receber suas restitui\u00e7\u00f5es, conforme a RF vai analisando e liberando os valores que [&hellip;]<\/p>\n","protected":false},"author":7,"featured_media":2341,"comment_status":"closed","ping_status":"closed","sticky":false,"template":"","format":"standard","meta":{"jnews-multi-image_gallery":[],"jnews_single_post":{"format":"standard"},"jnews_primary_category":[],"jnews_social_meta":[],"jnews_override_counter":[],"jnews_post_split":[],"footnotes":""},"categories":[1],"tags":[],"class_list":["post-7332","post","type-post","status-publish","format-standard","has-post-thumbnail","hentry","category-geral"],"_referencia":"","_links":{"self":[{"href":"https:\/\/diariodocomercio.com.br\/mix\/wp-json\/wp\/v2\/posts\/7332","targetHints":{"allow":["GET"]}}],"collection":[{"href":"https:\/\/diariodocomercio.com.br\/mix\/wp-json\/wp\/v2\/posts"}],"about":[{"href":"https:\/\/diariodocomercio.com.br\/mix\/wp-json\/wp\/v2\/types\/post"}],"author":[{"embeddable":true,"href":"https:\/\/diariodocomercio.com.br\/mix\/wp-json\/wp\/v2\/users\/7"}],"replies":[{"embeddable":true,"href":"https:\/\/diariodocomercio.com.br\/mix\/wp-json\/wp\/v2\/comments?post=7332"}],"version-history":[{"count":1,"href":"https:\/\/diariodocomercio.com.br\/mix\/wp-json\/wp\/v2\/posts\/7332\/revisions"}],"predecessor-version":[{"id":7334,"href":"https:\/\/diariodocomercio.com.br\/mix\/wp-json\/wp\/v2\/posts\/7332\/revisions\/7334"}],"wp:featuredmedia":[{"embeddable":true,"href":"https:\/\/diariodocomercio.com.br\/mix\/wp-json\/wp\/v2\/media\/2341"}],"wp:attachment":[{"href":"https:\/\/diariodocomercio.com.br\/mix\/wp-json\/wp\/v2\/media?parent=7332"}],"wp:term":[{"taxonomy":"category","embeddable":true,"href":"https:\/\/diariodocomercio.com.br\/mix\/wp-json\/wp\/v2\/categories?post=7332"},{"taxonomy":"post_tag","embeddable":true,"href":"https:\/\/diariodocomercio.com.br\/mix\/wp-json\/wp\/v2\/tags?post=7332"}],"curies":[{"name":"wp","href":"https:\/\/api.w.org\/{rel}","templated":true}]}}